{"id":152595,"date":"2025-12-15T18:43:17","date_gmt":"2025-12-15T18:43:17","guid":{"rendered":"https:\/\/www.europesays.com\/pl\/152595\/"},"modified":"2025-12-15T18:43:17","modified_gmt":"2025-12-15T18:43:17","slug":"poruszajace-slowa-nowak-ibisz-na-pogrzebie-maciag-dzieli-nas-tylko-czas-kobieta-onet","status":"publish","type":"post","link":"https:\/\/www.europesays.com\/pl\/152595\/","title":{"rendered":"Poruszaj\u0105ce s\u0142owa Nowak-Ibisz na pogrzebie Maci\u0105g. &quot;Dzieli nas tylko czas&quot; &#8211; Kobieta Onet"},"content":{"rendered":"<ol>\n<li><a href=\"https:\/\/news.google.com\/rss\/articles\/CBMiuwFBVV95cUxOc1JlZHprMUxpOUJRdG1takRpX1V1TlNEaV93d2h1VTA0U3ZIX1dYLVJPY09NUGRCLUVOaFZGYXBiSWdtQ2Uwd19QOHRWX0R0d0lha3JYZlg3eXdmeEhCd3dxSFFZN0pBN0dyRXd5RTlqTXJXOUZqck9ydzlFYUttNGdraG12VjA4OWhqVFEzX3ZuT285LUh0cUpsUlZLRWlvZUhzNE5zVlp2MllZamZFQmRBVHQ1bnJnc2hB?oc=5\" target=\"_blank\" rel=\"nofollow noopener\">Poruszaj\u0105ce s\u0142owa Nowak-Ibisz na pogrzebie Maci\u0105g. &#8222;Dzieli nas tylko czas&#8221;<\/a>&nbsp;&nbsp;Kobieta Onet<\/li>\n<li><a href=\"https:\/\/news.google.com\/rss\/articles\/CBMixwFBVV95cUxPbjJmY1laZ3ZsLV9MMFdJRXRBLU83Y2t2bVVQQzZ2ZkQ5X0Z0Y25LRkFyY0hfcmRZeXZ2eThwRmlXeWFTbG9tWEI5S1RPVGMwbDNiaUNqNXREYm0tRnRqUTJKalI0UFlQUnNEZF83WWVsUURVZU80d04tcnNOUzZhMUdmUC1iR0gtajZ1YTlFazlla040NjV5a0M2Vjg4WXNKV0ZOcnhOQVZKNHdVZXRDSkJuVTY1TlNLM3VKbzI1UkRmMmhudWlv?oc=5\" target=\"_blank\" rel=\"nofollow noopener\">Wrzesi\u0144ska by\u0142a te\u015bciow\u0105 Maci\u0105g. 87-latka przysz\u0142a na pogrzeb<\/a>&nbsp;&nbsp;Onet<\/li>\n<li><a href=\"https:\/\/news.google.com\/rss\/articles\/CBMirgFBVV95cUxQTjJyemoyZWJuWDJRNUxmMGV2eWdWTG83dUtZd1g1Szk2dy1vb2NYd2ZKZVJUVVVwMzhFVTBPZmYzLTQzVUc0TXBjZEpqS1A5dzBNREx2X0dpZzRDTTdIWlIxS21nbm5LbFR0Sk4yWW0xUXAzWnppZW5JQVIyUTIteFM3WGlTck02VUFhelo5eDYtdUN6WU1jZ2lUZTFQeFJnWmNwN1FjM1dGR241RUE?oc=5\" target=\"_blank\" rel=\"nofollow noopener\">Niespodziewany zwrot na pogrzebie Maci\u0105g. Nowak-Ibisz nagle zwr\u00f3ci\u0142a si\u0119 do jej m\u0119\u017ca. Co za s\u0142owa<\/a>&nbsp;&nbsp;Pomponik.pl<\/li>\n<li><a href=\"https:\/\/news.google.com\/rss\/articles\/CBMiowFBVV95cUxNeU5jdldNTFJyNnZxU1MzNjhDQnFnT0JpSkp4Q0ZRMmUweTVIbG43cFNQaVcyR2JpSTJYQV9TYzBIMXNuZDl5SlV5bzJ4NGZJUHp2cE5VMzVNY2VNbjVUQ2FpcGJCb21RcjZSUjk2V0NCYmtZNGNSYThRU0x4bHBBeU1QYVByZ09Cc1NlaXBib3NFaFJDbTRxeFNqMm9pcDRCaHVJ?oc=5\" target=\"_blank\" rel=\"nofollow noopener\">Pogrzeb Agnieszki Maci\u0105g. Znani \u017cegnaj\u0105 modelk\u0119<\/a>&nbsp;&nbsp;Gazeta<\/li>\n<li><a href=\"https:\/\/news.google.com\/rss\/articles\/CBMi8AFBVV95cUxNcUxMUkgzZ0pOT1R6YzBiLUxNYk1xTXh1bGk4Ulk1Z2hpeXNhTDZXcnJINmhQUzk1bVlPdkt2dnpGLWZfZFYzczJXMmhDVHRrQnZoTnZKamdzSXR0OUZiZ2RoeldsX0VmNm5LUmx5bWpVRWt2dWo5UFNXUDFnVFIteGxwWnNXZ0RqaFJ2eURTdW5LTngxTGN2N0JXNHM0YVBfMzdWd0k4ZEpEQmU5emh4TVdxeFJCUG5fTzVGTjJfME9HMTh5c09WNkNxclphZUl4MmdfaGlvdVB1cGthVnYxTzFvME90M01FZ21FejhCLU4?oc=5\" target=\"_blank\" rel=\"nofollow noopener\">Tak po\u017cegnano Agnieszk\u0119 Maci\u0105g. Ceremonia mia\u0142a charakter \u015bwiecki<\/a>&nbsp;&nbsp;Pudelek<\/li>\n<\/ol>\n","protected":false},"excerpt":{"rendered":"Poruszaj\u0105ce s\u0142owa Nowak-Ibisz na pogrzebie Maci\u0105g. &#8222;Dzieli nas tylko czas&#8221;&nbsp;&nbsp;Kobieta Onet Wrzesi\u0144ska by\u0142a te\u015bciow\u0105 Maci\u0105g. 87-latka przysz\u0142a na&hellip;\n","protected":false},"author":2,"featured_media":152596,"comment_status":"","ping_status":"","sticky":false,"template":"","format":"standard","meta":{"footnotes":""},"categories":[22],"tags":[26145,12060,122,48,46,42,393,38,40,39,41,123,47,26],"class_list":{"0":"post-152595","1":"post","2":"type-post","3":"status-publish","4":"format-standard","5":"has-post-thumbnail","7":"category-rozrywka","8":"tag-agnieszka_maciag","9":"tag-anna_nowak_ibisz","10":"tag-entertainment","11":"tag-nat_styl","12":"tag-omp","13":"tag-pl","14":"tag-pogrzeb","15":"tag-poland","16":"tag-polish","17":"tag-polska","18":"tag-polski","19":"tag-rozrywka","20":"tag-screening_general","21":"tag-wiadomosci"},"share_on_mastodon":{"url":"https:\/\/pubeurope.com\/@pl\/115725062070702643","error":""},"_links":{"self":[{"href":"https:\/\/www.europesays.com\/pl\/wp-json\/wp\/v2\/posts\/152595","targetHints":{"allow":["GET"]}}],"collection":[{"href":"https:\/\/www.europesays.com\/pl\/wp-json\/wp\/v2\/posts"}],"about":[{"href":"https:\/\/www.europesays.com\/pl\/wp-json\/wp\/v2\/types\/post"}],"author":[{"embeddable":true,"href":"https:\/\/www.europesays.com\/pl\/wp-json\/wp\/v2\/users\/2"}],"replies":[{"embeddable":true,"href":"https:\/\/www.europesays.com\/pl\/wp-json\/wp\/v2\/comments?post=152595"}],"version-history":[{"count":0,"href":"https:\/\/www.europesays.com\/pl\/wp-json\/wp\/v2\/posts\/152595\/revisions"}],"wp:featuredmedia":[{"embeddable":true,"href":"https:\/\/www.europesays.com\/pl\/wp-json\/wp\/v2\/media\/152596"}],"wp:attachment":[{"href":"https:\/\/www.europesays.com\/pl\/wp-json\/wp\/v2\/media?parent=152595"}],"wp:term":[{"taxonomy":"category","embeddable":true,"href":"https:\/\/www.europesays.com\/pl\/wp-json\/wp\/v2\/categories?post=152595"},{"taxonomy":"post_tag","embeddable":true,"href":"https:\/\/www.europesays.com\/pl\/wp-json\/wp\/v2\/tags?post=152595"}],"curies":[{"name":"wp","href":"https:\/\/api.w.org\/{rel}","templated":true}]}}