{"id":152597,"date":"2025-12-15T18:44:10","date_gmt":"2025-12-15T18:44:10","guid":{"rendered":"https:\/\/www.europesays.com\/pl\/152597\/"},"modified":"2025-12-15T18:44:10","modified_gmt":"2025-12-15T18:44:10","slug":"ubisoft-ma-sie-zle-nic-podobnego","status":"publish","type":"post","link":"https:\/\/www.europesays.com\/pl\/152597\/","title":{"rendered":"Ubisoft ma si\u0119 \u017ale? Nic podobnego"},"content":{"rendered":"<p>Francuski gigant Ubisoft og\u0142osi\u0142 przej\u0119cie zespo\u0142u Amazon Games z Montrealu, co wi\u0105\u017ce si\u0119 z niezwykle wa\u017cnym powrotem dla firmy.<\/p>\n<p>Wraz z t\u0105 transakcj\u0105 do Ubisoftu wracaj\u0105 weterani bran\u017cy: Xavier Marquis, czyli pierwszy dyrektor kreatywny hitu Rainbow Six Siege, a tak\u017ce Alexandre Parizeau, kt\u00f3ry dawniej zarz\u0105dza\u0142 studiem Ubisoft w Toronto. Obaj panowie opu\u015bcili francusk\u0105 korporacj\u0119 sze\u015b\u0107 lat temu, by rozwija\u0107 nowe projekty pod skrzyd\u0142ami Amazonu, a teraz historia zatacza ko\u0142o.<\/p>\n<p>    Dalsza cz\u0119\u015b\u0107 tekstu pod wideo<\/p>\n<p>G\u0142\u00f3wnym przedmiotem przej\u0119cia jest nie tylko zesp\u00f3\u0142 ludzi, ale tak\u017ce prawa do nowej gry typu MOBA o nazwie March of Giants. Produkcja ta by\u0142a ju\u017c testowana przez graczy na komputerach PC w ramach zamkni\u0119tych test\u00f3w alfa. Cho\u0107 kwota transakcji nie zosta\u0142a ujawniona, wiadomo, \u017ce Amazon nie znika ca\u0142kowicie z obrazka. W ramach umowy firma obieca\u0142a wspiera\u0107 promocj\u0119 gry na swojej platformie streamingowej Twitch, co ma zapewni\u0107 tytu\u0142owi dobry start i widoczno\u015b\u0107 w\u015br\u00f3d graczy.<\/p>\n<p>        <img loading=\"lazy\" decoding=\"async\" src=\"https:\/\/www.europesays.com\/pl\/wp-content\/uploads\/2025\/12\/1765725429_156_B32963402.414688363;dc_trk_aid=607216972;dc_trk_cid=228291445;ord=[timestamp];dc_lat=;dc_rdid=;tag_f.gif\" attributionsrc=\"\" border=\"0\" height=\"1\" width=\"1\" alt=\"Advertisement\"\/><\/p>\n<p>Prezes Ubisoftu, Yves Guillemot, z entuzjazmem powita\u0142 dawnych pracownik\u00f3w, podkre\u015blaj\u0105c ich ogromne do\u015bwiadczenie w tworzeniu gier nastawionych na rywalizacj\u0119 sieciow\u0105. Zesp\u00f3\u0142 odpowiedzialny za March of Giants zostanie w\u0142\u0105czony do nowej struktury organizacyjnej Ubisoftu, nazywanej &#8222;domem kreatywnym&#8221;. Sam Xavier Marquis przyzna\u0142, \u017ce powr\u00f3t do firmy, w kt\u00f3rej stworzy\u0142 swoje najwa\u017cniejsze dzie\u0142a, jest dla niego czym\u015b naturalnym i wierzy, \u017ce pod szyldem Ubisoftu jego nowa gra wzniesie si\u0119 na wy\u017cszy poziom.<\/p>\n<p>Decyzja o sprzeda\u017cy studia przez Amazon nast\u0105pi\u0142a kr\u00f3tko po tym, jak korporacja og\u0142osi\u0142a spore ci\u0119cia w swoim dziale gier wideo, rezygnuj\u0105c z niekt\u00f3rych projekt\u00f3w. Mimo to przedstawiciele Amazonu zapewniaj\u0105, \u017ce s\u0105 dumni z tego, co uda\u0142o si\u0119 zbudowa\u0107 w Montrealu. Z kolei Alexandre Parizeau podzi\u0119kowa\u0142 by\u0142emu pracodawcy za wsparcie na pocz\u0105tku drogi i wyrazi\u0142 nadziej\u0119, \u017ce teraz, dzi\u0119ki zasobom Ubisoftu, uda im si\u0119 przekszta\u0142ci\u0107 March of Giants w jeden z wiod\u0105cych tytu\u0142\u00f3w gatunku MOBA na rynku.<\/p>\n","protected":false},"excerpt":{"rendered":"Francuski gigant Ubisoft og\u0142osi\u0142 przej\u0119cie zespo\u0142u Amazon Games z Montrealu, co wi\u0105\u017ce si\u0119 z niezwykle wa\u017cnym powrotem dla&hellip;\n","protected":false},"author":2,"featured_media":152598,"comment_status":"","ping_status":"","sticky":false,"template":"","format":"standard","meta":{"footnotes":""},"categories":[20],"tags":[120,118,119,42,38,40,39,41,116,114,115,121,117],"class_list":{"0":"post-152597","1":"post","2":"type-post","3":"status-publish","4":"format-standard","5":"has-post-thumbnail","7":"category-nauka-i-technika","8":"tag-nauka","9":"tag-nauka-i-technika","10":"tag-naukatechnika","11":"tag-pl","12":"tag-poland","13":"tag-polish","14":"tag-polska","15":"tag-polski","16":"tag-science","17":"tag-science-and-technology","18":"tag-sciencetechnology","19":"tag-technika","20":"tag-technology"},"share_on_mastodon":{"url":"https:\/\/pubeurope.com\/@pl\/115725066126676962","error":""},"_links":{"self":[{"href":"https:\/\/www.europesays.com\/pl\/wp-json\/wp\/v2\/posts\/152597","targetHints":{"allow":["GET"]}}],"collection":[{"href":"https:\/\/www.europesays.com\/pl\/wp-json\/wp\/v2\/posts"}],"about":[{"href":"https:\/\/www.europesays.com\/pl\/wp-json\/wp\/v2\/types\/post"}],"author":[{"embeddable":true,"href":"https:\/\/www.europesays.com\/pl\/wp-json\/wp\/v2\/users\/2"}],"replies":[{"embeddable":true,"href":"https:\/\/www.europesays.com\/pl\/wp-json\/wp\/v2\/comments?post=152597"}],"version-history":[{"count":0,"href":"https:\/\/www.europesays.com\/pl\/wp-json\/wp\/v2\/posts\/152597\/revisions"}],"wp:featuredmedia":[{"embeddable":true,"href":"https:\/\/www.europesays.com\/pl\/wp-json\/wp\/v2\/media\/152598"}],"wp:attachment":[{"href":"https:\/\/www.europesays.com\/pl\/wp-json\/wp\/v2\/media?parent=152597"}],"wp:term":[{"taxonomy":"category","embeddable":true,"href":"https:\/\/www.europesays.com\/pl\/wp-json\/wp\/v2\/categories?post=152597"},{"taxonomy":"post_tag","embeddable":true,"href":"https:\/\/www.europesays.com\/pl\/wp-json\/wp\/v2\/tags?post=152597"}],"curies":[{"name":"wp","href":"https:\/\/api.w.org\/{rel}","templated":true}]}}