{"id":152614,"date":"2025-12-15T18:53:15","date_gmt":"2025-12-15T18:53:15","guid":{"rendered":"https:\/\/www.europesays.com\/pl\/152614\/"},"modified":"2025-12-15T18:53:15","modified_gmt":"2025-12-15T18:53:15","slug":"wybory-prezydenckie-w-chile-kandydat-skrajnej-prawicy-triumfuje-onet","status":"publish","type":"post","link":"https:\/\/www.europesays.com\/pl\/152614\/","title":{"rendered":"Wybory prezydenckie w Chile. Kandydat skrajnej prawicy triumfuje &#8211; Onet"},"content":{"rendered":"<ol>\n<li><a href=\"https:\/\/news.google.com\/rss\/articles\/CBMixAFBVV95cUxOeTdhZVlRZTNsLWJJSzI5TU8wVUlqdVZTbnpsWVI1RHljdlBSdUwxblY2Z0pwOW9LOUVSTWN1YnJWY1VtOXEwRF9FaEljYTZ4SW1KY25ZZ1dfd01jMzZkWk9uY3JCa1EwRFgwMml2YzNkUlFIcG1KOVBIZ09KcUVjWnQtcXNJY2I1SnVaQjNlandXSG1OZDJfbHZNMGVkMXRQWjZ5cHpvamhCMG1PRWtSVHhuMjVMYVJ2VmJtWlNKU2VXVXFh?oc=5\" target=\"_blank\" rel=\"nofollow noopener\">Wybory prezydenckie w Chile. Kandydat skrajnej prawicy triumfuje<\/a>&nbsp;&nbsp;Onet<\/li>\n<li><a href=\"https:\/\/news.google.com\/rss\/articles\/CBMipwFBVV95cUxQWmVMLTVsZkpSdU1lS1ZJZm5jcWdTZm5lMlhZbUhtNVBFYmpPcmtzcFlUUmltT2RPOXhIRmhOc0tmbzg0b2VfbXNfUUh2dmFGZHhVSk9sMHB5TGZUM25WT0U3dFF3aUFVZE1zclVSREFvQTNsNmJWNEE1V1JOb29nVFE3Uk9CRVp0ck53MmtpYVM1YlQwNDZSTkVncWFoMXRoV3hncWFxZw?oc=5\" target=\"_blank\" rel=\"nofollow noopener\">Do trzech razy sztuka. Nowym prezydentem Chile zosta\u0142 zwolennik wojskowej dyktatury<\/a>&nbsp;&nbsp;Wyborcza.pl<\/li>\n<li><a href=\"https:\/\/news.google.com\/rss\/articles\/CBMivAFBVV95cUxNZXNUald6bGxQc0s4bk8xczBtX2xpTjVCcEM0LTZidlliY05abmpOZ2hNYzFCZWpUOWxHci0ybE9tXzk4NVZyVGpXci1hbkp6NzR0ckZMbDhpSUMzdnBHVWFHZFlDNzRuRzR4cHE1NjVHekZvRGVFX0dxVXF5SWVpMFN5QjJYMndYQW9veDhjZjQzdmJlSXNjZy1yYjE5RkhQOEt4ay1CSnRLanNJU1Q4QmpsTy15VWozYW1OMw?oc=5\" target=\"_blank\" rel=\"nofollow noopener\">Nowy prezydent Chile to syn oficera Trzeciej Rzeszy. Rodzina uciek\u0142a po wojnie 'szczurzym szlakiem&#8217;<\/a>&nbsp;&nbsp;Gazeta<\/li>\n<li><a href=\"https:\/\/news.google.com\/rss\/articles\/CBMiywFBVV95cUxOMHA3azl2N1YzOENvTjJ2QTJpSjhKVFZGM1JxRl9PYUtoWVgzb19iRC1oYmlRa0ZYWXdTNnFjMHlkSzJucXR0bFZHMzl4cEo0Q21zSEl5VTlsR3cwWmQxQzNRVHd1WjVfb2twdVBDUGJwUjVjYUlwMlRkSF9NWjNjWEg2YXdEYWdEODBOOURXV0pVZ2w4NmQxUlQtWWpkWUZocjJJVVJBMnU1bExQLTVXX3FZYzJEaHNTTUtCN1pOQ2hlTDJpdFBQcDNocw?oc=5\" target=\"_blank\" rel=\"nofollow noopener\">Jak Donald Trump uwalnia Ameryk\u0119 \u0141aci\u0144sk\u0105 od wp\u0142yw\u00f3w Chin<\/a>&nbsp;&nbsp;Rzeczpospolita<\/li>\n<li><a href=\"https:\/\/news.google.com\/rss\/articles\/CBMiwwFBVV95cUxOX2JIRGJqb0FDdGZqWjVtZ3hseUdGbkR2M3RYRUZLN1c4UlVTbGxpYTN4UU4tUGt5UGxWbTQ1eVVIbEFmcWJzNUhKSUNxeERpMHotWVktVkJZbGJ3bUVjRExIaTlzMjNUV2ItajlnVjE0MmVYMm5ONmRMX1pGbWFxTkdmbTRXM2dMUGxEamRoOVkza0ZZYjhZbzI1VWVhN3I0dF9HX0pkM0RWcTFYYnBNYUVKWXQxUWJMbkU3TlFtMlcwdmM?oc=5\" target=\"_blank\" rel=\"nofollow noopener\">Skrajna prawica wygrywa wybory prezydenckie w Chile. Dominowa\u0142y dwa tematy<\/a>&nbsp;&nbsp;Business Insider Polska<\/li>\n<\/ol>\n","protected":false},"excerpt":{"rendered":"Wybory prezydenckie w Chile. Kandydat skrajnej prawicy triumfuje&nbsp;&nbsp;Onet Do trzech razy sztuka. Nowym prezydentem Chile zosta\u0142 zwolennik wojskowej&hellip;\n","protected":false},"author":2,"featured_media":152615,"comment_status":"","ping_status":"","sticky":false,"template":"","format":"standard","meta":{"footnotes":""},"categories":[14],"tags":[30652,32,33,30651,27,67,34,35,12940,28,31,53,25,52,68,51,55,40,41,47,59,80,29,30,65,50,26,82,83,84,17125],"class_list":{"0":"post-152614","1":"post","2":"type-post","3":"status-publish","4":"format-standard","5":"has-post-thumbnail","7":"category-swiat","8":"tag-augusto_pinochet_chilijski_dyktator","9":"tag-breaking-news","10":"tag-breakingnews","11":"tag-chile_kraj","12":"tag-headlines","13":"tag-intextvideo_splayer","14":"tag-latest-news","15":"tag-latestnews","16":"tag-marco_rubio_amerykanski_polityk","17":"tag-naglowki","18":"tag-najwazniejsze-artykuly","19":"tag-new_header","20":"tag-news","21":"tag-onet3","22":"tag-onet3d","23":"tag-onet3d_2i","24":"tag-phx","25":"tag-polish","26":"tag-polski","27":"tag-screening_general","28":"tag-stany_zjednoczone_usa","29":"tag-swiat","30":"tag-top-stories","31":"tag-topstories","32":"tag-update_me","33":"tag-v2021","34":"tag-wiadomosci","35":"tag-world","36":"tag-world-news","37":"tag-worldnews","38":"tag-wybory_prezydenckie"},"share_on_mastodon":{"url":"","error":"Validation failed: Text character limit of 500 exceeded"},"_links":{"self":[{"href":"https:\/\/www.europesays.com\/pl\/wp-json\/wp\/v2\/posts\/152614","targetHints":{"allow":["GET"]}}],"collection":[{"href":"https:\/\/www.europesays.com\/pl\/wp-json\/wp\/v2\/posts"}],"about":[{"href":"https:\/\/www.europesays.com\/pl\/wp-json\/wp\/v2\/types\/post"}],"author":[{"embeddable":true,"href":"https:\/\/www.europesays.com\/pl\/wp-json\/wp\/v2\/users\/2"}],"replies":[{"embeddable":true,"href":"https:\/\/www.europesays.com\/pl\/wp-json\/wp\/v2\/comments?post=152614"}],"version-history":[{"count":0,"href":"https:\/\/www.europesays.com\/pl\/wp-json\/wp\/v2\/posts\/152614\/revisions"}],"wp:featuredmedia":[{"embeddable":true,"href":"https:\/\/www.europesays.com\/pl\/wp-json\/wp\/v2\/media\/152615"}],"wp:attachment":[{"href":"https:\/\/www.europesays.com\/pl\/wp-json\/wp\/v2\/media?parent=152614"}],"wp:term":[{"taxonomy":"category","embeddable":true,"href":"https:\/\/www.europesays.com\/pl\/wp-json\/wp\/v2\/categories?post=152614"},{"taxonomy":"post_tag","embeddable":true,"href":"https:\/\/www.europesays.com\/pl\/wp-json\/wp\/v2\/tags?post=152614"}],"curies":[{"name":"wp","href":"https:\/\/api.w.org\/{rel}","templated":true}]}}