{"id":152618,"date":"2025-12-15T18:55:12","date_gmt":"2025-12-15T18:55:12","guid":{"rendered":"https:\/\/www.europesays.com\/pl\/152618\/"},"modified":"2025-12-15T18:55:12","modified_gmt":"2025-12-15T18:55:12","slug":"brak-chanuki-w-palacu-prezydenckim-jest-reakcja-nowego-ambasadora-usa-onet","status":"publish","type":"post","link":"https:\/\/www.europesays.com\/pl\/152618\/","title":{"rendered":"Brak Chanuki w Pa\u0142acu Prezydenckim. Jest reakcja nowego ambasadora USA &#8211; Onet"},"content":{"rendered":"<ol>\n<li><a href=\"https:\/\/news.google.com\/rss\/articles\/CBMizAFBVV95cUxNdE1MSzZPZFVtWGdQcGlaNHhjRU1DM052encxaTdxQTVBUGFWX1FSZjR4cXdfZkJ2cmtKdlpJc3QtYVpHcnpBYzJIVlozckhuZC14eGxLcTUySkItcjVycml5azJsQUZkNkxxX1ZDWmM3QlNTWmNDYWlhb1lpcDhTNWtSeTRneUtWdVJrWU1fM3lzdWhfWENVM3JPNTJyQjZKbVEydTBsbUJRc3RWSHdzTU1HWVhJZjJoZGlTWDRVVFpsN2w0dU81QVR6RkI?oc=5\" target=\"_blank\" rel=\"nofollow noopener\">Brak Chanuki w Pa\u0142acu Prezydenckim. Jest reakcja nowego ambasadora USA<\/a>&nbsp;&nbsp;Onet<\/li>\n<li><a href=\"https:\/\/news.google.com\/rss\/articles\/CBMiqAFBVV95cUxPbEptOXg5OXhvWkxGd2VvVXpFNGp3LWhYV2h3eUt3Q1k5OHM3d2V5cVNuanZERGNjU3FycFgtTGJEc2xhQzZ3eEZWQlJ1UEYyQXdSYVp6T0o4OUpQb0tPdTZ4Z2pxaWRjTGprRHZ3TTZ5dkFISlA5ekxidmdvel9YbUhHR3Mxdk1ublVaRHIzOS1qb1AtLWtwOFlmcWF2bERNdXdaOXRwTHI?oc=5\" target=\"_blank\" rel=\"nofollow noopener\">Dyblik skomentowa\u0142 decyzj\u0119 Nawrockiego. Wystarczy\u0142o kr\u00f3tkie zdanie<\/a>&nbsp;&nbsp;WP Kobieta<\/li>\n<li><a href=\"https:\/\/news.google.com\/rss\/articles\/CBMiqwFBVV95cUxQR25acVlqeDBWUVR2OFdtelRWWnBsSUJXU1JURHR4TkxUZUFrbTR3T0pPdXJHSXVWU01NOG0wdklLNlhZVHRhQklxdFM2Y3k1RGNoYmdOZk1EckRDcnd1X3ZPTGxFXzQ5dnV0Wnh4MW5uVWpEWFRpMFgtREpNYUVoVHo5OHVTUk5zMTljclFPVmNQVzRpMFN4cklKNUVxLUJXWEFRZ1VGM0lMNzQ?oc=5\" target=\"_blank\" rel=\"nofollow noopener\">Chanuka w Pa\u0142acu Prezydenckim? Oto decyzja Karola Nawrockiego<\/a>&nbsp;&nbsp;RMF24<\/li>\n<li><a href=\"https:\/\/news.google.com\/rss\/articles\/CBMiugFBVV95cUxQMHZQckVaRnFjYUFMeTNxNk9XbGJOMGZWYk8wZExvRFZtZGlfakZoOG1iSkJvZVJjR3N5ZHNKUl9fM01sSjJDcEpJSVF0a3pBX2F6bTB1bEY3UGRRZ3h4TzhsWVV5bEJUajliTTk4WXZVNjZJSkJ4RGw5RUlMTGR0NG9Vajd4Z08wUWd2ajR6cFZNM0JCblVyUnVCZEhWMEtLaF9uVVpFWXhyajVEel9GY1NYTVQ5QlVfQUE?oc=5\" target=\"_blank\" rel=\"nofollow noopener\">\u201eRzeczpospolita\u201d: Karol Nawrocki zrywa z tradycj\u0105 Chanuki w Pa\u0142acu Prezydenckim<\/a>&nbsp;&nbsp;OKO.press<\/li>\n<li><a href=\"https:\/\/news.google.com\/rss\/articles\/CBMivwFBVV95cUxOQmdqX2s0WVl4UnZNZ3UtUFMxVm5GbzUwOHBwaG53RHg0LVg0aGRTM251S21WWkJvMjFidzRvMkZCdm9NOWFvenVGbWpWc3FRTm93NEVXdnllS0U4U3UwejFPTTNiSm91Qk1GUjVLZGE3bU5KekpwQVViNUxiazVyRzVyU0RTcVZPZnA1ZlBUNHl5R0hab2g2TE9OejU5NUsyZXR3V0FQbTJOUWVnU0NpVVM5a1lQeXFPZzFNWk93Yw?oc=5\" target=\"_blank\" rel=\"nofollow noopener\">Ambasador USA reaguje na decyzj\u0119 Nawrockiego ws. Chanuki. &#8222;Zapytam&#8221;<\/a>&nbsp;&nbsp;Gazeta<\/li>\n<\/ol>\n","protected":false},"excerpt":{"rendered":"Brak Chanuki w Pa\u0142acu Prezydenckim. Jest reakcja nowego ambasadora USA&nbsp;&nbsp;Onet Dyblik skomentowa\u0142 decyzj\u0119 Nawrockiego. Wystarczy\u0142o kr\u00f3tkie zdanie&nbsp;&nbsp;WP Kobieta&hellip;\n","protected":false},"author":2,"featured_media":152619,"comment_status":"","ping_status":"","sticky":false,"template":"","format":"standard","meta":{"footnotes":""},"categories":[5],"tags":[32,33,29805,36,37,27,67,240,34,35,28,31,53,25,52,68,51,55,42,38,40,39,41,47,11312,29,30,50,26],"class_list":{"0":"post-152618","1":"post","2":"type-post","3":"status-publish","4":"format-standard","5":"has-post-thumbnail","7":"category-naglowki","8":"tag-breaking-news","9":"tag-breakingnews","10":"tag-chanuka_swieto","11":"tag-featured-news","12":"tag-featurednews","13":"tag-headlines","14":"tag-intextvideo_splayer","15":"tag-karol_nawrocki_prezydent","16":"tag-latest-news","17":"tag-latestnews","18":"tag-naglowki","19":"tag-najwazniejsze-artykuly","20":"tag-new_header","21":"tag-news","22":"tag-onet3","23":"tag-onet3d","24":"tag-onet3d_2i","25":"tag-phx","26":"tag-pl","27":"tag-poland","28":"tag-polish","29":"tag-polska","30":"tag-polski","31":"tag-screening_general","32":"tag-thomas_rose_dyplomata","33":"tag-top-stories","34":"tag-topstories","35":"tag-v2021","36":"tag-wiadomosci"},"share_on_mastodon":{"url":"https:\/\/pubeurope.com\/@pl\/115725109008411418","error":""},"_links":{"self":[{"href":"https:\/\/www.europesays.com\/pl\/wp-json\/wp\/v2\/posts\/152618","targetHints":{"allow":["GET"]}}],"collection":[{"href":"https:\/\/www.europesays.com\/pl\/wp-json\/wp\/v2\/posts"}],"about":[{"href":"https:\/\/www.europesays.com\/pl\/wp-json\/wp\/v2\/types\/post"}],"author":[{"embeddable":true,"href":"https:\/\/www.europesays.com\/pl\/wp-json\/wp\/v2\/users\/2"}],"replies":[{"embeddable":true,"href":"https:\/\/www.europesays.com\/pl\/wp-json\/wp\/v2\/comments?post=152618"}],"version-history":[{"count":0,"href":"https:\/\/www.europesays.com\/pl\/wp-json\/wp\/v2\/posts\/152618\/revisions"}],"wp:featuredmedia":[{"embeddable":true,"href":"https:\/\/www.europesays.com\/pl\/wp-json\/wp\/v2\/media\/152619"}],"wp:attachment":[{"href":"https:\/\/www.europesays.com\/pl\/wp-json\/wp\/v2\/media?parent=152618"}],"wp:term":[{"taxonomy":"category","embeddable":true,"href":"https:\/\/www.europesays.com\/pl\/wp-json\/wp\/v2\/categories?post=152618"},{"taxonomy":"post_tag","embeddable":true,"href":"https:\/\/www.europesays.com\/pl\/wp-json\/wp\/v2\/tags?post=152618"}],"curies":[{"name":"wp","href":"https:\/\/api.w.org\/{rel}","templated":true}]}}