{"id":152637,"date":"2025-12-15T19:05:13","date_gmt":"2025-12-15T19:05:13","guid":{"rendered":"https:\/\/www.europesays.com\/pl\/152637\/"},"modified":"2025-12-15T19:05:13","modified_gmt":"2025-12-15T19:05:13","slug":"realme-16-pro-na-oficjalnej-grafice-to-czyste-piekno","status":"publish","type":"post","link":"https:\/\/www.europesays.com\/pl\/152637\/","title":{"rendered":"realme 16 Pro(+) na oficjalnej grafice. To czyste pi\u0119kno"},"content":{"rendered":"<p class=\"lead\">Nied\u0142ugo przed oficjaln\u0105 premier\u0105 w sieci pojawi\u0142y si\u0119 grafiki przedstawiaj\u0105ce realme 16 Pro i Pro+. Moim zdaniem s\u0105 przepi\u0119kne, a specyfikacja tylko podkr\u0119ca m\u00f3j apetyt.<\/p>\n<p>Nie tak dawno pisa\u0142em o tym, \u017ce realme 16 Pro b\u0119dzie mia\u0142 tak\u0105<a href=\"https:\/\/www.gsmmaniak.pl\/1620451\/realme-16-pro-bedzie-w-polsce-taki-sam-co-w-chinach\/\" rel=\"nofollow noopener\" target=\"_blank\"> sam\u0105 specyfikacj\u0119 w Polsce i w Chinach<\/a>. Telefony zadebiutuj\u0105 na pocz\u0105tku stycznia, a debiut teoretycznie powinien wypa\u015b\u0107 w Polsce w pierwszej po\u0142owie stycznia. Dzisiaj wracam z jeszcze lepszymi informacji \u2013 to naprawd\u0119 \u0142adne telefony.<\/p>\n<p>realme 16 Pro i Pro+ s\u0105 po prostu przepi\u0119kne<\/p>\n<p>Je\u017celi widzia\u0142e\u015b tegoroczne OnePlusy, to dok\u0142adnie wiesz, czego spodziewa\u0107 si\u0119 po designie realme 16 Pro. Wyspa aparat\u00f3w jest bardzo podobna i zajmuje niemal dok\u0142adnie po\u0142ow\u0119 szeroko\u015bci tylnego panelu. Kolejna istotna informacja to ekrany \u2013 s\u0105 otoczone cienkimi ramkami, maj\u0105 rozdzielczo\u015b\u0107 1.5K i s\u0105 od\u015bwie\u017cane w a\u017c 144 Hz.<\/p>\n<p><a href=\"https:\/\/www.gsmmaniak.pl\/wp-content\/uploads\/gsmmaniak\/2025\/12\/Zrzut-ekranu-2025-12-14-165653.jpg\" rel=\"lightbox-post4 nofollow noopener\" title=\"Galeria dla Zrzut ekranu 2025-12-14 165653\" target=\"_blank\"><img loading=\"lazy\" decoding=\"async\" aria-describedby=\"caption-attachment-1621162\" class=\"size-medium wp-image-1621162\" src=\"https:\/\/www.europesays.com\/pl\/wp-content\/uploads\/2025\/12\/Zrzut-ekranu-2025-12-14-165653-medium.jpg\" alt=\"realme 16 Pro\" width=\"500\" height=\"507\"   itemprop=\"image\" \/><\/a><\/p>\n<p id=\"caption-attachment-1621162\" class=\"wp-caption-text\">realme 16 Pro \/ fot. producenta via Gadgetsdata<\/p>\n<p>Je\u017celi chodzi o zaplecze fotograficzne, to wy\u017cszy model otrzyma peryskopowy teleobiektyw z 3.5-krotnym powi\u0119kszeniem optycznym. W ta\u0144szym swoje miejsce znajdzie z kolei 200 MP matryca g\u0142\u00f3wna. Ciekawi mnie tylko, czy ludzie cierpi\u0105cy na obsesj\u0119 symetryczno\u015bci nie dostan\u0105 sza\u0142u przez umiejscowienie logo realme na tylnym panelu.<\/p>\n<p>Mo\u017cesz liczy\u0107 na 3 lata aktualizacji i wielk\u0105 bateri\u0119<\/p>\n<p>W specyfikacji realme 16 Pro+ pierwsze skrzypce b\u0119dzie gra\u0107 Snapdragon 7 Gen 4. To ca\u0142kiem mocny uk\u0142ad dla \u015bredniej p\u00f3\u0142ki cenowej, kt\u00f3ry w zupe\u0142no\u015bci powinien wystarczy\u0107 do wygodnej pracy na co dzie\u0144. Stawiam, \u017ce ze wzgl\u0119du na <a href=\"https:\/\/www.gsmmaniak.pl\/1620895\/nowe-telefony-mniej-ram-ze-wzgledu-na-podwyzki-cen-pamieci\/\" rel=\"nofollow noopener\" target=\"_blank\">podwy\u017cki cen pami\u0119ci <\/a>dostaniemy warianty z 8 i 12 GB RAM, a wersja z 16 GB pozostanie ekskluzywna dla Chin.<\/p>\n<p><a href=\"https:\/\/www.gsmmaniak.pl\/wp-content\/uploads\/gsmmaniak\/2025\/12\/Zrzut-ekranu-2025-12-14-165639.png\" rel=\"lightbox-post4 nofollow noopener\" title=\"Galeria dla Zrzut ekranu 2025-12-14 165639\" target=\"_blank\"><img loading=\"lazy\" decoding=\"async\" aria-describedby=\"caption-attachment-1621160\" class=\"size-medium wp-image-1621160\" src=\"https:\/\/www.europesays.com\/pl\/wp-content\/uploads\/2025\/12\/Zrzut-ekranu-2025-12-14-165639-medium.png\" alt=\"realme 16 Pro\" width=\"500\" height=\"498\"   \/><\/a><\/p>\n<p id=\"caption-attachment-1621160\" class=\"wp-caption-text\">Specyfikacja realme 16 Pro \/ fot. Gadgetsdata<\/p>\n<p>W przypadku ta\u0144szego realme 16 Pro dostaniemy tylko nieco s\u0142abszego Snapdragona 7s Gen 3, a warianty pami\u0119ci powinny by\u0107 dok\u0142adnie takie same. Dobra wiadomo\u015b\u0107 jest taka, \u017ce w obu modelach bateria ma 7000 mAh, a realme nie ma w zwyczaju zmniejszania ogniw w polskich wariantach.<\/p>\n<p>Na koniec warto powiedzie\u0107 s\u0142owo na temat d\u0142ugo\u015bci wsparcia. realme 16 Pro i realme 16 Pro+ b\u0119d\u0105 otrzymywa\u0107 nowe wersje Androida przez 3 lata, a poprawki zabezpiecze\u0144 b\u0119d\u0105 wydawane o rok d\u0142u\u017cej. Podsumowuj\u0105c \u2013 nie do\u015b\u0107, \u017ce pi\u0119kne, to jeszcze mocne i na lata.<\/p>\n<p>\u0179r\u00f3d\u0142o: <a href=\"https:\/\/x.com\/Gadgetsdata\/status\/2000204105642611107\" rel=\"nofollow\">Gadgetsdata<\/a>, opracowanie w\u0142asne<\/p>\n","protected":false},"excerpt":{"rendered":"Nied\u0142ugo przed oficjaln\u0105 premier\u0105 w sieci pojawi\u0142y si\u0119 grafiki przedstawiaj\u0105ce realme 16 Pro i Pro+. Moim zdaniem s\u0105&hellip;\n","protected":false},"author":2,"featured_media":152638,"comment_status":"","ping_status":"","sticky":false,"template":"","format":"standard","meta":{"footnotes":""},"categories":[20],"tags":[120,118,119,42,38,40,39,41,116,114,115,121,117],"class_list":{"0":"post-152637","1":"post","2":"type-post","3":"status-publish","4":"format-standard","5":"has-post-thumbnail","7":"category-nauka-i-technika","8":"tag-nauka","9":"tag-nauka-i-technika","10":"tag-naukatechnika","11":"tag-pl","12":"tag-poland","13":"tag-polish","14":"tag-polska","15":"tag-polski","16":"tag-science","17":"tag-science-and-technology","18":"tag-sciencetechnology","19":"tag-technika","20":"tag-technology"},"share_on_mastodon":{"url":"","error":""},"_links":{"self":[{"href":"https:\/\/www.europesays.com\/pl\/wp-json\/wp\/v2\/posts\/152637","targetHints":{"allow":["GET"]}}],"collection":[{"href":"https:\/\/www.europesays.com\/pl\/wp-json\/wp\/v2\/posts"}],"about":[{"href":"https:\/\/www.europesays.com\/pl\/wp-json\/wp\/v2\/types\/post"}],"author":[{"embeddable":true,"href":"https:\/\/www.europesays.com\/pl\/wp-json\/wp\/v2\/users\/2"}],"replies":[{"embeddable":true,"href":"https:\/\/www.europesays.com\/pl\/wp-json\/wp\/v2\/comments?post=152637"}],"version-history":[{"count":0,"href":"https:\/\/www.europesays.com\/pl\/wp-json\/wp\/v2\/posts\/152637\/revisions"}],"wp:featuredmedia":[{"embeddable":true,"href":"https:\/\/www.europesays.com\/pl\/wp-json\/wp\/v2\/media\/152638"}],"wp:attachment":[{"href":"https:\/\/www.europesays.com\/pl\/wp-json\/wp\/v2\/media?parent=152637"}],"wp:term":[{"taxonomy":"category","embeddable":true,"href":"https:\/\/www.europesays.com\/pl\/wp-json\/wp\/v2\/categories?post=152637"},{"taxonomy":"post_tag","embeddable":true,"href":"https:\/\/www.europesays.com\/pl\/wp-json\/wp\/v2\/tags?post=152637"}],"curies":[{"name":"wp","href":"https:\/\/api.w.org\/{rel}","templated":true}]}}