{"id":152643,"date":"2025-12-15T19:08:08","date_gmt":"2025-12-15T19:08:08","guid":{"rendered":"https:\/\/www.europesays.com\/pl\/152643\/"},"modified":"2025-12-15T19:08:08","modified_gmt":"2025-12-15T19:08:08","slug":"cialo-12-latki-odnalezione-niedaleko-szkoly-policja-to-moglo-byc-zabojstwo-onet-wiadomosci","status":"publish","type":"post","link":"https:\/\/www.europesays.com\/pl\/152643\/","title":{"rendered":"Cia\u0142o 12-latki odnalezione niedaleko szko\u0142y. Policja: to mog\u0142o by\u0107 zab\u00f3jstwo &#8211; Onet Wiadomo\u015bci"},"content":{"rendered":"<ol>\n<li><a href=\"https:\/\/news.google.com\/rss\/articles\/CBMirgFBVV95cUxPYXdEeDZmMk5xZDEtZ2lZQ084SWlwRGhjaWhNMDNrbDdQNUs4S29mWnhPMWJrNi1OYXZWSzRpdUJ3OVVKTVVReUltckNHM0Rka2gzTzNyYlVZLW1nTHhaUUFWaDhfSlNxeVhGOHphOHlNZlloT2ZFMzI0V1BfNUJlekh3RWh3eU5aM1ZHY25TRUdVbGRMVGNTYllwalJINzBMTFJqS2hheHhkQjJGYnc?oc=5\" target=\"_blank\" rel=\"nofollow noopener\">Cia\u0142o 12-latki odnalezione niedaleko szko\u0142y. Policja: to mog\u0142o by\u0107 zab\u00f3jstwo<\/a>&nbsp;&nbsp;Onet Wiadomo\u015bci<\/li>\n<li><a href=\"https:\/\/news.google.com\/rss\/articles\/CBMiqwFBVV95cUxPX2NaLTZfbU9JVnNoOXlCODlWMjRlZmdhd3hiRUtQS25VendlWUtMeHNWUU5zNkwzMHRZR3pVR2JuZVZtX01MRDVoUVJ6azhfa1pZNHZnamYyUUdBODd1c0YzWjltZGN6eUswbDRLSncyQllBS3BWZXM5UElDNHhZWkk4LXhvbEllSkVTSmRBcFNHUWVSWV9FWnBZZXFyU0IzXzJJX05UaHdDeFk?oc=5\" target=\"_blank\" rel=\"nofollow noopener\">Nowe informacje o \u015bmierci 12-latki w Jeleniej G\u00f3rze. &#8222;Osoba nieletnia, kt\u00f3ra mo\u017ce mie\u0107 zwi\u0105zek&#8221;<\/a>&nbsp;&nbsp;TVN24<\/li>\n<li><a href=\"https:\/\/news.google.com\/rss\/articles\/CBMixAFBVV95cUxNSjZzek05T1Z4UjgtVWZiNkhjREh6OFNQTVFETTNlMGVpTTJMaktPQm9vWlEyOFdlaFhkZU5BQjVJV183d0NUTzI1R2N1RXB6R3VfRklBM19Zc3RlWEdZTzh6Z2R2cE9GRktaRWNwYWxUaTUwUlhEVEhNc18yRmN5NnhWRXhaRHNkck1yeDZ6LUdlU0phVFFyNzB1aTlzejB0VGw2d09TMzVtVFBkdUZqVTczeUR4VEljNmtsRWxhZ0liNFNE?oc=5\" target=\"_blank\" rel=\"nofollow noopener\">Cia\u0142o 12-latki odnalezione przy szkole. &#8222;To mog\u0142o by\u0107 zab\u00f3jstwo&#8221;<\/a>&nbsp;&nbsp;Onet<\/li>\n<li><a href=\"https:\/\/news.google.com\/rss\/articles\/CBMivgFBVV95cUxPYnNKWTRoTTBKSTdvR0FBcWRhSS16VHJZUWc4Z1RjUElldEhIT3dZMDlhVXJ4c011UXYzVzR6RVlFRGVseUxUa0xUV1dLOXEwdUxmdWc3dHZwUkdFU3ZiUkNRdkF0bTBNRXVaUmJYam5MTHRYLXpvdVE0TWZBaERQbGlvRHBlVEtvMTVLNU5QWW1zVDdhX0lOeE9zaFNNR242cHo4YVdIdG9tRHlPN0ZvN3pSV2xySzBHODR4TmR3?oc=5\" target=\"_blank\" rel=\"nofollow noopener\">Jelenia G\u00f3ra. Cia\u0142o nastolatki w pobli\u017cu szko\u0142y. &#8222;Wszystko wskazuje na zab\u00f3jstwo&#8221;<\/a>&nbsp;&nbsp;Wydarzenia w INTERIA.PL<\/li>\n<li><a href=\"https:\/\/news.google.com\/rss\/articles\/CBMiswFBVV95cUxOYTR2RGpoZzlaaF9iVHdzaHlvVENzb0Z0b25QMmc0czI4cEM0U1ZBRTM4R3JwZU1GcWN5c1VHRDd3SGZFNUNJNG5vZW5YXy1oclpvV1RFdjJDdUgxV3h3X1IzckVPb0pqZm5VamlmcGJCLWYwblRMUS1yZDcybWh5S1FrRkZ5QnFvYjZQNmp0RmdrLUtjWWM5cjc0S2NHT3BRS2tLaEhQdHE5NXdmb0hWNXBEMA?oc=5\" target=\"_blank\" rel=\"nofollow noopener\">Jelenia G\u00f3ra: Cia\u0142o dziewczynki odnalezione niedaleko szko\u0142y<\/a>&nbsp;&nbsp;RMF24<\/li>\n<\/ol>\n","protected":false},"excerpt":{"rendered":"Cia\u0142o 12-latki odnalezione niedaleko szko\u0142y. Policja: to mog\u0142o by\u0107 zab\u00f3jstwo&nbsp;&nbsp;Onet Wiadomo\u015bci Nowe informacje o \u015bmierci 12-latki w Jeleniej&hellip;\n","protected":false},"author":2,"featured_media":144556,"comment_status":"","ping_status":"","sticky":false,"template":"","format":"standard","meta":{"footnotes":""},"categories":[12],"tags":[32,33,36,37,27,30648,34,35,28,31,48,25,46,42,38,40,39,41,47,925,29,30,26,1853,411],"class_list":{"0":"post-152643","1":"post","2":"type-post","3":"status-publish","4":"format-standard","5":"has-post-thumbnail","7":"category-polska","8":"tag-breaking-news","9":"tag-breakingnews","10":"tag-featured-news","11":"tag-featurednews","12":"tag-headlines","13":"tag-jelenia_gora","14":"tag-latest-news","15":"tag-latestnews","16":"tag-naglowki","17":"tag-najwazniejsze-artykuly","18":"tag-nat_styl","19":"tag-news","20":"tag-omp","21":"tag-pl","22":"tag-poland","23":"tag-polish","24":"tag-polska","25":"tag-polski","26":"tag-screening_general","27":"tag-szkola_nauczyciele_uczniowie","28":"tag-top-stories","29":"tag-topstories","30":"tag-wiadomosci","31":"tag-wroclaw","32":"tag-zabojstwo"},"share_on_mastodon":{"url":"https:\/\/pubeurope.com\/@pl\/115725159948720640","error":""},"_links":{"self":[{"href":"https:\/\/www.europesays.com\/pl\/wp-json\/wp\/v2\/posts\/152643","targetHints":{"allow":["GET"]}}],"collection":[{"href":"https:\/\/www.europesays.com\/pl\/wp-json\/wp\/v2\/posts"}],"about":[{"href":"https:\/\/www.europesays.com\/pl\/wp-json\/wp\/v2\/types\/post"}],"author":[{"embeddable":true,"href":"https:\/\/www.europesays.com\/pl\/wp-json\/wp\/v2\/users\/2"}],"replies":[{"embeddable":true,"href":"https:\/\/www.europesays.com\/pl\/wp-json\/wp\/v2\/comments?post=152643"}],"version-history":[{"count":0,"href":"https:\/\/www.europesays.com\/pl\/wp-json\/wp\/v2\/posts\/152643\/revisions"}],"wp:featuredmedia":[{"embeddable":true,"href":"https:\/\/www.europesays.com\/pl\/wp-json\/wp\/v2\/media\/144556"}],"wp:attachment":[{"href":"https:\/\/www.europesays.com\/pl\/wp-json\/wp\/v2\/media?parent=152643"}],"wp:term":[{"taxonomy":"category","embeddable":true,"href":"https:\/\/www.europesays.com\/pl\/wp-json\/wp\/v2\/categories?post=152643"},{"taxonomy":"post_tag","embeddable":true,"href":"https:\/\/www.europesays.com\/pl\/wp-json\/wp\/v2\/tags?post=152643"}],"curies":[{"name":"wp","href":"https:\/\/api.w.org\/{rel}","templated":true}]}}