{"id":152644,"date":"2025-12-15T19:09:09","date_gmt":"2025-12-15T19:09:09","guid":{"rendered":"https:\/\/www.europesays.com\/pl\/152644\/"},"modified":"2025-12-15T19:09:09","modified_gmt":"2025-12-15T19:09:09","slug":"donald-tusk-przed-wylotem-do-berlina-na-rozmowy-pokojowe-to-kluczowe","status":"publish","type":"post","link":"https:\/\/www.europesays.com\/pl\/152644\/","title":{"rendered":"Donald Tusk przed wylotem do Berlina na rozmowy pokojowe. &#8222;To kluczowe&#8221;"},"content":{"rendered":"<ul class=\"UnorderedList_container__nmfSl\">\n<li class=\"UnorderedList_listElement__Py7xi\" data-id=\"ai-summary-link\">Du\u017co czytania, a ma\u0142o czasu? Sprawd\u017a\u00a0skr\u00f3t\u00a0artyku\u0142u<\/li>\n<\/ul>\n<p class=\"Paragraph_desktopParagraph__U31Gm\">\u2014 Negocjacje z oczywistych wzgl\u0119d\u00f3w maj\u0105 charakter do\u015b\u0107 dyskrecjonalny. Od pierwszych chwil uczestnicy w nich wiceminister spraw zagranicznych Robert Kupiecki, kt\u00f3ry jest moim doradc\u0105 do spraw bezpiecze\u0144stwa \u2014 o\u015bwiadczy\u0142 w poniedzia\u0142ek Donald Tusk przed wylotem do Berlina na rozmowy w sprawie Ukrainy. \u2014 Jest taki w\u0105ski format doradc\u00f3w do spraw bezpiecze\u0144stwa, pracuj\u0105 nad ostatecznym dokumentem na typ etapie na temat warunk\u00f3w pokoju w Ukrainie \u2014 doda\u0142.<\/p>\n<p class=\"Paragraph_desktopParagraph__U31Gm\">Szef polskiego rz\u0105du stwierdzi\u0142, \u017ce <a href=\"https:\/\/wiadomosci.onet.pl\/swiat\/wolodymyr-zelenski-rozmawial-z-amerykanami-wyszedl-po-pieciu-godzinach\/n2yew7y\" id=\"0b15a551-7005-4e7b-913c-7134383ff101\" rel=\"nofollow noopener\" target=\"_blank\">spotykaj\u0105cym si\u0119 w Berlinie liderom<\/a> b\u0119dzie zale\u017ca\u0142o na stworzeniu jednolitej platformy porozumienia. \u2014 Ma z niej wynika\u0107 jasno, \u017ce po jednej stronie s\u0105 Ameryka, Europa i Ukraina z wypracowanymi, kompromisowymi i nacechowanymi dobr\u0105 wol\u0105 warunkami rozejmu oraz przysz\u0142ego pokoju, a po drugiej stronie Rosja, kt\u00f3r\u0105 wszyscy chcieliby\u015bmy sk\u0142oni\u0107 do wreszcie powa\u017cnego potraktowania tych propozycji \u2014 opisa\u0142.<\/p>\n<p class=\"VideoPlayerText_videoPlayerText__iDwyz\">Dalszy ci\u0105g materia\u0142u pod wideo<\/p>\n<p class=\"Paragraph_desktopParagraph__U31Gm\">\u2014 To jest bardzo trudne, \u017ceby tych kompromis\u00f3w szuka\u0107, zw\u0142aszcza ze strony Ukrainy, po tych latach heroicznej walki. Dostrzegam jednak zar\u00f3wno po stronie ukrai\u0144skiej, jak i w\u015br\u00f3d europejskich lider\u00f3w oraz ameryka\u0144skich wys\u0142annik\u00f3w, rzeczywist\u0105 dobr\u0105 wol\u0119, aby znale\u017a\u0107 wsp\u00f3lny mianownik \u2014 podkre\u015bli\u0142 premier.<\/p>\n<ul class=\"OchatFollowUps_wrapper__1ry7X\">\n<li class=\"OchatFollowUps_item__Dhyly OchatFollowUps_itemDesktop__R6aBv\">Kto bierze udzia\u0142 w rozmowach pokojowych w Berlinie?<\/li>\n<li class=\"OchatFollowUps_item__Dhyly OchatFollowUps_itemDesktop__R6aBv\">Co uwa\u017ca Donald Tusk o bezpiecze\u0144stwie Polski?<\/li>\n<li class=\"OchatFollowUps_item__Dhyly OchatFollowUps_itemDesktop__R6aBv\">Kiedy odbywa si\u0119 spotkanie w Berlinie?<\/li>\n<li class=\"OchatFollowUps_item__Dhyly OchatFollowUps_itemDesktop__R6aBv\">Jakie kwestie b\u0119d\u0105 poruszane podczas rozm\u00f3w?<\/li>\n<\/ul>\n<p>Donald Tusk o rozmowach pokojowych. &#8222;To jest nasz priorytet&#8221; <\/p>\n<p class=\"Paragraph_desktopParagraph__U31Gm\">Donald Tusk przekaza\u0142, \u017ce &#8222;dokument jest przygotowany&#8221;. &#8211; Um\u00f3wili\u015bmy si\u0119, \u017ce nie b\u0119dziemy przed wieczorem go publikowa\u0107. Tam jest to, na czym nam najbardziej zale\u017ca\u0142o, zadanie wykonane w 100 proc. &#8211; podkre\u015bli\u0142.<\/p>\n<p class=\"Paragraph_desktopParagraph__U31Gm\">Szef rz\u0105du oceni\u0142 tak\u017ce, \u017ce dla niego &#8222;najwa\u017cniejsze jest pilnowanie, \u017ceby \u017caden zapis ewentualnych przysz\u0142ych propozycji nie os\u0142abia\u0142 bezpiecze\u0144stwa Polski&#8221;. \u2014 To jest dla mnie absolutnie kluczowa rzecz \u2014 o\u015bwiadczy\u0142.<\/p>\n<p class=\"Paragraph_desktopParagraph__U31Gm\">Premier stwierdzi\u0142 r\u00f3wnie\u017c, \u017ce &#8222;z punktu widzenia Waszyngtonu Polska jest najwa\u017cniejszym i najbardziej zaufanym partnerem w Europie&#8221;. \u2014 Naszym priorytetem jest to, aby \u017caden zapis dotycz\u0105cy Polski nie powstawa\u0142 bez nas, a je\u015bli powstan\u0105 zapisy, kt\u00f3re b\u0119d\u0105 nas dotyczy\u0142y, \u017ceby wzmacnia\u0142y nasze bezpiecze\u0144stwo \u2014 doda\u0142.<\/p>\n<p>Rozmowy pokojowe w Berlinie. Maj\u0105 uczestniczy\u0107 w nich przyw\u00f3dcy <\/p>\n<p class=\"Paragraph_desktopParagraph__U31Gm\">W poniedzia\u0142ek wieczorem w Berlinie ma odby\u0107 si\u0119 spotkanie europejskich przyw\u00f3dc\u00f3w z prezydentem Ukrainy Wo\u0142odymyrem Ze\u0142enskim. W niemieckiej stolicy oczekiwani s\u0105 m.in. prezydent Francji Emmanuel Macron, premier Wielkiej Brytanii Keir Starmer, premier W\u0142och Giorgia Meloni oraz premier Holandii Dick Schoof. W rozmowach uczestniczy\u0107 maj\u0105 tak\u017ce doradcy prezydenta USA Donalda Trumpa: Steve Witkoff i Jared Kushner.<\/p>\n<p class=\"Paragraph_desktopParagraph__U31Gm\">Z komunikat\u00f3w strony ukrai\u0144skiej wynika, \u017ce rozmowy maj\u0105 dotyczy\u0107 m.in. gwarancji bezpiecze\u0144stwa, odbudowy kraju oraz porozumienia politycznego ko\u0144cz\u0105cego wojn\u0119.<\/p>\n","protected":false},"excerpt":{"rendered":"Du\u017co czytania, a ma\u0142o czasu? Sprawd\u017a\u00a0skr\u00f3t\u00a0artyku\u0142u \u2014 Negocjacje z oczywistych wzgl\u0119d\u00f3w maj\u0105 charakter do\u015b\u0107 dyskrecjonalny. Od pierwszych chwil&hellip;\n","protected":false},"author":2,"featured_media":152645,"comment_status":"","ping_status":"","sticky":false,"template":"","format":"standard","meta":{"footnotes":""},"categories":[5],"tags":[2762,32,33,200,36,37,27,67,34,35,28,31,53,25,52,68,51,55,42,38,40,39,41,15874,47,29,30,390,65,50,26],"class_list":{"0":"post-152644","1":"post","2":"type-post","3":"status-publish","4":"format-standard","5":"has-post-thumbnail","7":"category-naglowki","8":"tag-berlin","9":"tag-breaking-news","10":"tag-breakingnews","11":"tag-donald_tusk_polityk","12":"tag-featured-news","13":"tag-featurednews","14":"tag-headlines","15":"tag-intextvideo_splayer","16":"tag-latest-news","17":"tag-latestnews","18":"tag-naglowki","19":"tag-najwazniejsze-artykuly","20":"tag-new_header","21":"tag-news","22":"tag-onet3","23":"tag-onet3d","24":"tag-onet3d_2i","25":"tag-phx","26":"tag-pl","27":"tag-poland","28":"tag-polish","29":"tag-polska","30":"tag-polski","31":"tag-rozmowy_pokojowe","32":"tag-screening_general","33":"tag-top-stories","34":"tag-topstories","35":"tag-ukraina_ukrainiec_ukrainka_ukraincy_ukrainki","36":"tag-update_me","37":"tag-v2021","38":"tag-wiadomosci"},"share_on_mastodon":{"url":"https:\/\/pubeurope.com\/@pl\/115725163891609337","error":""},"_links":{"self":[{"href":"https:\/\/www.europesays.com\/pl\/wp-json\/wp\/v2\/posts\/152644","targetHints":{"allow":["GET"]}}],"collection":[{"href":"https:\/\/www.europesays.com\/pl\/wp-json\/wp\/v2\/posts"}],"about":[{"href":"https:\/\/www.europesays.com\/pl\/wp-json\/wp\/v2\/types\/post"}],"author":[{"embeddable":true,"href":"https:\/\/www.europesays.com\/pl\/wp-json\/wp\/v2\/users\/2"}],"replies":[{"embeddable":true,"href":"https:\/\/www.europesays.com\/pl\/wp-json\/wp\/v2\/comments?post=152644"}],"version-history":[{"count":0,"href":"https:\/\/www.europesays.com\/pl\/wp-json\/wp\/v2\/posts\/152644\/revisions"}],"wp:featuredmedia":[{"embeddable":true,"href":"https:\/\/www.europesays.com\/pl\/wp-json\/wp\/v2\/media\/152645"}],"wp:attachment":[{"href":"https:\/\/www.europesays.com\/pl\/wp-json\/wp\/v2\/media?parent=152644"}],"wp:term":[{"taxonomy":"category","embeddable":true,"href":"https:\/\/www.europesays.com\/pl\/wp-json\/wp\/v2\/categories?post=152644"},{"taxonomy":"post_tag","embeddable":true,"href":"https:\/\/www.europesays.com\/pl\/wp-json\/wp\/v2\/tags?post=152644"}],"curies":[{"name":"wp","href":"https:\/\/api.w.org\/{rel}","templated":true}]}}