{"id":152674,"date":"2025-12-15T19:24:11","date_gmt":"2025-12-15T19:24:11","guid":{"rendered":"https:\/\/www.europesays.com\/pl\/152674\/"},"modified":"2025-12-15T19:24:11","modified_gmt":"2025-12-15T19:24:11","slug":"szukali-domu-przekazal-sensacyjne-wiesci-ws-transferu-lewandowskiego","status":"publish","type":"post","link":"https:\/\/www.europesays.com\/pl\/152674\/","title":{"rendered":"&#8222;Szukali domu&#8221;. Przekaza\u0142 sensacyjne wie\u015bci ws. transferu Lewandowskiego"},"content":{"rendered":"\n<p class=\"contentpart contentpart--default contentpart--text\" data-position=\"0\">Kontrakt <a href=\"https:\/\/sportowefakty.wp.pl\/pilka-nozna\/robert-lewandowski\" rel=\"nofollow noopener\" target=\"_blank\">Roberta Lewandowskiego<\/a>\u00a0z <a href=\"https:\/\/sportowefakty.wp.pl\/pilka-nozna\/fc-barcelona\" rel=\"nofollow noopener\" target=\"_blank\">FC Barcelon\u0105<\/a>\u00a0wygasa wraz z ko\u0144cem tego sezonu. W ostatnich tygodniach pojawi\u0142o si\u0119 wiele doniesie\u0144 na temat dalszych los\u00f3w 37-letniego snajpera. Media rozpisywa\u0142y si\u0119 o zainteresowaniu AC Milanu, Polak by\u0142 tak\u017ce \u0142\u0105czony z wyprowadzk\u0105 z Europy i gr\u0105 w jednym z klub\u00f3w Saudi Pro League lub MLS.<\/p>\n<p class=\"contentpart contentpart--default contentpart--text\" data-position=\"1\">Dyskusja na ten temat toczy\u0142a si\u0119 tak\u017ce w poniedzia\u0142kowym programie &#8222;Moc Futbolu&#8221; emitowanym na Kanale Sportowym. W pewnym momencie zaskakuj\u0105c\u0105 informacj\u0119 przekaza\u0142 obecny w studiu by\u0142y reprezentant Polski,\u00a0<a href=\"https:\/\/sportowefakty.wp.pl\/pilka-nozna\/marek-jozwiak\" rel=\"nofollow noopener\" target=\"_blank\">Marek J\u00f3\u017awiak<\/a>.<\/p>\n<p> <img role=\"presentation\" src=\"https:\/\/std.wpcdn.pl\/images\/adv\/placeholder_wp.svg\" loading=\"lazy\" alt=\"\" decoding=\"async\"\/>  <\/p>\n<p class=\"contentpart contentpart--default contentpart--text\" data-position=\"2\">ZOBACZ WIDEO: Kadra, relacje z Lewandowskim i Urbanem. Jerzy Brz\u0119czek go\u015bciem WP SportoweFakty<\/p>\n<p class=\"contentpart contentpart--default contentpart--text\" data-position=\"4\">&#8211; <a href=\"https:\/\/sportowefakty.wp.pl\/pilka-nozna\/inter-miami\" rel=\"nofollow noopener\" target=\"_blank\">Inter Miami\u00a0<\/a>&#8211; oni szukali domu dla Roberta Lewandowskiego. Otrzyma\u0142em wiadomo\u015b\u0107 od kogo\u015b, kto bardzo dobrze orientuje si\u0119 w tych sprawach &#8211; m\u00f3wi\u0142, spogl\u0105daj\u0105c w ekran swojego telefonu.<\/p>\n<p class=\"contentpart contentpart--default contentpart--text\" data-position=\"5\">Je\u017celi tak by\u0142o naprawd\u0119, oznacza\u0142oby to, \u017ce Inter jest zdeterminowany, by zakontraktowa\u0107 Polaka. Obecnie najwi\u0119ksz\u0105 gwiazd\u0105 klubu nale\u017c\u0105cego do Davida Beckhama jest bezapelacyjnie Lionel Messi. Ekipa z Miami w grudniu si\u0119gn\u0119\u0142a po swoje pierwsze w historii mistrzostwo MLS.<\/p>\n<p class=\"contentpart contentpart--default contentpart--text\" data-position=\"6\">Wydaje si\u0119 jednak, \u017ce sam Lewandowski wola\u0142by pozosta\u0107 w Barcelonie. Wed\u0142ug &#8222;Sportu&#8221; jego agent,\u00a0Pini Zahavi, <a href=\"https:\/\/sportowefakty.wp.pl\/pilka-nozna\/1225034\/media-lewandowski-podjal-decyzje-ws-przyszlosci-jest-reakcja-barcelony\" rel=\"nofollow noopener\" target=\"_blank\">mia\u0142 przekaza\u0107 Joanowi Laporcie, \u017ce Polak chcia\u0142by przed\u0142u\u017cy\u0107 kontrakt z obecnym klubem o jeszcze jeden sezon.\u00a0<\/a><\/p>\n<p> <img role=\"presentation\" src=\"https:\/\/std.wpcdn.pl\/images\/adv\/placeholder_wp.svg\" loading=\"lazy\" alt=\"\" decoding=\"async\"\/>  <\/p>\n<p class=\"contentpart contentpart--default contentpart--text\" data-position=\"7\">Dodajmy, \u017ce 37-latek w tym sezonie wyst\u0105pi\u0142 w 17 meczach na wszystkich frontach, w kt\u00f3rych zdoby\u0142 osiem bramek. W sobot\u0119 sp\u0119dzi\u0142 na \u0142awce rezerwowych ca\u0142e spotkania z Osasun\u0105 Pampelun\u0105 (2:0). Hiszpa\u0144skie media informowa\u0142y, \u017ce powodem by\u0142 uraz mi\u0119\u015bniowy. Z kolei w poniedzia\u0142ek &#8222;Mundo Deportivo&#8221; przekaza\u0142o, \u017ce Polak nie b\u0119dzie m\u00f3g\u0142 zagra\u0107 w\u00a0 1\/16 fina\u0142u Pucharu Kr\u00f3la z\u00a0CD Guadalajar\u0105.<\/p>\n","protected":false},"excerpt":{"rendered":"Kontrakt Roberta Lewandowskiego\u00a0z FC Barcelon\u0105\u00a0wygasa wraz z ko\u0144cem tego sezonu. W ostatnich tygodniach pojawi\u0142o si\u0119 wiele doniesie\u0144 na&hellip;\n","protected":false},"author":2,"featured_media":152675,"comment_status":"","ping_status":"","sticky":false,"template":"","format":"standard","meta":{"footnotes":""},"categories":[24],"tags":[272,1249,24874,269,42,38,40,39,41,273,127,126,2817],"class_list":{"0":"post-152674","1":"post","2":"type-post","3":"status-publish","4":"format-standard","5":"has-post-thumbnail","7":"category-sport","8":"tag-fc-barcelona","9":"tag-inter-miami","10":"tag-marek-jozwiak","11":"tag-pilka-nozna","12":"tag-pl","13":"tag-poland","14":"tag-polish","15":"tag-polska","16":"tag-polski","17":"tag-robert-lewandowski","18":"tag-sport","19":"tag-sports","20":"tag-transfery"},"share_on_mastodon":{"url":"https:\/\/pubeurope.com\/@pl\/115725223263143621","error":""},"_links":{"self":[{"href":"https:\/\/www.europesays.com\/pl\/wp-json\/wp\/v2\/posts\/152674","targetHints":{"allow":["GET"]}}],"collection":[{"href":"https:\/\/www.europesays.com\/pl\/wp-json\/wp\/v2\/posts"}],"about":[{"href":"https:\/\/www.europesays.com\/pl\/wp-json\/wp\/v2\/types\/post"}],"author":[{"embeddable":true,"href":"https:\/\/www.europesays.com\/pl\/wp-json\/wp\/v2\/users\/2"}],"replies":[{"embeddable":true,"href":"https:\/\/www.europesays.com\/pl\/wp-json\/wp\/v2\/comments?post=152674"}],"version-history":[{"count":0,"href":"https:\/\/www.europesays.com\/pl\/wp-json\/wp\/v2\/posts\/152674\/revisions"}],"wp:featuredmedia":[{"embeddable":true,"href":"https:\/\/www.europesays.com\/pl\/wp-json\/wp\/v2\/media\/152675"}],"wp:attachment":[{"href":"https:\/\/www.europesays.com\/pl\/wp-json\/wp\/v2\/media?parent=152674"}],"wp:term":[{"taxonomy":"category","embeddable":true,"href":"https:\/\/www.europesays.com\/pl\/wp-json\/wp\/v2\/categories?post=152674"},{"taxonomy":"post_tag","embeddable":true,"href":"https:\/\/www.europesays.com\/pl\/wp-json\/wp\/v2\/tags?post=152674"}],"curies":[{"name":"wp","href":"https:\/\/api.w.org\/{rel}","templated":true}]}}