{"id":152676,"date":"2025-12-15T19:25:19","date_gmt":"2025-12-15T19:25:19","guid":{"rendered":"https:\/\/www.europesays.com\/pl\/152676\/"},"modified":"2025-12-15T19:25:19","modified_gmt":"2025-12-15T19:25:19","slug":"agnieszka-chylinska-zwrocila-sie-do-fanow-prosi-o-pomoc","status":"publish","type":"post","link":"https:\/\/www.europesays.com\/pl\/152676\/","title":{"rendered":"Agnieszka Chyli\u0144ska zwr\u00f3ci\u0142a si\u0119 do fan\u00f3w. Prosi o pomoc"},"content":{"rendered":"<p class=\"ods-c-paragraph \">Oszustwa internetowe to coraz powszechniejszy problem. Niedawno muzyk Mrozu opowiedzia\u0142 o sytuacji, w kt\u00f3rej jedna z jego fanek pad\u0142a ofiar\u0105 oszusta, trac\u0105c 21 tys. z\u0142. Po rozmowie z rodzin\u0105 kobieta zg\u0142osi\u0142a spraw\u0119 na policj\u0119. Wokalista zaapelowa\u0142 wtedy do swoich fan\u00f3w, by zachowali ostro\u017cno\u015b\u0107, podkre\u015blaj\u0105c, \u017ce jedyny oficjalny kontakt z nim odbywa si\u0119 za po\u015brednictwem jego mened\u017cmentu. &#8222;Nie sprzedaj\u0119 nikomu po k\u0105tach bilet\u00f3w. Nie wysy\u0142ajcie nikomu \u017cadnych pieni\u0119dzy za cokolwiek! Uwa\u017cajcie, bo to jest po prostu plaga!&#8221; \u2013 ostrzega\u0142. Teraz problem z oszustami ma tak\u017ce Agnieszka Chyli\u0144ska.<\/p>\n<p>Dalszy ci\u0105g artyku\u0142u pod materia\u0142em wideo<\/p>\n<p> Jak Agnieszka Chyli\u0144ska ostrzega swoich fan\u00f3w? <\/p>\n<p> Co zrobi\u0107 w przypadku otrzymania wiadomo\u015bci z fa\u0142szywego konta? <\/p>\n<p> Jakie s\u0105 oznaki prawdziwego konta na Instagramie? <\/p>\n<p> Dlaczego Agnieszka Chyli\u0144ska apeluje do swoich fan\u00f3w? <\/p>\n<p>  Agnieszka Chyli\u0144ska pad\u0142a ofiar\u0105 oszust\u00f3w. Zaapelowa\u0142a do fan\u00f3w<\/p>\n<p class=\"ods-c-paragraph \"><a href=\"https:\/\/plejada.pl\/temat\/agnieszka-chylinska\" id=\"34d0cb71-ab2e-4d8f-8c89-26ba850e8f38\" rel=\"nofollow noopener\" target=\"_blank\">Agnieszka Chyli\u0144ska<\/a> poinformowa\u0142a swoich fan\u00f3w o licznych przypadkach podszywania si\u0119 pod ni\u0105 w sieci. Wokalistka zwr\u00f3ci\u0142a uwag\u0119 na problem fa\u0142szywych profili, kt\u00f3re s\u0105 tworzone na jej dane. &#8222;To s\u0105 fa\u0142szywe konta&#8221; \u2013 zaznaczy\u0142a w swoim wpisie. Artystka zaapelowa\u0142a, by nie odpowiada\u0107 na wiadomo\u015bci wysy\u0142ane z takich kont oraz nie przyjmowa\u0107 zaprosze\u0144 do grona znajomych.<\/p>\n<blockquote class=\"ods-o-quota\">\n<p class=\"ods-o-quota__paragraph\">Prosimy nie przyjmowa\u0107 zaprosze\u0144 do grona znajomych oraz nie odpowiada\u0107 na wiadomo\u015bci ani linki wysy\u0142ane z tych profili. Zg\u0142aszajcie i blokujcie wszystkie takie podejrzane konta<\/p>\n<\/blockquote>\n<p class=\"ods-c-paragraph \">\u2014 zaapelowa\u0142a.<\/p>\n<p class=\"ods-c-paragraph \">Jak sprawdzi\u0107, czy konto jest prawdziwe? Przy zweryfikowanych u\u017cytkownikach pojawia si\u0119 niebieski znaczek.<\/p>\n<p><img decoding=\"async\" src=\"https:\/\/www.europesays.com\/pl\/wp-content\/uploads\/2025\/12\/PFak9lBaHR0cHM6Ly9vY2RuLmV1L3B1bHNjbXMvTURBXy83N2MxZTg4OGM2MDYzMTg3OGQ0YjRhMmI0Y2YzMzhmOC5qcGeRlQLNA.jpeg\" height=\"529\" width=\"940\" alt=\"Agnieszka Chyli\u0144ska\" loading=\"lazy\" class=\"ods-c-image__img ods-c-image__img--vertical\"\/><\/p>\n<p>Agnieszka Chyli\u0144skainstagram.com\/agnieszka.chylinska\/<\/p>\n<p> <img decoding=\"async\" src=\"https:\/\/www.europesays.com\/pl\/wp-content\/uploads\/2025\/12\/830k9lBaHR0cHM6Ly9vY2RuLmV1L3B1bHNjbXMvTURBXy9jZWE3NTUyNGQ4MWJmNjk5ZTI1MjczNGQ0ZWQ4YjUyOS5qcGeRlQLNB.jpeg\" height=\"625\" width=\"940\" alt=\"Agnieszka Chyli\u0144ska\" loading=\"lazy\" class=\"ods-c-image__img ods-c-image__img--viewport-width\"\/><\/p>\n<p>Agnieszka Chyli\u0144skaMW Media<\/p>\n<p class=\"ods-c-paragraph \">Dzi\u0119kujemy, \u017ce przeczyta\u0142a\u015b\/e\u015b nasz artyku\u0142 do ko\u0144ca. W serwisie Plejada.pl ka\u017cdego dnia piszemy o najwa\u017cniejszych wydarzeniach show-biznesowych. B\u0105d\u017a na bie\u017c\u0105co! <a rel=\"nofollow noopener\" href=\"https:\/\/profile.google.com\/cp\/Cg0vZy8xMWJ6X19wdHBx\" id=\"edc34f47-10b3-47a6-89ff-2092f46db838\" target=\"_blank\">Obserwuj<\/a> Plejad\u0119 w Wiadomo\u015bciach Google. Odwied\u017a nas tak\u017ce na <a rel=\"nofollow noopener\" href=\"https:\/\/www.facebook.com\/plejadapl\" id=\"202c4210-3d4e-4976-a812-058a464d5708\" target=\"_blank\">Facebooku<\/a>, <a rel=\"nofollow noopener\" href=\"https:\/\/www.instagram.com\/plejadapl\/\" id=\"039a3266-85c0-43e1-9080-bb9e0a82e42a\" target=\"_blank\">Instagramie<\/a>, <a rel=\"nofollow noopener\" href=\"https:\/\/www.youtube.com\/c\/plejada\" id=\"e2d9256c-214f-4277-898f-eb70613cb9cf\" target=\"_blank\">YouTube<\/a> oraz <a rel=\"nofollow noopener\" href=\"https:\/\/www.tiktok.com\/@plejada_pl\" id=\"b2de52c4-de17-4cc4-84ea-37acf11bbb4c\" target=\"_blank\">TikToku<\/a>.<\/p>\n<p class=\"ods-c-paragraph \">Chcesz podzieli\u0107 si\u0119 ciekawym newsem lub zaproponowa\u0107 temat? Skontaktuj si\u0119 z nami, pisz\u0105c e-maila na adres: <a rel=\"nofollow noopener\" href=\"https:\/\/plejada.pl\/newsy\/agnieszka-chylinska-zwrocila-sie-do-fanow-prosi-o-pomoc\/mailto:plejada@redakcjaonet.pl\" id=\"723936e7-fef6-4721-aa2b-8754b9bf6de5\" target=\"_blank\">plejada@redakcjaonet.pl<\/a>.<\/p>\n<p><script async src=\"\/\/www.instagram.com\/embed.js\"><\/script><script async src=\"\/\/www.tiktok.com\/embed.js\"><\/script><\/p>\n","protected":false},"excerpt":{"rendered":"Oszustwa internetowe to coraz powszechniejszy problem. Niedawno muzyk Mrozu opowiedzia\u0142 o sytuacji, w kt\u00f3rej jedna z jego fanek&hellip;\n","protected":false},"author":2,"featured_media":152677,"comment_status":"","ping_status":"","sticky":false,"template":"","format":"standard","meta":{"footnotes":""},"categories":[22],"tags":[13014,122,48,125,46,42,38,40,39,41,25199,123,47],"class_list":{"0":"post-152676","1":"post","2":"type-post","3":"status-publish","4":"format-standard","5":"has-post-thumbnail","7":"category-rozrywka","8":"tag-agnieszka_chylinska","9":"tag-entertainment","10":"tag-nat_styl","11":"tag-newsy","12":"tag-omp","13":"tag-pl","14":"tag-poland","15":"tag-polish","16":"tag-polska","17":"tag-polski","18":"tag-rebrand_ai_tst1","19":"tag-rozrywka","20":"tag-screening_general"},"share_on_mastodon":{"url":"https:\/\/pubeurope.com\/@pl\/115725227086941340","error":""},"_links":{"self":[{"href":"https:\/\/www.europesays.com\/pl\/wp-json\/wp\/v2\/posts\/152676","targetHints":{"allow":["GET"]}}],"collection":[{"href":"https:\/\/www.europesays.com\/pl\/wp-json\/wp\/v2\/posts"}],"about":[{"href":"https:\/\/www.europesays.com\/pl\/wp-json\/wp\/v2\/types\/post"}],"author":[{"embeddable":true,"href":"https:\/\/www.europesays.com\/pl\/wp-json\/wp\/v2\/users\/2"}],"replies":[{"embeddable":true,"href":"https:\/\/www.europesays.com\/pl\/wp-json\/wp\/v2\/comments?post=152676"}],"version-history":[{"count":0,"href":"https:\/\/www.europesays.com\/pl\/wp-json\/wp\/v2\/posts\/152676\/revisions"}],"wp:featuredmedia":[{"embeddable":true,"href":"https:\/\/www.europesays.com\/pl\/wp-json\/wp\/v2\/media\/152677"}],"wp:attachment":[{"href":"https:\/\/www.europesays.com\/pl\/wp-json\/wp\/v2\/media?parent=152676"}],"wp:term":[{"taxonomy":"category","embeddable":true,"href":"https:\/\/www.europesays.com\/pl\/wp-json\/wp\/v2\/categories?post=152676"},{"taxonomy":"post_tag","embeddable":true,"href":"https:\/\/www.europesays.com\/pl\/wp-json\/wp\/v2\/tags?post=152676"}],"curies":[{"name":"wp","href":"https:\/\/api.w.org\/{rel}","templated":true}]}}