{"id":152697,"date":"2025-12-15T19:36:13","date_gmt":"2025-12-15T19:36:13","guid":{"rendered":"https:\/\/www.europesays.com\/pl\/152697\/"},"modified":"2025-12-15T19:36:13","modified_gmt":"2025-12-15T19:36:13","slug":"skandaliczne-sceny-w-autobusie-pasazerka-natychmiast-powiadomila-kierowce","status":"publish","type":"post","link":"https:\/\/www.europesays.com\/pl\/152697\/","title":{"rendered":"Skandaliczne sceny w autobusie. Pasa\u017cerka natychmiast powiadomi\u0142a kierowc\u0119"},"content":{"rendered":"<p class=\"ods-c-paragraph \">Jak poinformowa\u0142a w poniedzia\u0142ek l\u0119borska policja, do zdarzenia dosz\u0142o w pi\u0105tkowe popo\u0142udnie w L\u0119borku. 62-letnia kobieta z wojew\u00f3dztwa zachodniopomorskiego dopiero co wsiad\u0142a do autobusu jad\u0105cego w kierunku S\u0142upska, gdy zorientowa\u0142a si\u0119, \u017ce kto\u015b okrad\u0142 j\u0105 w t\u0142umie pasa\u017cer\u00f3w. Z torebki przewieszonej przez rami\u0119 znikn\u0105\u0142 portfel z pieni\u0119dzmi i dokumentami.<\/p>\n<p class=\"ods-c-paragraph \">Kobieta natychmiast poinformowa\u0142a kierowc\u0119 o zdarzeniu. Ten nie zbagatelizowa\u0142 sprawy i skontaktowa\u0142 si\u0119 z kierownikiem dzia\u0142u przewoz\u00f3w, kt\u00f3ry b\u0142yskawicznie przejrza\u0142 zapis monitoringu. Na nagraniu, kt\u00f3re opublikowa\u0142a policja, wida\u0107 moment kradzie\u017cy oraz twarz sprawcy. Okaza\u0142o si\u0119, \u017ce m\u0119\u017cczyzna po &#8222;udanym skoku&#8221; przesiad\u0142 si\u0119 do innego autobusu na tej samej trasie.<\/p>\n<p> Gdzie dosz\u0142o do zdarzenia? <\/p>\n<p> Ile lat wi\u0119zienia grozi z\u0142odziejowi? <\/p>\n<p> Jakie dokumenty by\u0142y w portfelu? <\/p>\n<p> Kim by\u0142 sprawca kradzie\u017cy? <\/p>\n<p class=\"ods-c-paragraph \">Informacja o kradzie\u017cy i rysopis podejrzanego szybko trafi\u0142y do dyspozytor\u00f3w i kierowc\u00f3w kursuj\u0105cych mi\u0119dzy L\u0119borkiem a S\u0142upskiem. Gdy autobusy dotar\u0142y na dworzec w S\u0142upsku, na miejscu czekali ju\u017c policjanci. Jeden z kierowc\u00f3w bez wahania wskaza\u0142 m\u0119\u017cczyzn\u0119, kt\u00f3ry odpowiada\u0142 wizerunkowi z monitoringu.<\/p>\n<p class=\"ods-c-paragraph \">59-letni s\u0142upszczanin zosta\u0142 natychmiast zatrzymany. Pod siedzeniem, na kt\u00f3rym siedzia\u0142, mundurowi znale\u017ali skradziony portfel wraz z ca\u0142\u0105 zawarto\u015bci\u0105. Jak si\u0119 okaza\u0142o, to nie by\u0142 jego jedyny problem. M\u0119\u017cczyzna od listopada by\u0142 poszukiwany do odbycia kary 285 dni pozbawienia wolno\u015bci za zn\u0119canie si\u0119 nad inn\u0105 osob\u0105.<\/p>\n<p class=\"ods-c-paragraph \">Ju\u017c nast\u0119pnego dnia us\u0142ysza\u0142 kolejne zarzuty kradzie\u017cy portfela oraz przyw\u0142aszczenia dokument\u00f3w. Po formalno\u015bciach zosta\u0142 konwojem przewieziony do zak\u0142adu karnego. Niewykluczone, \u017ce jego pobyt za kratkami znacznie si\u0119 wyd\u0142u\u017cy, bo za kradzie\u017c grozi mu nawet do 5 lat wi\u0119zienia.<\/p>\n","protected":false},"excerpt":{"rendered":"Jak poinformowa\u0142a w poniedzia\u0142ek l\u0119borska policja, do zdarzenia dosz\u0142o w pi\u0105tkowe popo\u0142udnie w L\u0119borku. 62-letnia kobieta z wojew\u00f3dztwa&hellip;\n","protected":false},"author":2,"featured_media":152698,"comment_status":"","ping_status":"","sticky":false,"template":"","format":"standard","meta":{"footnotes":""},"categories":[12],"tags":[210,612,32,33,36,37,27,28269,1247,34,35,28,31,48,25,46,42,38,414,40,39,41,47,29,30,26],"class_list":{"0":"post-152697","1":"post","2":"type-post","3":"status-publish","4":"format-standard","5":"has-post-thumbnail","7":"category-polska","8":"tag-aktualnosci","9":"tag-autobus","10":"tag-breaking-news","11":"tag-breakingnews","12":"tag-featured-news","13":"tag-featurednews","14":"tag-headlines","15":"tag-kieszonkowcy","16":"tag-kradziez","17":"tag-latest-news","18":"tag-latestnews","19":"tag-naglowki","20":"tag-najwazniejsze-artykuly","21":"tag-nat_styl","22":"tag-news","23":"tag-omp","24":"tag-pl","25":"tag-poland","26":"tag-policja","27":"tag-polish","28":"tag-polska","29":"tag-polski","30":"tag-screening_general","31":"tag-top-stories","32":"tag-topstories","33":"tag-wiadomosci"},"share_on_mastodon":{"url":"https:\/\/pubeurope.com\/@pl\/115725270106314485","error":""},"_links":{"self":[{"href":"https:\/\/www.europesays.com\/pl\/wp-json\/wp\/v2\/posts\/152697","targetHints":{"allow":["GET"]}}],"collection":[{"href":"https:\/\/www.europesays.com\/pl\/wp-json\/wp\/v2\/posts"}],"about":[{"href":"https:\/\/www.europesays.com\/pl\/wp-json\/wp\/v2\/types\/post"}],"author":[{"embeddable":true,"href":"https:\/\/www.europesays.com\/pl\/wp-json\/wp\/v2\/users\/2"}],"replies":[{"embeddable":true,"href":"https:\/\/www.europesays.com\/pl\/wp-json\/wp\/v2\/comments?post=152697"}],"version-history":[{"count":0,"href":"https:\/\/www.europesays.com\/pl\/wp-json\/wp\/v2\/posts\/152697\/revisions"}],"wp:featuredmedia":[{"embeddable":true,"href":"https:\/\/www.europesays.com\/pl\/wp-json\/wp\/v2\/media\/152698"}],"wp:attachment":[{"href":"https:\/\/www.europesays.com\/pl\/wp-json\/wp\/v2\/media?parent=152697"}],"wp:term":[{"taxonomy":"category","embeddable":true,"href":"https:\/\/www.europesays.com\/pl\/wp-json\/wp\/v2\/categories?post=152697"},{"taxonomy":"post_tag","embeddable":true,"href":"https:\/\/www.europesays.com\/pl\/wp-json\/wp\/v2\/tags?post=152697"}],"curies":[{"name":"wp","href":"https:\/\/api.w.org\/{rel}","templated":true}]}}