{"id":152703,"date":"2025-12-15T19:39:12","date_gmt":"2025-12-15T19:39:12","guid":{"rendered":"https:\/\/www.europesays.com\/pl\/152703\/"},"modified":"2025-12-15T19:39:12","modified_gmt":"2025-12-15T19:39:12","slug":"anna-dymna-zostala-obrazona-przez-dziennikarke-padly-skandaliczne-slowa","status":"publish","type":"post","link":"https:\/\/www.europesays.com\/pl\/152703\/","title":{"rendered":"Anna Dymna zosta\u0142a obra\u017cona przez dziennikark\u0119. Pad\u0142y skandaliczne s\u0142owa"},"content":{"rendered":"<p class=\"Paragraph_desktopParagraph__U31Gm\"><a href=\"https:\/\/plejada.pl\/temat\/anna-dymna\/1qp13cb\" id=\"e1895275-a090-42ad-8ad2-21485ff56126\" rel=\"nofollow noopener\" target=\"_blank\">Anna Dymna<\/a> przez lata zapracowa\u0142a sobie na wielki szacunek i uznanie fan\u00f3w. Aktorka w 2003 r. powo\u0142a\u0142a do \u017cycia fundacj\u0119 &#8222;<a href=\"https:\/\/plejada.pl\/newsy\/fundacja-anny-dymnej-mimo-wszystko-obchodzi-18-urodziny\/j34lvd8\" id=\"b75147bb-4470-4520-bc0b-2a01259bbf9e\" rel=\"nofollow noopener\" target=\"_blank\">Mimo Wszystko<\/a>&#8222;, kt\u00f3ra pomaga osobom z niepe\u0142nosprawno\u015bci\u0105 intelektualn\u0105 oraz wszystkim pozostaj\u0105cym w trudnej sytuacji \u017cyciowej. Jej po\u015bwi\u0119cenie dla innych czasem bywa jednak podwa\u017cane przez internetowych hejter\u00f3w.<\/p>\n<p class=\"Paragraph_desktopParagraph__U31Gm\">Polecamy: <a href=\"https:\/\/plejada.pl\/newsy\/anna-dymna-zostala-ohydnie-zwyzywana-przyszly-straszne-czasy-ze-to-jest-dozwolone\/1cfkxkk\" id=\"c95b4c12-4a4b-45bf-97af-8ffe77e6ea58\" rel=\"nofollow noopener\" target=\"_blank\">Anna Dymna zosta\u0142a ohydnie zwyzywana. &#8222;Przysz\u0142y straszne czasy, \u017ce to jest dozwolone&#8221;<\/a><\/p>\n<p class=\"Paragraph_desktopParagraph__U31Gm\">W najnowszym wywiadzie z Micha\u0142em Olsza\u0144skim na antenie Radia 357 poruszy\u0142a temat przemijania i starzenia si\u0119. Opowiedzia\u0142a o swoim podej\u015bciu do zmian, jakie z czasem zachodz\u0105 w jej wygl\u0105dzie, nie ukrywaj\u0105c swoich opinii i m\u00f3wi\u0105c wprost.<\/p>\n<p>Anna Dymna o przemijaniu <\/p>\n<p class=\"Paragraph_desktopParagraph__U31Gm\">Anna Dymna od lat nale\u017cy do grona najbardziej cenionych polskich aktorek, jednak popularno\u015b\u0107 nie sprawi\u0142a, \u017ce za wszelk\u0105 cen\u0119 chce przeciwstawia\u0107 si\u0119 naturalnemu up\u0142ywowi czasu. Aktorka pogodzi\u0142a si\u0119 ze zmianami w swoim wygl\u0105dzie i zaakceptowa\u0142a je, cho\u0107 mimo to niejednokrotnie musia\u0142a mierzy\u0107 si\u0119 z nieprzychylnymi komentarzami.<\/p>\n<blockquote>\n<p class=\"Paragraph_desktopParagraph__U31Gm\">Pami\u0119tam, kiedy\u015b mia\u0142am taki wywiad, taka by\u0142a w \u015brednim wieku zreszt\u0105 pani, kt\u00f3ra m\u00f3wi tak: &#8222;No by\u0142am, prosz\u0119 pani, w teatrze, gra\u0142a pani w &#8222;Spaghetti i miecz&#8221;. No i wie pani, pani odwa\u017cna jest, bo pani na ko\u0144cu wychodzi w kostiumie k\u0105pielowym, no i to cielsko tak pani pokazuje&#8221;<\/p>\n<\/blockquote>\n<p class=\"Paragraph_desktopParagraph__U31Gm\">\u2014 opowiada\u0142a w audycji &#8222;W cztery oczy&#8221; aktorka.<\/p>\n<p><img decoding=\"async\" class=\"Image_image__0tuHp Image_autoHeight__f2n87 \" height=\"587\" width=\"391\" src=\"https:\/\/www.europesays.com\/pl\/wp-content\/uploads\/2025\/12\/dSdk9kpTURBXy8xZTM2NDVhZWQzNjA3NmJlNTZlMDdhN2ZlZjNlZTQ4Mi5qcGeSlQLNA6wAwsOVAgDNAkvCw94AA6EwAaExAaEzw.jpeg\" alt=\"Anna Dymna (2016 r.)\" loading=\"lazy\" \/>Andras Szilagyi \/ MW Media<\/p>\n<p>Anna Dymna (2016 r.)<\/p>\n<p class=\"Paragraph_desktopParagraph__U31Gm\">Polecamy: <a href=\"https:\/\/plejada.pl\/newsy\/anna-dymna-o-wysokosci-emerytury-mam-na-prad\/8x8ftd0\" id=\"ff92d34b-1b1f-4cab-b297-4dc5537ea43e\" rel=\"nofollow noopener\" target=\"_blank\">Anna Dymna o wysoko\u015bci emerytury. &#8222;Mam na pr\u0105d&#8221;<\/a><\/p>\n<p class=\"Paragraph_desktopParagraph__U31Gm\">Aktorka nie zamierza\u0142a przej\u015b\u0107 oboj\u0119tnie obok uwag dziennikarki. Postanowi\u0142a zapyta\u0107 j\u0105 o wiek, a gdy us\u0142ysza\u0142a, \u017ce rozm\u00f3wczyni ma ju\u017c ponad trzydzie\u015bci lat, bez wahania zareagowa\u0142a s\u0142owami:<\/p>\n<blockquote>\n<p class=\"Paragraph_desktopParagraph__U31Gm\">To niech pani zadba o siebie, bo ja w pani wieku to inaczej wygl\u0105da\u0142am. (&#8230;) Teraz ja mam 60 i se prosz\u0119 pani wygl\u0105dam. I wie pani, dla kogo to robi\u0119? Dla tych pa\u0144, kt\u00f3re si\u0119 boj\u0105 rozebra\u0107 na wakacjach, bo to ja nikomu nie robi\u0119 krzywdy tym, \u017ce tak wygl\u0105dam.<\/p>\n<\/blockquote>\n<p class=\"Paragraph_desktopParagraph__U31Gm\">\u2014 grzmia\u0142a w rozmowie.<\/p>\n<p class=\"Paragraph_desktopParagraph__U31Gm\">Artystka nie ukrywa\u0142a oburzenia wypowiedzi\u0105 dziennikarki.<\/p>\n<blockquote>\n<p class=\"Paragraph_desktopParagraph__U31Gm\">Dlaczego ja si\u0119 mam kurde wstydzi\u0107, \u017ce ja jestem stara? Ja mam by\u0107 z tego dumna, \u017ce mam 74 lata, jeszcze gram w wielu przedstawieniach, jeszcze jestem potrzebna i mog\u0119 si\u0119 komu\u015b przyda\u0107<\/p>\n<\/blockquote>\n<p class=\"Paragraph_desktopParagraph__U31Gm\">\u2014 podsumowa\u0142a.<\/p>\n<p><img decoding=\"async\" class=\"Image_image__0tuHp Image_autoHeight__f2n87 \" height=\"587\" width=\"391\" src=\"https:\/\/www.europesays.com\/pl\/wp-content\/uploads\/2025\/12\/ysFk9kpTURBXy85OTM4ZTdlNzJmYTY4ZGE4YmRmYjQ1MWVkMDg2YjY4YS5qcGeSlQLNA6wAwsOVAgDNAkvCw94AA6EwAaExAaEzw.jpeg\" alt=\"Anna Dymna\" loading=\"lazy\" \/>ANDRAS SZILAGYI\/MWMEDIA S WARSZAWA \/ MW Media<\/p>\n<p>Anna Dymna<\/p>\n<p class=\"Paragraph_desktopParagraph__U31Gm\">Anna Dymna podkre\u015bli\u0142a, \u017ce wielu starszych aktor\u00f3w zmaga si\u0119 z poczuciem osamotnienia. Zauwa\u017cy\u0142a r\u00f3wnie\u017c, \u017ce cz\u0119\u015b\u0107 z nich odczuwa wstyd zwi\u0105zany z w\u0142asn\u0105 staro\u015bci\u0105.<\/p>\n<blockquote>\n<p class=\"Paragraph_desktopParagraph__U31Gm\">Popatrz na mnie. No by\u0142am taka \u015bliczna sareneczka, szczuplutka taka i przez tyle lat. A potem przecie\u017c wiadomo, \u017ce si\u0119 zmieniam i teraz mam dwa wyj\u015bcia: albo b\u0119d\u0119 \u015bwirowa\u0107, b\u0119d\u0119 si\u0119 podsysa\u0107, wycina\u0107, nie wiem, co robi\u0107, ale wtedy nie robi\u0142abym tych wszystkich rzeczy, kt\u00f3re robi\u0119, kt\u00f3re s\u0105 wa\u017cniejsze od tego, \u017ceby zatrzyma\u0107 m\u0142odo\u015b\u0107, kt\u00f3ra jest nie do zatrzymania. Staro\u015b\u0107 musi przyj\u015b\u0107<\/p>\n<\/blockquote>\n<p class=\"Paragraph_desktopParagraph__U31Gm\">\u2014 zako\u0144czy\u0142a.<\/p>\n<p><img decoding=\"async\" class=\"Image_image__0tuHp Image_autoHeight__f2n87 \" height=\"587\" width=\"880\" src=\"https:\/\/www.europesays.com\/pl\/wp-content\/uploads\/2025\/12\/1Opk9kpTURBXy81Y2EyODE0MTc3ODJlODQ1ZTEzZDU1NDE2YmYzODA2NS5qcGeSlQLNA6wAwsOVAgDNAkvCw94AA6EwAaExAaEzw.jpeg\" alt=\"Anna Dymna\" loading=\"lazy\" \/>mat. prasowe<\/p>\n<p>Anna Dymna<\/p>\n<p class=\"Paragraph_desktopParagraph__U31Gm\">Dzi\u0119kujemy, \u017ce przeczyta\u0142a\u015b\/e\u015b nasz artyku\u0142 do ko\u0144ca. W serwisie Plejada.pl ka\u017cdego dnia piszemy o najwa\u017cniejszych wydarzeniach show-biznesowych. B\u0105d\u017a na bie\u017c\u0105co! <a rel=\"nofollow noopener\" href=\"https:\/\/profile.google.com\/cp\/Cg0vZy8xMWJ6X19wdHBx\" id=\"ae3a442f-4f10-4639-9f78-42e4c52a27b9\" target=\"_blank\">Obserwuj<\/a> Plejad\u0119 w Wiadomo\u015bciach Google. Odwied\u017a nas tak\u017ce na <a rel=\"nofollow noopener\" href=\"https:\/\/www.facebook.com\/plejadapl\" id=\"4ad6f33f-9b9d-411a-ada4-c47a2f85b6b5\" target=\"_blank\">Facebooku<\/a>, <a rel=\"nofollow noopener\" href=\"https:\/\/www.instagram.com\/plejadapl\/\" id=\"e7330bec-1edf-4698-911f-05c1f77e3c45\" target=\"_blank\">Instagramie<\/a>, <a rel=\"nofollow noopener\" href=\"https:\/\/www.youtube.com\/c\/plejada\" id=\"0391ea7a-c167-4e03-b5ee-74df8f2101db\" target=\"_blank\">YouTube<\/a> oraz <a rel=\"nofollow noopener\" href=\"https:\/\/www.tiktok.com\/@plejada_pl\" id=\"9a0ea5b8-307b-4698-8553-cf9f7edfbaf0\" target=\"_blank\">TikToku<\/a>.<\/p>\n<p class=\"Paragraph_desktopParagraph__U31Gm\">Chcesz podzieli\u0107 si\u0119 ciekawym newsem lub zaproponowa\u0107 temat? Skontaktuj si\u0119 z nami, pisz\u0105c e-maila na adres: <a href=\"https:\/\/www.onet.pl\/styl-zycia\/plejada\/anna-dymna-zostala-obrazona-przez-dziennikarke-padly-skandaliczne-slowa\/mailto:plejada@redakcjaonet.pl\" id=\"0421041c-e44a-4d78-8d5c-9bc61adaa14a\" rel=\"nofollow noopener\" target=\"_blank\">plejada@redakcjaonet.pl<\/a>.<\/p>\n<p><script async src=\"\/\/www.instagram.com\/embed.js\"><\/script><script async src=\"\/\/www.tiktok.com\/embed.js\"><\/script><\/p>\n","protected":false},"excerpt":{"rendered":"Anna Dymna przez lata zapracowa\u0142a sobie na wielki szacunek i uznanie fan\u00f3w. Aktorka w 2003 r. powo\u0142a\u0142a do&hellip;\n","protected":false},"author":2,"featured_media":152704,"comment_status":"","ping_status":"","sticky":false,"template":"","format":"standard","meta":{"footnotes":""},"categories":[22],"tags":[15283,122,67,53,52,68,51,55,42,38,40,39,41,123,47,196,65,50],"class_list":{"0":"post-152703","1":"post","2":"type-post","3":"status-publish","4":"format-standard","5":"has-post-thumbnail","7":"category-rozrywka","8":"tag-anna_dymna","9":"tag-entertainment","10":"tag-intextvideo_splayer","11":"tag-new_header","12":"tag-onet3","13":"tag-onet3d","14":"tag-onet3d_2i","15":"tag-phx","16":"tag-pl","17":"tag-poland","18":"tag-polish","19":"tag-polska","20":"tag-polski","21":"tag-rozrywka","22":"tag-screening_general","23":"tag-styl_zycia","24":"tag-update_me","25":"tag-v2021"},"share_on_mastodon":{"url":"https:\/\/pubeurope.com\/@pl\/115725282756472465","error":""},"_links":{"self":[{"href":"https:\/\/www.europesays.com\/pl\/wp-json\/wp\/v2\/posts\/152703","targetHints":{"allow":["GET"]}}],"collection":[{"href":"https:\/\/www.europesays.com\/pl\/wp-json\/wp\/v2\/posts"}],"about":[{"href":"https:\/\/www.europesays.com\/pl\/wp-json\/wp\/v2\/types\/post"}],"author":[{"embeddable":true,"href":"https:\/\/www.europesays.com\/pl\/wp-json\/wp\/v2\/users\/2"}],"replies":[{"embeddable":true,"href":"https:\/\/www.europesays.com\/pl\/wp-json\/wp\/v2\/comments?post=152703"}],"version-history":[{"count":0,"href":"https:\/\/www.europesays.com\/pl\/wp-json\/wp\/v2\/posts\/152703\/revisions"}],"wp:featuredmedia":[{"embeddable":true,"href":"https:\/\/www.europesays.com\/pl\/wp-json\/wp\/v2\/media\/152704"}],"wp:attachment":[{"href":"https:\/\/www.europesays.com\/pl\/wp-json\/wp\/v2\/media?parent=152703"}],"wp:term":[{"taxonomy":"category","embeddable":true,"href":"https:\/\/www.europesays.com\/pl\/wp-json\/wp\/v2\/categories?post=152703"},{"taxonomy":"post_tag","embeddable":true,"href":"https:\/\/www.europesays.com\/pl\/wp-json\/wp\/v2\/tags?post=152703"}],"curies":[{"name":"wp","href":"https:\/\/api.w.org\/{rel}","templated":true}]}}