{"id":152708,"date":"2025-12-15T19:42:16","date_gmt":"2025-12-15T19:42:16","guid":{"rendered":"https:\/\/www.europesays.com\/pl\/152708\/"},"modified":"2025-12-15T19:42:16","modified_gmt":"2025-12-15T19:42:16","slug":"katastrofa-an-22-w-rosji-film-ze-zdarzenia","status":"publish","type":"post","link":"https:\/\/www.europesays.com\/pl\/152708\/","title":{"rendered":"Katastrofa An-22 w Rosji \u2013 film ze zdarzenia"},"content":{"rendered":"<p class=\"pf0\">14 grudnia 2025 r., do sieci trafi\u0142o nagranie przybli\u017caj\u0105ce moment katastrofy rosyjskiego samolotu transportowego An-22 (znaki rejestracyjne RF-08832). Do zdarzenia dosz\u0142o 9 grudnia 2025 r. w obwodzie Iwanowskim.<\/p>\n<p class=\"pf0\">Na nagraniu wida\u0107, \u017ce kad\u0142ub samolotu jeszcze w czasie lotu rozpad\u0142 si\u0119 na dwie cz\u0119\u015bci. Rosyjskie Ministerstwo Obrony przekaza\u0142o, \u017ce statek powietrzny rozbi\u0142 si\u0119 podczas rutynowego lotu pr\u00f3bnego po naprawie, a do katastrofy dosz\u0142o na niezamieszkanym terenie.<\/p>\n<p class=\"pf0\">W zdarzeniu zgin\u0119\u0142o siedem os\u00f3b, pi\u0119ciu cz\u0142onk\u00f3w za\u0142ogi i dw\u00f3ch pasa\u017cer\u00f3w. Moment upadku An-22 nagrany przez kamer\u0119 przemys\u0142ow\u0105:<\/p>\n","protected":false},"excerpt":{"rendered":"14 grudnia 2025 r., do sieci trafi\u0142o nagranie przybli\u017caj\u0105ce moment katastrofy rosyjskiego samolotu transportowego An-22 (znaki rejestracyjne RF-08832).&hellip;\n","protected":false},"author":2,"featured_media":152709,"comment_status":"","ping_status":"","sticky":false,"template":"","format":"standard","meta":{"footnotes":""},"categories":[14],"tags":[32,33,27,34,35,28,31,25,40,41,80,29,30,26,82,83,84],"class_list":{"0":"post-152708","1":"post","2":"type-post","3":"status-publish","4":"format-standard","5":"has-post-thumbnail","7":"category-swiat","8":"tag-breaking-news","9":"tag-breakingnews","10":"tag-headlines","11":"tag-latest-news","12":"tag-latestnews","13":"tag-naglowki","14":"tag-najwazniejsze-artykuly","15":"tag-news","16":"tag-polish","17":"tag-polski","18":"tag-swiat","19":"tag-top-stories","20":"tag-topstories","21":"tag-wiadomosci","22":"tag-world","23":"tag-world-news","24":"tag-worldnews"},"share_on_mastodon":{"url":"https:\/\/pubeurope.com\/@pl\/115725293815489696","error":""},"_links":{"self":[{"href":"https:\/\/www.europesays.com\/pl\/wp-json\/wp\/v2\/posts\/152708","targetHints":{"allow":["GET"]}}],"collection":[{"href":"https:\/\/www.europesays.com\/pl\/wp-json\/wp\/v2\/posts"}],"about":[{"href":"https:\/\/www.europesays.com\/pl\/wp-json\/wp\/v2\/types\/post"}],"author":[{"embeddable":true,"href":"https:\/\/www.europesays.com\/pl\/wp-json\/wp\/v2\/users\/2"}],"replies":[{"embeddable":true,"href":"https:\/\/www.europesays.com\/pl\/wp-json\/wp\/v2\/comments?post=152708"}],"version-history":[{"count":0,"href":"https:\/\/www.europesays.com\/pl\/wp-json\/wp\/v2\/posts\/152708\/revisions"}],"wp:featuredmedia":[{"embeddable":true,"href":"https:\/\/www.europesays.com\/pl\/wp-json\/wp\/v2\/media\/152709"}],"wp:attachment":[{"href":"https:\/\/www.europesays.com\/pl\/wp-json\/wp\/v2\/media?parent=152708"}],"wp:term":[{"taxonomy":"category","embeddable":true,"href":"https:\/\/www.europesays.com\/pl\/wp-json\/wp\/v2\/categories?post=152708"},{"taxonomy":"post_tag","embeddable":true,"href":"https:\/\/www.europesays.com\/pl\/wp-json\/wp\/v2\/tags?post=152708"}],"curies":[{"name":"wp","href":"https:\/\/api.w.org\/{rel}","templated":true}]}}