{"id":152710,"date":"2025-12-15T19:43:10","date_gmt":"2025-12-15T19:43:10","guid":{"rendered":"https:\/\/www.europesays.com\/pl\/152710\/"},"modified":"2025-12-15T19:43:10","modified_gmt":"2025-12-15T19:43:10","slug":"tatry-tragiczny-wypadek-na-orlej-perci-nie-zyje-20-letni-turysta","status":"publish","type":"post","link":"https:\/\/www.europesays.com\/pl\/152710\/","title":{"rendered":"Tatry. Tragiczny wypadek na Orlej Perci. Nie \u017cyje 20-letni turysta"},"content":{"rendered":"<p>W skr\u00f3cie<\/p>\n<ul class=\"typography ids-typeset-body ids-typeset-body--preset-large list ids-list ids-list--unordered ids-list--size-large \" datatype=\"disc\">\n<li class=\"ids-list-item\">\n<p>20-letni turysta zgin\u0105\u0142, spadaj\u0105c z du\u017cej wysoko\u015bci w rejonie Orlej Perci w Tatrach.<\/p>\n<\/li>\n<li class=\"ids-list-item\">\n<p>Jego matka zg\u0142osi\u0142a zagini\u0119cie po nieudanej pr\u00f3bie kontaktu, co uruchomi\u0142o akcj\u0119 poszukiwawcz\u0105 TOPR.<\/p>\n<\/li>\n<li class=\"ids-list-item\">\n<p>Ratownicy apeluj\u0105 o ostro\u017cno\u015b\u0107, gdy\u017c trudne warunki na szlakach powoduj\u0105 wzrost liczby wypadk\u00f3w.<\/p>\n<\/li>\n<li class=\"ids-list-item\"><\/li>\n<\/ul>\n<p class=\"typography ids-typeset-body ids-typeset-body--preset-large link paragraph ids-paragraph ids-paragraph--default\">Zg\u0142oszenie od matki m\u0142odego turysty wp\u0142yn\u0119\u0142o do Tatrza\u0144skiego Ochotniczego Pogotowia Ratunkowego w poniedzia\u0142ek przed po\u0142udniem. Po sprawdzeniu schronisk i potwierdzeniu, ze telefon 20-latka loguje si\u0119 w Tatrach, zorganizowano poszukiwawczy lot \u015bmig\u0142owcem.<\/p>\n<p class=\"typography ids-typeset-body ids-typeset-body--preset-large link paragraph ids-paragraph ids-paragraph--default\">Ratownicy szybko wypatrzyli zw\u0142oki m\u0119\u017cczyzny. Jak przekazali w komunikacie, 20-latek spad\u0142 kilkaset metr\u00f3w z rejonu Kozich Czub do Doliny Koziej i dozna\u0142 obszernych obra\u017ce\u0144. &#8222;Ratownikom pozosta\u0142 smutny obowi\u0105zek transportu cia\u0142a do <a href=\"https:\/\/wydarzenia.interia.pl\/tematy-zakopane,gsbi,5750\" rel=\"nofollow noopener\" target=\"_blank\">Zakopanego<\/a>&#8221; &#8211; czytamy.<\/p>\n<p>\u015amiertelny wypadek na Orlej Perci. Nie \u017cyje 20-letni m\u0119\u017cczyzna<\/p>\n<p class=\"typography ids-typeset-body ids-typeset-body--preset-large link paragraph ids-paragraph ids-paragraph--default\">To nie jedyna niebezpieczna sytuacja w polskich g\u00f3rach. &#8222;W ostatnich dniach dosz\u0142o do kilku upadk\u00f3w z wysoko\u015bci. W rejonie Ma\u0142ego Giewontu, dwukrotnie na <a href=\"https:\/\/wydarzenia.interia.pl\/tematy-rysy,gsbi,4560\" rel=\"nofollow noopener\" target=\"_blank\">Rysach<\/a> oraz na Kozim Wierchu&#8221; &#8211; przekaza\u0142 TOPR w komunikacie.<\/p>\n<p class=\"typography ids-typeset-body ids-typeset-body--preset-large link paragraph ids-paragraph ids-paragraph--default\">Ratownicy g\u00f3rscy zaapelowali do turyst\u00f3w o zachowanie\u00a0szczeg\u00f3lnej ostro\u017cno\u015bci. W wy\u017cszych partiach <a href=\"https:\/\/wydarzenia.interia.pl\/tematy-tatry,gsbi,4696\" rel=\"nofollow noopener\" target=\"_blank\">Tatr<\/a> warstwa \u015bniegu jest miejscami twarda i zrogowacia\u0142a, a spod niej wystaje wiele ska\u0142.<\/p>\n<p class=\"typography ids-typeset-body ids-typeset-body--preset-large link paragraph ids-paragraph ids-paragraph--default\">Prognozy wskazuj\u0105 na to, \u017ce w kolejnych dniach warunki w g\u00f3rach nie ulegn\u0105 poprawie. Aby porusza\u0107 si\u0119 po tak stromym terenie w wymagaj\u0105cych warunkach, niezb\u0119dne s\u0105 rozwini\u0119te umiej\u0119tno\u015bci chodzenia w rakach i u\u017cywania czekana.<\/p>\n<p>\u015amiszek: Prezydent &#8222;podpala&#8221; spok\u00f3j spo\u0142eczny i robi wojn\u0119 domow\u0105Polsat NewsPolsat News<\/p>\n<p><a class=\"ids-undecorated-link source ids-page-info--source__link\" href=\"https:\/\/www.interia.pl\" rel=\"nofollow noopener\" target=\"_blank\"><img decoding=\"async\" class=\"ids-image-holder__img\" loading=\"lazy\" alt=\"\" title=\"\" height=\"24px\" src=\"https:\/\/www.europesays.com\/pl\/wp-content\/uploads\/2025\/12\/1765825632_127_0009A60QQ5I2TYF7-C202-F4.webp.webp\"\/><\/a><\/p>\n<p>Masz sugestie, uwagi albo widzisz b\u0142\u0105d? Napisz do nas<\/p>\n","protected":false},"excerpt":{"rendered":"W skr\u00f3cie 20-letni turysta zgin\u0105\u0142, spadaj\u0105c z du\u017cej wysoko\u015bci w rejonie Orlej Perci w Tatrach. Jego matka zg\u0142osi\u0142a&hellip;\n","protected":false},"author":2,"featured_media":152711,"comment_status":"","ping_status":"","sticky":false,"template":"","format":"standard","meta":{"footnotes":""},"categories":[12],"tags":[32,33,36,37,27,34,35,28,31,25,42,38,40,39,41,29,30,26],"class_list":{"0":"post-152710","1":"post","2":"type-post","3":"status-publish","4":"format-standard","5":"has-post-thumbnail","7":"category-polska","8":"tag-breaking-news","9":"tag-breakingnews","10":"tag-featured-news","11":"tag-featurednews","12":"tag-headlines","13":"tag-latest-news","14":"tag-latestnews","15":"tag-naglowki","16":"tag-najwazniejsze-artykuly","17":"tag-news","18":"tag-pl","19":"tag-poland","20":"tag-polish","21":"tag-polska","22":"tag-polski","23":"tag-top-stories","24":"tag-topstories","25":"tag-wiadomosci"},"share_on_mastodon":{"url":"https:\/\/pubeurope.com\/@pl\/115725298319407819","error":""},"_links":{"self":[{"href":"https:\/\/www.europesays.com\/pl\/wp-json\/wp\/v2\/posts\/152710","targetHints":{"allow":["GET"]}}],"collection":[{"href":"https:\/\/www.europesays.com\/pl\/wp-json\/wp\/v2\/posts"}],"about":[{"href":"https:\/\/www.europesays.com\/pl\/wp-json\/wp\/v2\/types\/post"}],"author":[{"embeddable":true,"href":"https:\/\/www.europesays.com\/pl\/wp-json\/wp\/v2\/users\/2"}],"replies":[{"embeddable":true,"href":"https:\/\/www.europesays.com\/pl\/wp-json\/wp\/v2\/comments?post=152710"}],"version-history":[{"count":0,"href":"https:\/\/www.europesays.com\/pl\/wp-json\/wp\/v2\/posts\/152710\/revisions"}],"wp:featuredmedia":[{"embeddable":true,"href":"https:\/\/www.europesays.com\/pl\/wp-json\/wp\/v2\/media\/152711"}],"wp:attachment":[{"href":"https:\/\/www.europesays.com\/pl\/wp-json\/wp\/v2\/media?parent=152710"}],"wp:term":[{"taxonomy":"category","embeddable":true,"href":"https:\/\/www.europesays.com\/pl\/wp-json\/wp\/v2\/categories?post=152710"},{"taxonomy":"post_tag","embeddable":true,"href":"https:\/\/www.europesays.com\/pl\/wp-json\/wp\/v2\/tags?post=152710"}],"curies":[{"name":"wp","href":"https:\/\/api.w.org\/{rel}","templated":true}]}}