{"id":152712,"date":"2025-12-15T19:44:08","date_gmt":"2025-12-15T19:44:08","guid":{"rendered":"https:\/\/www.europesays.com\/pl\/152712\/"},"modified":"2025-12-15T19:44:08","modified_gmt":"2025-12-15T19:44:08","slug":"dziura-finansow-publicznych-coraz-wieksza-ministerstwo-finansow-przedstawia-wyliczenia","status":"publish","type":"post","link":"https:\/\/www.europesays.com\/pl\/152712\/","title":{"rendered":"Dziura finans\u00f3w publicznych coraz wi\u0119ksza. Ministerstwo Finans\u00f3w przedstawia wyliczenia"},"content":{"rendered":"<p data-section=\"detail-body\">Ministerstwo Finans\u00f3w informuje, \u017ce po jedenastu miesi\u0105cach 2025 r. dochody do bud\u017cetu pa\u0144stwa wynios\u0142y 526,1 mld z\u0142, a wydatki 771 mld z\u0142.  Wskazano, \u017ce wykonanie dochod\u00f3w osi\u0105gn\u0119\u0142o 83,1 proc. planu rocznego, wydatki \u2013 83,7 proc., a deficyt \u2013 84,8 proc. w por\u00f3wnaniu z ustaw\u0105 bud\u017cetow\u0105 na ten rok.<\/p>\n<p class=\"article_p\" data-section=\"detail-body\">Najwi\u0119kszy udzia\u0142 w dochodach mia\u0142y wp\u0142ywy z podatku VAT, kt\u00f3re wynios\u0142y 297,9 mld z\u0142, oraz z podatku akcyzowego, wynosz\u0105ce 83,4 mld z\u0142.<\/p>\n<p class=\"article_p\" data-section=\"detail-body\">Dalsza cz\u0119\u015b\u0107 artyku\u0142u pod materia\u0142em wideo:<\/p>\n<p class=\"article_p\" data-section=\"detail-body\"> Prosta matematyka wskazuje nam, \u017ce przy przedstawionych warto\u015bciach deficyt bud\u017cetu pa\u0144stwa osi\u0105gn\u0105\u0142 244,9 mld z\u0142.<\/p>\n<p>            Czytaj tak\u017ce w BUSINESS INSIDER<\/p>\n<p>        Reforma JST ci\u0105\u017cy na bud\u017cecie<\/p>\n<p class=\"article_p\" data-section=\"detail-body\">Wed\u0142ug Ministerstwa Finans\u00f3w, gdyby nie reforma dotycz\u0105ca udzia\u0142\u00f3w jednostek samorz\u0105du terytorialnego (JST) w dochodach, bud\u017cet pa\u0144stwa uzyska\u0142by \u0142\u0105cznie 634,5 mld z\u0142, czyli o 108,4 mld z\u0142 wi\u0119cej ni\u017c obecnie. <\/p>\n<p class=\"article_p\" data-section=\"detail-body\">W por\u00f3wnaniu z analogicznym okresem 2024 r. oznacza\u0142oby to wzrost dochod\u00f3w o 55,7 mld z\u0142, co stanowi 9,6 proc. wi\u0119cej rok do roku. Resort podkre\u015bli\u0142, \u017ce spadek dochod\u00f3w w stosunku do ubieg\u0142ego roku wynika wy\u0142\u0105cznie z innego podzia\u0142u wp\u0142yw\u00f3w z podatk\u00f3w PIT i CIT mi\u0119dzy bud\u017cet pa\u0144stwa a JST.<\/p>\n<p class=\"article_p\" data-section=\"detail-body\">Czytaj tak\u017ce: <a href=\"https:\/\/businessinsider.com.pl\/gospodarka\/budzet-polski-pod-presja-rekordowe-transfery-socjalne-i-rosnacy-dlug\/qvkzlbe\" id=\"63cc64c5-0b9c-4f38-b7b3-ad0f942a8afa\" rel=\"nofollow noopener\" target=\"_blank\">&#8222;Szwedzki socjal i irlandzkie podatki&#8221;. Polska w kleszczach wydatk\u00f3w socjalnych<\/a><\/p>\n<p class=\"article_p\" data-section=\"detail-body\">Obecne dane pokazuj\u0105, \u017ce dochody bud\u017cetu pa\u0144stwa by\u0142y ni\u017csze o 52,7 mld z\u0142, co stanowi spadek o 9,1 proc. w por\u00f3wnaniu z ubieg\u0142ym rokiem, kiedy wynosi\u0142y 578,8 mld z\u0142. Dochody podatkowe osi\u0105gn\u0119\u0142y 465,9 mld z\u0142, co oznacza spadek o 52,4 mld z\u0142 (10,1 proc. rdr). <\/p>\n<p>        Przychody z VAT, CIT i PIT. Ministerstwo Finans\u00f3w podaje wyliczenia<\/p>\n<p class=\"article_p\" data-section=\"detail-body\">W tej kwocie dochody z VAT wzros\u0142y o 25,9 mld z\u0142 (9,5 proc. rdr), osi\u0105gaj\u0105c 297,9 mld z\u0142. Z kolei wp\u0142ywy z podatku akcyzowego wzros\u0142y o 2 mld z\u0142, co stanowi wzrost o 2,3 proc. rdr.<\/p>\n<p class=\"article_p\" data-section=\"detail-body\">Ministerstwo Finans\u00f3w zwr\u00f3ci\u0142o r\u00f3wnie\u017c uwag\u0119 na wp\u0142ywy z podatku PIT. Dochody bud\u017cetu pa\u0144stwa z tego tytu\u0142u wynios\u0142y 5,9 mld z\u0142, co oznacza spadek o 85,9 mld z\u0142 w por\u00f3wnaniu z analogicznym okresem ubieg\u0142ego roku. Jednak ca\u0142kowite wp\u0142ywy sektora finans\u00f3w publicznych z PIT, obejmuj\u0105ce bud\u017cet pa\u0144stwa i JST, wynios\u0142y 179,9 mld z\u0142 i by\u0142y wy\u017csze o 21,3 mld z\u0142 (13,4 proc. rdr). <\/p>\n<p class=\"article_p\" data-section=\"detail-body\">W warunkach por\u00f3wnywalnych, bez reformy udzia\u0142\u00f3w JST, dochody bud\u017cetu pa\u0144stwa z PIT mog\u0142yby wynie\u015b\u0107 102,7 mld z\u0142, co oznacza\u0142oby wzrost o 11,8 proc. rdr.<\/p>\n<p class=\"article_p\" data-section=\"detail-body\">Podobnie sytuacja wygl\u0105da w przypadku podatku CIT. Dochody bud\u017cetu pa\u0144stwa z tego tytu\u0142u osi\u0105gn\u0119\u0142y 58,1 mld z\u0142, co oznacza wzrost o 3,4 mld z\u0142 (6,2 proc. rdr). Bez reformy JST dochody z CIT wynios\u0142yby 64,9 mld z\u0142, co oznacza\u0142oby wzrost o 18,7 proc. rdr.<\/p>\n<p class=\"article_p\" data-section=\"detail-body\">Dochody niepodatkowe bud\u017cetu pa\u0144stwa w okresie stycze\u0144\u2013listopad 2025 r. wynios\u0142y 58,2 mld z\u0142, co stanowi spadek o 0,3 mld z\u0142 (0,6 proc.) w stosunku do analogicznego okresu 2024 r.<\/p>\n<p class=\"article_p\" data-section=\"detail-body\">Czytaj tak\u017ce: <a href=\"https:\/\/businessinsider.com.pl\/gospodarka\/budzet-2026-przeglosowany-przez-sejm-co-dalej\/ysx202y\" id=\"29da81d1-9bc1-4654-8c6c-5ae546a4a62d\" rel=\"nofollow noopener\" target=\"_blank\">Bud\u017cet pa\u0144stwa 2026. Zobacz, co zdecydowa\u0142 Sejm i co dalej z kluczow\u0105 ustaw\u0105<\/a><\/p>\n<p class=\"article_p\" data-section=\"detail-body\">Wydatki bud\u017cetu pa\u0144stwa w tym samym okresie osi\u0105gn\u0119\u0142y 771 mld z\u0142, co stanowi 83,7 proc. planu rocznego. By\u0142y one wy\u017csze o 50,4 mld z\u0142 (7 proc. rdr) w por\u00f3wnaniu z ubieg\u0142ym rokiem, kiedy wynosi\u0142y 720,6 mld z\u0142.<\/p>\n<p class=\"article_p\" data-section=\"detail-body\">Bud\u017cet pa\u0144stwa na 2025 r. zak\u0142ada deficyt w wysoko\u015bci 288,8 mld z\u0142, przy dochodach wynosz\u0105cych 632,85 mld z\u0142 i wydatkach na poziomie 921,62 mld z\u0142.<\/p>\n","protected":false},"excerpt":{"rendered":"Ministerstwo Finans\u00f3w informuje, \u017ce po jedenastu miesi\u0105cach 2025 r. dochody do bud\u017cetu pa\u0144stwa wynios\u0142y 526,1 mld z\u0142, a&hellip;\n","protected":false},"author":2,"featured_media":152451,"comment_status":"","ping_status":"","sticky":false,"template":"","format":"standard","meta":{"footnotes":""},"categories":[5],"tags":[32,33,36,37,27,34,35,28,31,25,42,38,40,39,41,29,30,26],"class_list":{"0":"post-152712","1":"post","2":"type-post","3":"status-publish","4":"format-standard","5":"has-post-thumbnail","7":"category-naglowki","8":"tag-breaking-news","9":"tag-breakingnews","10":"tag-featured-news","11":"tag-featurednews","12":"tag-headlines","13":"tag-latest-news","14":"tag-latestnews","15":"tag-naglowki","16":"tag-najwazniejsze-artykuly","17":"tag-news","18":"tag-pl","19":"tag-poland","20":"tag-polish","21":"tag-polska","22":"tag-polski","23":"tag-top-stories","24":"tag-topstories","25":"tag-wiadomosci"},"share_on_mastodon":{"url":"https:\/\/pubeurope.com\/@pl\/115725301623833336","error":""},"_links":{"self":[{"href":"https:\/\/www.europesays.com\/pl\/wp-json\/wp\/v2\/posts\/152712","targetHints":{"allow":["GET"]}}],"collection":[{"href":"https:\/\/www.europesays.com\/pl\/wp-json\/wp\/v2\/posts"}],"about":[{"href":"https:\/\/www.europesays.com\/pl\/wp-json\/wp\/v2\/types\/post"}],"author":[{"embeddable":true,"href":"https:\/\/www.europesays.com\/pl\/wp-json\/wp\/v2\/users\/2"}],"replies":[{"embeddable":true,"href":"https:\/\/www.europesays.com\/pl\/wp-json\/wp\/v2\/comments?post=152712"}],"version-history":[{"count":0,"href":"https:\/\/www.europesays.com\/pl\/wp-json\/wp\/v2\/posts\/152712\/revisions"}],"wp:featuredmedia":[{"embeddable":true,"href":"https:\/\/www.europesays.com\/pl\/wp-json\/wp\/v2\/media\/152451"}],"wp:attachment":[{"href":"https:\/\/www.europesays.com\/pl\/wp-json\/wp\/v2\/media?parent=152712"}],"wp:term":[{"taxonomy":"category","embeddable":true,"href":"https:\/\/www.europesays.com\/pl\/wp-json\/wp\/v2\/categories?post=152712"},{"taxonomy":"post_tag","embeddable":true,"href":"https:\/\/www.europesays.com\/pl\/wp-json\/wp\/v2\/tags?post=152712"}],"curies":[{"name":"wp","href":"https:\/\/api.w.org\/{rel}","templated":true}]}}