{"id":152714,"date":"2025-12-15T19:46:14","date_gmt":"2025-12-15T19:46:14","guid":{"rendered":"https:\/\/www.europesays.com\/pl\/152714\/"},"modified":"2025-12-15T19:46:14","modified_gmt":"2025-12-15T19:46:14","slug":"tomasz-kot-o-kosciele-i-wierze-swiadomie-dokonalem-odejscia","status":"publish","type":"post","link":"https:\/\/www.europesays.com\/pl\/152714\/","title":{"rendered":"Tomasz Kot o Ko\u015bciele i wierze. &#8222;\u015awiadomie dokona\u0142em odej\u015bcia&#8221;"},"content":{"rendered":"<p class=\"Paragraph_desktopParagraph__U31Gm\"><a href=\"https:\/\/plejada.pl\/temat\/tomasz-kot-aktor\/8y70zdm\" id=\"bd4bfe60-4926-4d5e-a281-1b53a774c21d\" rel=\"nofollow noopener\" target=\"_blank\">Tomasz Kot<\/a> w rozmowie z Ma\u0142gorzat\u0105 Czop z TVN zdecydowa\u0142 si\u0119 na bardzo osobiste wyznanie dotycz\u0105ce duchowo\u015bci, religii i tzw. my\u015blenia magicznego. Aktor otwarcie przyznaje, \u017ce nie nale\u017cy dzi\u015b do \u017cadnego ko\u015bcio\u0142a, ale jednocze\u015bnie nie wierzy, \u017ce rzeczywisto\u015b\u0107 ko\u0144czy si\u0119 wy\u0142\u0105cznie na tym, co materialne. Jak sam podkre\u015bla, jedno zdanie, kt\u00f3re kiedy\u015b us\u0142ysza\u0142, otworzy\u0142o w nim zupe\u0142nie now\u0105 perspektyw\u0119:<\/p>\n<blockquote>\n<p class=\"Paragraph_desktopParagraph__U31Gm\">To jest bardzo proste. Albo jeste\u015b cia\u0142em, kt\u00f3re ewentualnie ma dusz\u0119, albo jeste\u015b dusz\u0105, kt\u00f3ra na chwil\u0119 ma cia\u0142o<\/p>\n<\/blockquote>\n<p class=\"Paragraph_desktopParagraph__U31Gm\">\u2014 stwierdzi\u0142 aktor.<\/p>\n<ul class=\"OchatFollowUps_wrapper__1ry7X\">\n<li class=\"OchatFollowUps_item__Dhyly OchatFollowUps_itemDesktop__R6aBv\">Jakie wyznanie z\u0142o\u017cy\u0142 Tomasz Kot dotycz\u0105ce duchowo\u015bci?<\/li>\n<li class=\"OchatFollowUps_item__Dhyly OchatFollowUps_itemDesktop__R6aBv\">Co m\u00f3wi Tomasz Kot o religijnym fanatyzmie?<\/li>\n<li class=\"OchatFollowUps_item__Dhyly OchatFollowUps_itemDesktop__R6aBv\">Jak\u0105 rol\u0119 odtwarza Tomasz Kot w serialu?<\/li>\n<li class=\"OchatFollowUps_item__Dhyly OchatFollowUps_itemDesktop__R6aBv\">Dlaczego Tomasz Kot uwa\u017ca, \u017ce przysz\u0142e pokolenia b\u0119d\u0105 patrze\u0107 na nas z dystansem?<\/li>\n<\/ul>\n<p>Tomasz Kot otwarcie o wierze. &#8222;W ramach swojej religii postanawiaj\u0105 si\u0119 wysadzi\u0107&#8221; <\/p>\n<p class=\"Paragraph_desktopParagraph__U31Gm\">Refleksje Tomasza Kota wybrzmiewaj\u0105 szczeg\u00f3lnie mocno w kontek\u015bcie jego najnowszej roli. W serialu &#8222;Niebo. Rok w piekle&#8221; aktor wciela si\u0119 w Piotra \u2013 charyzmatycznego guru religijnej sekty. Jego bohater interpretuje Pismo \u015awi\u0119te, przewiduje przysz\u0142o\u015b\u0107 i obiecuje wyznawcom \u017cyciowe prze\u0142omy. Ta rola sta\u0142a si\u0119 dla aktora impulsem do g\u0142\u0119bszych przemy\u015ble\u0144 na temat wiary i duchowo\u015bci.<\/p>\n<p class=\"Paragraph_desktopParagraph__U31Gm\">Cho\u0107 Tomasz Kot zazwyczaj stroni od publicznych deklaracji \u015bwiatopogl\u0105dowych, tym razem zrobi\u0142 wyj\u0105tek. Zapytany o &#8222;my\u015blenie magiczne&#8221;, przyzna\u0142, \u017ce fascynuje go ono od lat, ale jednocze\u015bnie widzi jego mroczn\u0105 stron\u0119. Aktor nie ukrywa, \u017ce religijne przekonania potrafi\u0105 prowadzi\u0107 do skrajnych, dramatycznych zachowa\u0144.<\/p>\n<blockquote>\n<p class=\"Paragraph_desktopParagraph__U31Gm\">S\u0105 ludzie, kt\u00f3rzy w ramach swojej religii postanawiaj\u0105 si\u0119 wysadzi\u0107 z \u0142adunkiem wybuchowym. Inny zmienia \u017cycie innych w koszmar, bo tak przeczyta\u0142 w pi\u015bmie i uwa\u017ca, \u017ce robi dobrze<\/p>\n<\/blockquote>\n<p class=\"Paragraph_desktopParagraph__U31Gm\">\u2014 powiedzia\u0142 Tomasz Kot.<\/p>\n<p><img decoding=\"async\" class=\"Image_image__0tuHp Image_autoHeight__f2n87 \" height=\"528\" width=\"940\" src=\"https:\/\/www.europesays.com\/pl\/wp-content\/uploads\/2025\/12\/nJqk9kpTURBXy9kMTk1N2E0Mzg4NzRkMTEyNjJjZmY5YmM4MWRmNzE2NS5qcGeSlQLNA6wAwsOVAgDNAkvCw94AA6EwAaExAaEzw.jpeg\" alt=\"Tomasz Kot w serialu &quot;Niebo. Rok w piekle&quot;\" loading=\"lazy\" \/>Marcin Makowski, HBO Max \/ mat. prasowe<\/p>\n<p>Tomasz Kot w serialu &#8222;Niebo. Rok w piekle&#8221;<\/p>\n<p class=\"Paragraph_desktopParagraph__U31Gm\">Zdaniem aktora kluczowe znaczenie ma to, z jakiej perspektywy patrzymy na \u017cycie. Jak t\u0142umaczy, wyb\u00f3r mi\u0119dzy cielesno\u015bci\u0105 a duchowo\u015bci\u0105 automatycznie ustawia hierarchi\u0119 warto\u015bci. \u2014 Je\u015bli wybierasz t\u0119 drug\u0105 perspektyw\u0119 \u2014 t\u0142umaczy Kot, si\u0142\u0105 rzeczy sprawy materialne staj\u0105 si\u0119 mniej wa\u017cne.<\/p>\n<p class=\"Paragraph_desktopParagraph__U31Gm\">Aktor zwraca uwag\u0119 na ludzi g\u0142\u0119boko wierz\u0105cych, kt\u00f3rzy regularnie chodz\u0105 do ko\u015bcio\u0142a i traktuj\u0105 wiar\u0119 jako co\u015b autentycznego i \u017cywego.<\/p>\n<blockquote>\n<p class=\"Paragraph_desktopParagraph__U31Gm\">Dooko\u0142a mamy ludzi, kt\u00f3rzy wierz\u0105, chodz\u0105 do ko\u015bcio\u0142a. Je\u017celi to jest autentyczne, gorliwe uczucie, to oni wierz\u0105, \u017ce dusza jest wieczna, a te par\u0119 dekad na ziemi to sprawdzian, chwila<\/p>\n<\/blockquote>\n<p>Tomasz Kot o Ko\u015bciele: w pe\u0142ni i \u015bwiadomie dokona\u0142em odej\u015bcia <\/p>\n<p class=\"Paragraph_desktopParagraph__U31Gm\">Jednocze\u015bnie Tomasz Kot przypomina, \u017ce przez wieki takie my\u015blenie prowadzi\u0142o do umartwiania cia\u0142a i radykalnych postaw. Sam, cho\u0107 \u015bwiadomie odszed\u0142 od instytucjonalnej religii, nie odrzuca duchowo\u015bci jako takiej.<\/p>\n<blockquote>\n<p class=\"Paragraph_desktopParagraph__U31Gm\">Gdzie\u015b w pe\u0142ni i \u015bwiadomie dokona\u0142em odej\u015bcia, ale z drugiej strony te\u017c nie mam tak, \u017ce nie ma nic. Zak\u0142adam, \u017ce jeste\u015bmy na jakim\u015b kolejnym etapie. (&#8230;) My wielu rzeczy jeszcze nie wiemy<\/p>\n<\/blockquote>\n<p class=\"Paragraph_desktopParagraph__U31Gm\">\u2014 wyzna\u0142 aktor.<\/p>\n<p class=\"Paragraph_desktopParagraph__U31Gm\">Na koniec Tomasz Kot patrzy w przysz\u0142o\u015b\u0107 z du\u017c\u0105 doz\u0105 pokory. Jego zdaniem rozw\u00f3j wiedzy sprawi, \u017ce kolejne pokolenia spojrz\u0105 na nas z podobnym dystansem, z jakim my dzi\u015b patrzymy na ludzi sprzed stu lat.<\/p>\n<blockquote>\n<p class=\"Paragraph_desktopParagraph__U31Gm\">Za 100 lat b\u0119dziemy strasznymi prymitywami dla tych ludzi, oni b\u0119d\u0105 wiedzieli co\u015b znacznie wi\u0119cej <\/p>\n<\/blockquote>\n<p class=\"Paragraph_desktopParagraph__U31Gm\">\u2014 podsumowa\u0142 aktor.<\/p>\n<p><img decoding=\"async\" class=\"Image_image__0tuHp Image_autoHeight__f2n87 \" height=\"587\" width=\"882\" src=\"https:\/\/www.europesays.com\/pl\/wp-content\/uploads\/2025\/12\/ETzk9kpTURBXy9kZmNkZGE5OWJiNDE2NmUxY2JiY2Y1ZDM4ZDU2YTlkNi5qcGeSlQLNA6wAwsOVAgDNAkvCw94AA6EwAaExAaEzw.jpeg\" alt=\"Tomasz Kot\" loading=\"lazy\" \/>Piotr Andrzejczak \/ MW Media<\/p>\n<p>Tomasz Kot<\/p>\n<p class=\"Paragraph_desktopParagraph__U31Gm\">Dzi\u0119kujemy, \u017ce przeczyta\u0142a\u015b\/e\u015b nasz artyku\u0142 do ko\u0144ca. W serwisie Plejada.pl ka\u017cdego dnia piszemy o najwa\u017cniejszych wydarzeniach show-biznesowych. B\u0105d\u017a na bie\u017c\u0105co! <a rel=\"nofollow noopener\" href=\"https:\/\/profile.google.com\/cp\/Cg0vZy8xMWJ6X19wdHBx\" id=\"c6cbe9fd-5e22-4a6d-bc94-88815deeb0a8\" target=\"_blank\">Obserwuj<\/a> Plejad\u0119 w Google. Odwied\u017a nas tak\u017ce na <a rel=\"nofollow noopener\" href=\"https:\/\/www.facebook.com\/plejadapl\" id=\"c80b2b32-910f-4e89-9ad2-3172f631ed5b\" target=\"_blank\">Facebooku<\/a>, <a rel=\"nofollow noopener\" href=\"https:\/\/www.instagram.com\/plejadapl\/\" id=\"a50a244e-803a-435a-9b57-14854ffe54a5\" target=\"_blank\">Instagramie<\/a>, <a rel=\"nofollow noopener\" href=\"https:\/\/www.youtube.com\/c\/plejada\" id=\"d25d3bef-575d-40f0-85cf-923051169ed8\" target=\"_blank\">YouTubie<\/a> oraz <a rel=\"nofollow noopener\" href=\"https:\/\/www.tiktok.com\/@plejada_pl\" id=\"4b2b5e98-5ad9-4789-b028-d5a9fde366a4\" target=\"_blank\">TikToku<\/a>.<\/p>\n<p class=\"Paragraph_desktopParagraph__U31Gm\">Chcesz podzieli\u0107 si\u0119 ciekawym newsem lub zaproponowa\u0107 temat? Skontaktuj si\u0119 z nami, pisz\u0105c maila na adres: <a href=\"https:\/\/www.onet.pl\/styl-zycia\/plejada\/tomasz-kot-o-kosciele-i-wierze-swiadomie-dokonalem-odejscia\/mailto:plejada@redakcjaonet.pl\" id=\"f0ce7765-9301-4ef2-ba90-79ca314c02ab\" rel=\"nofollow noopener\" target=\"_blank\">plejada@redakcjaon<\/a><a rel=\"nofollow noopener\" href=\"http:\/\/et.pl\" id=\"f0061eef-4f67-43a4-8c0a-299e28ef884b\" target=\"_blank\">et.pl<\/a>.<\/p>\n<p><script async src=\"\/\/www.instagram.com\/embed.js\"><\/script><script async src=\"\/\/www.tiktok.com\/embed.js\"><\/script><\/p>\n","protected":false},"excerpt":{"rendered":"Tomasz Kot w rozmowie z Ma\u0142gorzat\u0105 Czop z TVN zdecydowa\u0142 si\u0119 na bardzo osobiste wyznanie dotycz\u0105ce duchowo\u015bci, religii&hellip;\n","protected":false},"author":2,"featured_media":152715,"comment_status":"","ping_status":"","sticky":false,"template":"","format":"standard","meta":{"footnotes":""},"categories":[22],"tags":[122,67,261,53,52,68,51,55,42,38,40,39,41,1270,123,47,30660,65,50],"class_list":{"0":"post-152714","1":"post","2":"type-post","3":"status-publish","4":"format-standard","5":"has-post-thumbnail","7":"category-rozrywka","8":"tag-entertainment","9":"tag-intextvideo_splayer","10":"tag-kultura","11":"tag-new_header","12":"tag-onet3","13":"tag-onet3d","14":"tag-onet3d_2i","15":"tag-phx","16":"tag-pl","17":"tag-poland","18":"tag-polish","19":"tag-polska","20":"tag-polski","21":"tag-religia_wiara","22":"tag-rozrywka","23":"tag-screening_general","24":"tag-tomasz_kot_aktor","25":"tag-update_me","26":"tag-v2021"},"share_on_mastodon":{"url":"https:\/\/pubeurope.com\/@pl\/115725309997047167","error":""},"_links":{"self":[{"href":"https:\/\/www.europesays.com\/pl\/wp-json\/wp\/v2\/posts\/152714","targetHints":{"allow":["GET"]}}],"collection":[{"href":"https:\/\/www.europesays.com\/pl\/wp-json\/wp\/v2\/posts"}],"about":[{"href":"https:\/\/www.europesays.com\/pl\/wp-json\/wp\/v2\/types\/post"}],"author":[{"embeddable":true,"href":"https:\/\/www.europesays.com\/pl\/wp-json\/wp\/v2\/users\/2"}],"replies":[{"embeddable":true,"href":"https:\/\/www.europesays.com\/pl\/wp-json\/wp\/v2\/comments?post=152714"}],"version-history":[{"count":0,"href":"https:\/\/www.europesays.com\/pl\/wp-json\/wp\/v2\/posts\/152714\/revisions"}],"wp:featuredmedia":[{"embeddable":true,"href":"https:\/\/www.europesays.com\/pl\/wp-json\/wp\/v2\/media\/152715"}],"wp:attachment":[{"href":"https:\/\/www.europesays.com\/pl\/wp-json\/wp\/v2\/media?parent=152714"}],"wp:term":[{"taxonomy":"category","embeddable":true,"href":"https:\/\/www.europesays.com\/pl\/wp-json\/wp\/v2\/categories?post=152714"},{"taxonomy":"post_tag","embeddable":true,"href":"https:\/\/www.europesays.com\/pl\/wp-json\/wp\/v2\/tags?post=152714"}],"curies":[{"name":"wp","href":"https:\/\/api.w.org\/{rel}","templated":true}]}}