{"id":152722,"date":"2025-12-15T19:50:13","date_gmt":"2025-12-15T19:50:13","guid":{"rendered":"https:\/\/www.europesays.com\/pl\/152722\/"},"modified":"2025-12-15T19:50:13","modified_gmt":"2025-12-15T19:50:13","slug":"koszalin-wyrwal-niemowle-z-rak-matki-porywacz-zatrzymany-przez-policje","status":"publish","type":"post","link":"https:\/\/www.europesays.com\/pl\/152722\/","title":{"rendered":"Koszalin. Wyrwa\u0142 niemowl\u0119 z r\u0105k matki. Porywacz zatrzymany przez policj\u0119"},"content":{"rendered":"<p>Do dramatycznego zdarzenia dosz\u0142o w poniedzia\u0142ek rano na terenie jednego z koszali\u0144skich osiedli. 38-letni m\u0119\u017cczyzna podbieg\u0142 do kobiety z dzieckiem, wyrwa\u0142 jej 10-miesi\u0119czne niemowl\u0119 i uciek\u0142 do samochodu, w kt\u00f3rym znajdowa\u0142a si\u0119 kolejna osoba.<\/p>\n<p>\u00a0<\/p>\n<p>ZOBACZ: <a href=\"https:\/\/www.polsatnews.pl\/wiadomosc\/2024-09-05\/porwanie-15-latka-kolo-leborka-sprawcy-niewiele-starsi-od-ofiary\/\" rel=\"nofollow noopener\" target=\"_blank\">Porwanie 15-latka ko\u0142o L\u0119borka. Sprawcy niewiele starsi od ofiary<\/a><\/p>\n<p>\u00a0<\/p>\n<p>Matka poinformowa\u0142a o zdarzeniu policj\u0119, a mundurowi natychmiast przyst\u0105pili do poszukiwania dziecka i jego porywaczy.<\/p>\n<p>Porwanie dziecka w Koszalinie. B\u0142yskawiczna akcja policji<\/p>\n<p>&#8211; Wszystkie dost\u0119pne patrole zosta\u0142y natychmiast skierowane w rejon miasta, w okolice miejsca zamieszkania kobiety oraz na g\u0142\u00f3wne drogi wyjazdowe. Do dzia\u0142a\u0144 w\u0142\u0105czono r\u00f3wnie\u017c przewodnik\u00f3w z psami s\u0142u\u017cbowymi oraz policjant\u00f3w pionu prewencji, ruchu drogowego, kryminalnego i wywiadowc\u00f3w. R\u00f3wnolegle trwa\u0142y intensywne ustalenia dotycz\u0105ce sprawcy i pojazdu, kt\u00f3rym m\u00f3g\u0142 si\u0119 porusza\u0107 &#8211; wyja\u015bni\u0142a w rozmowie z Onetem nadkom. Monika Kosiec z koszali\u0144skiej policji.<\/p>\n<p>\u00a0<\/p>\n<p>M\u0119\u017cczyzn\u0119 uda\u0142o si\u0119 namierzy\u0107 na trasie szybkiego ruchu w okolicach Ko\u0142obrzegu. Podr\u00f3\u017cowa\u0142 on pojazdem marki BMW wraz z 50-letnim kierowc\u0105. Przemieszczaj\u0105cy si\u0119 radiowozem policjanci zatrzymali auto do kontroli.<\/p>\n<p>\u00a0<\/p>\n<p>ZOBACZ: <a href=\"https:\/\/www.polsatnews.pl\/wiadomosc\/2025-11-04\/dramatyczny-incydent-w-olkuszu-42-latek-porwany-w-bialy-dzien\/\" rel=\"nofollow noopener\" target=\"_blank\">Dramatyczny incydent w Olkuszu. 42-latek porwany w bia\u0142y dzie\u0144<\/a><\/p>\n<p>\u00a0<\/p>\n<p>Porywacze zostali zatrzymani i trafili do policyjnej izby zatrzyma\u0144. 10-miesi\u0119czny ch\u0142opiec zosta\u0142 przebadany przez zesp\u00f3\u0142 karetki pogotowia. Jego zdrowiu i \u017cyciu nie zagra\u017ca niebezpiecze\u0144stwo.<\/p>\n<p>Policja: Porywacz nie by\u0142 spokrewniony z dzieckiem<\/p>\n<p>Wiadomo, \u017ce podejrzewany o porwanie by\u0142 w przesz\u0142o\u015bci karany. Jego 50-letni kompan natomiast nie wchodzi\u0142 wcze\u015bniej w konflikty z prawem.<\/p>\n<p>\u00a0<\/p>\n<p>&#8211; Mog\u0119 potwierdzi\u0107, \u017ce nie jest on spokrewniony z dzieckiem i jego matk\u0105 &#8211; przekaza\u0142a polsatnews.pl aspirant Izabela Sreberska.<\/p>\n<p>\u00a0<\/p>\n<p>ZOBACZ: <a href=\"https:\/\/www.polsatnews.pl\/wiadomosc\/2022-12-26\/usa-drugi-z-porwanych-pieciomiesiecznych-blizniakow-odnalazl-sie-przed-swietami-to-cud\/\" rel=\"nofollow noopener\" target=\"_blank\">USA: Drugi z porwanych pi\u0119ciomiesi\u0119cznych bli\u017aniak\u00f3w odnalaz\u0142 si\u0119 przed \u015bwi\u0119tami. &#8222;To cud&#8221;<\/a><\/p>\n<p>\u00a0<\/p>\n<p>Doda\u0142a, \u017ce jest za wcze\u015bnie, \u017ceby m\u00f3wi\u0107 o motywie sprawcy. &#8211; Na wtorek zaplanowano przeprowadzenie czynno\u015bci z m\u0119\u017cczyznami. Po ich zako\u0144czeniu b\u0119dziemy mogli udzieli\u0107 wi\u0119cej informacji &#8211; powiedzia\u0142a nam funkcjonariuszka.<\/p>\n<p>\u00a0<\/p>\n<p>Widzia\u0142e\u015b co\u015b wa\u017cnego? Przy\u015blij zdj\u0119cie, film lub napisz, co si\u0119 sta\u0142o. Skorzystaj z naszej <a href=\"https:\/\/www.polsatnews.pl\/platforma-widzow\/\" target=\"_blank\" rel=\"noopener noreferrer nofollow\">Wrzutni<\/a><\/p>\n<p>                <img decoding=\"async\" src=\"https:\/\/www.europesays.com\/pl\/wp-content\/uploads\/2025\/12\/1765828213_212_81y5e68a5tes7ri4jj2scf4ajsw2ypwx.jpg\" alt=\"\" itemprop=\"contentUrl\" style=\"position:absolute; width: 100%; max-height: 100%;\"\/><video controls=\"\" controlslist=\"nodownload\" poster=\"https:\/\/www.europesays.com\/pl\/wp-content\/uploads\/2025\/12\/1765828213_212_81y5e68a5tes7ri4jj2scf4ajsw2ypwx.jpg\" class=\"videoPlayer player6855535 news__video\" data-id=\"6855535\">Twoja przegl\u0105darka nie wspiera odtwarzacza wideo&#8230;<\/video><\/p>\n<p>                <a class=\"news__read-more-button\" href=\"https:\/\/www.polsatnews.pl\/\" rel=\"nofollow noopener\" target=\"_blank\">Czytaj wi\u0119cej<\/a><\/p>\n","protected":false},"excerpt":{"rendered":"Do dramatycznego zdarzenia dosz\u0142o w poniedzia\u0142ek rano na terenie jednego z koszali\u0144skich osiedli. 38-letni m\u0119\u017cczyzna podbieg\u0142 do kobiety&hellip;\n","protected":false},"author":2,"featured_media":152723,"comment_status":"","ping_status":"","sticky":false,"template":"","format":"standard","meta":{"footnotes":""},"categories":[12],"tags":[32,33,36,37,27,34,35,28,31,25,42,38,40,39,41,29,30,26],"class_list":{"0":"post-152722","1":"post","2":"type-post","3":"status-publish","4":"format-standard","5":"has-post-thumbnail","7":"category-polska","8":"tag-breaking-news","9":"tag-breakingnews","10":"tag-featured-news","11":"tag-featurednews","12":"tag-headlines","13":"tag-latest-news","14":"tag-latestnews","15":"tag-naglowki","16":"tag-najwazniejsze-artykuly","17":"tag-news","18":"tag-pl","19":"tag-poland","20":"tag-polish","21":"tag-polska","22":"tag-polski","23":"tag-top-stories","24":"tag-topstories","25":"tag-wiadomosci"},"share_on_mastodon":{"url":"https:\/\/pubeurope.com\/@pl\/115725325618710597","error":""},"_links":{"self":[{"href":"https:\/\/www.europesays.com\/pl\/wp-json\/wp\/v2\/posts\/152722","targetHints":{"allow":["GET"]}}],"collection":[{"href":"https:\/\/www.europesays.com\/pl\/wp-json\/wp\/v2\/posts"}],"about":[{"href":"https:\/\/www.europesays.com\/pl\/wp-json\/wp\/v2\/types\/post"}],"author":[{"embeddable":true,"href":"https:\/\/www.europesays.com\/pl\/wp-json\/wp\/v2\/users\/2"}],"replies":[{"embeddable":true,"href":"https:\/\/www.europesays.com\/pl\/wp-json\/wp\/v2\/comments?post=152722"}],"version-history":[{"count":0,"href":"https:\/\/www.europesays.com\/pl\/wp-json\/wp\/v2\/posts\/152722\/revisions"}],"wp:featuredmedia":[{"embeddable":true,"href":"https:\/\/www.europesays.com\/pl\/wp-json\/wp\/v2\/media\/152723"}],"wp:attachment":[{"href":"https:\/\/www.europesays.com\/pl\/wp-json\/wp\/v2\/media?parent=152722"}],"wp:term":[{"taxonomy":"category","embeddable":true,"href":"https:\/\/www.europesays.com\/pl\/wp-json\/wp\/v2\/categories?post=152722"},{"taxonomy":"post_tag","embeddable":true,"href":"https:\/\/www.europesays.com\/pl\/wp-json\/wp\/v2\/tags?post=152722"}],"curies":[{"name":"wp","href":"https:\/\/api.w.org\/{rel}","templated":true}]}}