{"id":152724,"date":"2025-12-15T19:51:15","date_gmt":"2025-12-15T19:51:15","guid":{"rendered":"https:\/\/www.europesays.com\/pl\/152724\/"},"modified":"2025-12-15T19:51:15","modified_gmt":"2025-12-15T19:51:15","slug":"smierc-roba-i-michele-reinerow-syn-pary-aresztowany","status":"publish","type":"post","link":"https:\/\/www.europesays.com\/pl\/152724\/","title":{"rendered":"\u015amier\u0107 Roba i Michele Reiner\u00f3w: Syn pary aresztowany"},"content":{"rendered":"<p>\u015awiatem wstrz\u0105sn\u0119\u0142a dzi\u015b \u015bmier\u0107 <a class=\"internal\" href=\"https:\/\/www.filmweb.pl\/person\/Rob+Reiner-5774\" title=\"Roba\" rel=\"nofollow noopener\" target=\"_blank\">Roba<\/a> i Michele Reiner\u00f3w. Cia\u0142a hollywoodzkiego re\u017cysera i aktora znanego z takich film\u00f3w jak &#8222;<a class=\"internal\" href=\"https:\/\/www.filmweb.pl\/film\/Misery-1990-1237\" title=\"Misery\" rel=\"nofollow noopener\" target=\"_blank\">Misery<\/a>&#8222;, &#8222;<a class=\"internal\" href=\"https:\/\/www.filmweb.pl\/film\/Ludzie+honoru-1992-1004\" title=\"Ludzie honoru\" rel=\"nofollow noopener\" target=\"_blank\">Ludzie honoru<\/a>&#8221; czy &#8222;<a class=\"internal\" href=\"https:\/\/www.filmweb.pl\/film\/Kiedy+Harry+pozna%C5%82+Sally-1989-1266\" title=\"Kiedy Harry pozna\u0142 Sally\" rel=\"nofollow noopener\" target=\"_blank\">Kiedy Harry pozna\u0142 Sally<\/a>&#8221; oraz jego \u017cony zosta\u0142y znalezione w ich domu. Podejrzany o morderstwo by\u0142 32-letni syn pary \u2013 <a class=\"internal\" href=\"https:\/\/www.filmweb.pl\/person\/Nick+Reiner-2345513\" title=\"Nick\" rel=\"nofollow noopener\" target=\"_blank\">Nick<\/a>. Jak podaj\u0105 media, zosta\u0142 oficjalnie aresztowany.  \u015amier\u0107 Roba i Michele Reiner\u00f3w: Nick Reiner zatrzymany przez policj\u0119<br \/><a class=\"internal\" href=\"https:\/\/www.filmweb.pl\/person\/Nick+Reiner-2345513\" title=\"Nick Reiner\" rel=\"nofollow noopener\" target=\"_blank\">Nick Reiner<\/a> zosta\u0142 aresztowany w niedziel\u0119 o 21:15 czasu lokalnego. Wed\u0142ug danych departamentu policji Los Angeles zarzuty postawiono mu o 5:04. Policja nie potwierdzi\u0142a, czy zatrzymanie ma zwi\u0105zek z zab\u00f3jstwem jego rodzic\u00f3w (oficjalnym powodem ma by\u0107 dzia\u0142alno\u015b\u0107 w gangu). Kaucja za niego wynosi cztery miliony dolar\u00f3w. <a class=\"markupPhoto\" href=\"https:\/\/fwcdn.pl\/nph\/2025458\/2025\/68716_1.7.jpg\" data-lightbox=\"true\" data-li=\"\" rel=\"lightbox[photos] nofollow noopener\" data-photo=\"https:\/\/www.europesays.com\/pl\/wp-content\/uploads\/2025\/12\/68716_1.6.jpg\" target=\"photo-68716\" data-id=\"68716\" data-index=\"68716\"> <img decoding=\"async\" src=\"https:\/\/www.europesays.com\/pl\/wp-content\/uploads\/2025\/12\/68716_1.6.jpg\" alt=\"rob-reiner-nick-reiner-zabojstwo-areszt.jpg\" class=\"MarkupPhotoHTML-6\" loading=\"lazy\" data-light-box=\"{ &quot;group&quot;: true, &quot;photo&quot;: { &quot;id&quot;: &quot;68716&quot;, &quot;src&quot;: &quot;https:\/\/fwcdn.pl\/nph\/2025458\/2025\/68716_1.7.jpg&quot;, &quot;thumb&quot;: &quot;https:\/\/fwcdn.pl\/nph\/2025458\/2025\/68716_1.2.jpg&quot; } }\"\/> <\/a> Getty Images \u00a9 Laura Cavanaugh<\/p>\n<p>2016 rok. Rob i Nick Reinerowie podczas promocji filmu &#8222;Jestem Charlie&#8221;<\/p>\n<p>Przypomnijmy: <a class=\"internal\" href=\"https:\/\/www.filmweb.pl\/person\/Rob+Reiner-5774\" title=\"Rob\" rel=\"nofollow noopener\" target=\"_blank\">Rob<\/a> i Michele Reinerowie zostali znalezieni w swoim domu na przedmie\u015bciach Los Angeles w niedzielne popo\u0142udnie, ok. 15:40 czasu lokalnego. Prawdopodobn\u0105 przyczyn\u0105 obu zgon\u00f3w by\u0142o zad\u017aganie za pomoc\u0105 ostrego narz\u0119dzia. Pierwsze informacje o tym, \u017ce w sprawie przes\u0142uchiwany jest jeden z cz\u0142onk\u00f3w rodziny denat\u00f3w pojawi\u0142y si\u0119 ju\u017c w niedziel\u0119 w nocy. Wed\u0142ug informacji magazynu &#8222;People&#8221; na win\u0119 <a class=\"internal\" href=\"https:\/\/www.filmweb.pl\/person\/Nick+Reiner-2345513\" title=\"Nicka Reinera\" rel=\"nofollow noopener\" target=\"_blank\">Nicka Reinera<\/a> mia\u0142o wskazywa\u0107 wielu z jego krewnych. <\/p>\n<p>Z g\u0142\u0119bokim smutkiem og\u0142aszamy tragiczn\u0105 \u015bmier\u0107 Michele i <a class=\"internal\" href=\"https:\/\/www.filmweb.pl\/person\/Rob+Reiner-5774\" title=\"Roba\" rel=\"nofollow noopener\" target=\"_blank\">Roba<\/a> Reiner\u00f3w. Jeste\u015bmy zrozpaczeni t\u0105 nag\u0142\u0105 strat\u0105 i prosimy o uszanowanie prywatno\u015bci rodziny w tym niezwykle trudnym czasie \u2013 czytamy w oficjalnym o\u015bwiadczeniu. <\/p>\n<p>Zobacz zwiastun filmu &#8222;Jestem Charlie&#8221;<br \/>W 2015 roku na festiwalu w Toronto zadebiutowa\u0142 wyre\u017cyserowany przez <a class=\"internal\" href=\"https:\/\/www.filmweb.pl\/person\/Rob+Reiner-5774\" title=\"Roba Reinera\" rel=\"nofollow noopener\" target=\"_blank\">Roba Reinera<\/a> dramat &#8222;<a class=\"internal\" href=\"https:\/\/www.filmweb.pl\/film\/Jestem+Charlie-2015-747816\" title=\"Jestem Charlie\" rel=\"nofollow noopener\" target=\"_blank\">Jestem Charlie<\/a>&#8221; \u2013 historia uzale\u017cnionego od narkotyk\u00f3w ch\u0142opaka, kt\u00f3ry podczas odwyku poznaje dziewczyn\u0119. <a class=\"internal\" href=\"https:\/\/www.filmweb.pl\/person\/Nick+Reiner-2345513\" title=\"Nick\" rel=\"nofollow noopener\" target=\"_blank\">Nick<\/a> wsp\u00f3\u0142tworzy\u0142 scenariusz, inspiruj\u0105c si\u0119 w\u0142asnymi do\u015bwiadczeniami. Przypominamy zwiastun:\u00a0 <\/p>\n","protected":false},"excerpt":{"rendered":"\u015awiatem wstrz\u0105sn\u0119\u0142a dzi\u015b \u015bmier\u0107 Roba i Michele Reiner\u00f3w. Cia\u0142a hollywoodzkiego re\u017cysera i aktora znanego z takich film\u00f3w jak&hellip;\n","protected":false},"author":2,"featured_media":152725,"comment_status":"","ping_status":"","sticky":false,"template":"","format":"standard","meta":{"footnotes":""},"categories":[5],"tags":[32,33,36,37,27,34,35,28,31,25,42,38,40,39,41,29,30,26],"class_list":{"0":"post-152724","1":"post","2":"type-post","3":"status-publish","4":"format-standard","5":"has-post-thumbnail","7":"category-naglowki","8":"tag-breaking-news","9":"tag-breakingnews","10":"tag-featured-news","11":"tag-featurednews","12":"tag-headlines","13":"tag-latest-news","14":"tag-latestnews","15":"tag-naglowki","16":"tag-najwazniejsze-artykuly","17":"tag-news","18":"tag-pl","19":"tag-poland","20":"tag-polish","21":"tag-polska","22":"tag-polski","23":"tag-top-stories","24":"tag-topstories","25":"tag-wiadomosci"},"share_on_mastodon":{"url":"https:\/\/pubeurope.com\/@pl\/115725329506925697","error":""},"_links":{"self":[{"href":"https:\/\/www.europesays.com\/pl\/wp-json\/wp\/v2\/posts\/152724","targetHints":{"allow":["GET"]}}],"collection":[{"href":"https:\/\/www.europesays.com\/pl\/wp-json\/wp\/v2\/posts"}],"about":[{"href":"https:\/\/www.europesays.com\/pl\/wp-json\/wp\/v2\/types\/post"}],"author":[{"embeddable":true,"href":"https:\/\/www.europesays.com\/pl\/wp-json\/wp\/v2\/users\/2"}],"replies":[{"embeddable":true,"href":"https:\/\/www.europesays.com\/pl\/wp-json\/wp\/v2\/comments?post=152724"}],"version-history":[{"count":0,"href":"https:\/\/www.europesays.com\/pl\/wp-json\/wp\/v2\/posts\/152724\/revisions"}],"wp:featuredmedia":[{"embeddable":true,"href":"https:\/\/www.europesays.com\/pl\/wp-json\/wp\/v2\/media\/152725"}],"wp:attachment":[{"href":"https:\/\/www.europesays.com\/pl\/wp-json\/wp\/v2\/media?parent=152724"}],"wp:term":[{"taxonomy":"category","embeddable":true,"href":"https:\/\/www.europesays.com\/pl\/wp-json\/wp\/v2\/categories?post=152724"},{"taxonomy":"post_tag","embeddable":true,"href":"https:\/\/www.europesays.com\/pl\/wp-json\/wp\/v2\/tags?post=152724"}],"curies":[{"name":"wp","href":"https:\/\/api.w.org\/{rel}","templated":true}]}}