{"id":152735,"date":"2025-12-15T19:57:13","date_gmt":"2025-12-15T19:57:13","guid":{"rendered":"https:\/\/www.europesays.com\/pl\/152735\/"},"modified":"2025-12-15T19:57:13","modified_gmt":"2025-12-15T19:57:13","slug":"bulwersujace-slowa-marii-zacharowej-lenin-walczyl-o-panstwowosc-polski","status":"publish","type":"post","link":"https:\/\/www.europesays.com\/pl\/152735\/","title":{"rendered":"Bulwersuj\u0105ce s\u0142owa Marii Zacharowej. &#8222;Lenin walczy\u0142 o pa\u0144stwowo\u015b\u0107 Polski&#8221;"},"content":{"rendered":"<p> Dlaczego to jest wa\u017cne? <\/p>\n<p class=\"ods-c-paragraph \">Wypowiedzi Marii Zacharowej wpisuj\u0105 si\u0119 w szerszy kontekst napi\u0119tych relacji mi\u0119dzy Polsk\u0105 a Rosj\u0105. Rosyjska narracja historyczna cz\u0119sto pr\u00f3buje przypisa\u0107 Zwi\u0105zkowi Radzieckiemu kluczow\u0105 rol\u0119 w kszta\u0142towaniu wsp\u00f3\u0142czesnej Polski. S\u0142owa Zacharowej mog\u0105 by\u0107 postrzegane jako pr\u00f3ba podwa\u017cenia polskiej suwerenno\u015bci i niezale\u017cno\u015bci w kontek\u015bcie historycznym i politycznym.<\/p>\n<p>  Co stwierdzi\u0142a Maria Zacharowa? <\/p>\n<p class=\"ods-c-paragraph \">&#8222;Eskapadami na X Rados\u0142aw Sikorski ju\u017c nikogo nie zaskoczy. Wspominaj\u0105c imi\u0119 Lenina, polski minister spraw zagranicznych chcia\u0142 zapewne urazi\u0107 Viktora Orbana. Sikorski zapomnia\u0142, \u017ce gdyby nie Lenin, nie by\u0142oby mowy o \u017cadnej Polsce&#8221; \u2014 napisa\u0142a Zacharowa na Telegramie.<\/p>\n<p class=\"ods-c-paragraph \">Doda\u0142a r\u00f3wnie\u017c: &#8222;Przyja\u017a\u0144 mi\u0119dzy narodami radzieckim i polskim w drugiej po\u0142owie XX wieku da\u0142a niegdy\u015b zale\u017cnej republice szans\u0119 na stanie si\u0119 powa\u017cn\u0105 europejsk\u0105 pot\u0119g\u0105 przemys\u0142ow\u0105, rolnicz\u0105 i kulturaln\u0105&#8221;.<\/p>\n<p> Co dok\u0142adnie powiedzia\u0142a Maria Zacharowa? <\/p>\n<p> Jakie s\u0105 reakcje na stwierdzenia Zacharowej? <\/p>\n<p> Jakie ma znaczenie wypowied\u017a Zacharowej w kontek\u015bcie relacji polsko-rosyjskich? <\/p>\n<p> Czy s\u0105 inne kontrowersje zwi\u0105zane z Leninem w Polsce? <\/p>\n<p class=\"ods-c-paragraph \">W ten spos\u00f3b odpowiedzia\u0142a na komentarz polskiego ministra spraw zagranicznych Rados\u0142awa Sikorskiego, kt\u00f3ry odnosz\u0105c si\u0119 do wpisu premiera W\u0119gier krytykuj\u0105cego Uni\u0119 Europejsk\u0105, napisa\u0142: &#8222;Viktor zas\u0142u\u017cy\u0142 na sw\u00f3j order Lenina&#8221;<\/p>\n<p>    Bulwersuj\u0105ce stwierdzenia Zacharowej <\/p>\n<p class=\"ods-c-paragraph \">Zacharowa posun\u0119\u0142a si\u0119 jeszcze dalej, twierdz\u0105c, \u017ce &#8222;Lenin jest w du\u017cej mierze architektem niepodleg\u0142ego pa\u0144stwa polskiego&#8221;. Wed\u0142ug niej wsp\u00f3\u0142czesn\u0105 Polsk\u0119 mo\u017cna by nazwa\u0107 &#8222;Polsk\u0105 imienia W\u0142odzimierza Iljicza Lenina&#8221;. Podkre\u015bli\u0142a r\u00f3wnie\u017c, \u017ce &#8222;Lenin walczy\u0142 o pa\u0144stwowo\u015b\u0107 Polski, a obecni dzia\u0142acze w Warszawie po\u015bwi\u0119cili swoj\u0105 suwerenno\u015b\u0107 na rzecz \u00bbnarracji\u00ab NATO&#8221;.<\/p>\n<p class=\"ods-c-paragraph \">Czytaj te\u017c:<\/p>\n","protected":false},"excerpt":{"rendered":"Dlaczego to jest wa\u017cne? Wypowiedzi Marii Zacharowej wpisuj\u0105 si\u0119 w szerszy kontekst napi\u0119tych relacji mi\u0119dzy Polsk\u0105 a Rosj\u0105.&hellip;\n","protected":false},"author":2,"featured_media":152736,"comment_status":"","ping_status":"","sticky":false,"template":"","format":"standard","meta":{"footnotes":""},"categories":[12],"tags":[32,33,36,37,27,49,34,35,2165,28,31,48,25,46,42,38,40,39,41,1118,87,47,29,30,70,26],"class_list":{"0":"post-152735","1":"post","2":"type-post","3":"status-publish","4":"format-standard","5":"has-post-thumbnail","7":"category-polska","8":"tag-breaking-news","9":"tag-breakingnews","10":"tag-featured-news","11":"tag-featurednews","12":"tag-headlines","13":"tag-kraj","14":"tag-latest-news","15":"tag-latestnews","16":"tag-maria_zacharowa","17":"tag-naglowki","18":"tag-najwazniejsze-artykuly","19":"tag-nat_styl","20":"tag-news","21":"tag-omp","22":"tag-pl","23":"tag-poland","24":"tag-polish","25":"tag-polska","26":"tag-polski","27":"tag-radoslaw_sikorski","28":"tag-rosja","29":"tag-screening_general","30":"tag-top-stories","31":"tag-topstories","32":"tag-w_skrocie","33":"tag-wiadomosci"},"share_on_mastodon":{"url":"https:\/\/pubeurope.com\/@pl\/115725352526122847","error":""},"_links":{"self":[{"href":"https:\/\/www.europesays.com\/pl\/wp-json\/wp\/v2\/posts\/152735","targetHints":{"allow":["GET"]}}],"collection":[{"href":"https:\/\/www.europesays.com\/pl\/wp-json\/wp\/v2\/posts"}],"about":[{"href":"https:\/\/www.europesays.com\/pl\/wp-json\/wp\/v2\/types\/post"}],"author":[{"embeddable":true,"href":"https:\/\/www.europesays.com\/pl\/wp-json\/wp\/v2\/users\/2"}],"replies":[{"embeddable":true,"href":"https:\/\/www.europesays.com\/pl\/wp-json\/wp\/v2\/comments?post=152735"}],"version-history":[{"count":0,"href":"https:\/\/www.europesays.com\/pl\/wp-json\/wp\/v2\/posts\/152735\/revisions"}],"wp:featuredmedia":[{"embeddable":true,"href":"https:\/\/www.europesays.com\/pl\/wp-json\/wp\/v2\/media\/152736"}],"wp:attachment":[{"href":"https:\/\/www.europesays.com\/pl\/wp-json\/wp\/v2\/media?parent=152735"}],"wp:term":[{"taxonomy":"category","embeddable":true,"href":"https:\/\/www.europesays.com\/pl\/wp-json\/wp\/v2\/categories?post=152735"},{"taxonomy":"post_tag","embeddable":true,"href":"https:\/\/www.europesays.com\/pl\/wp-json\/wp\/v2\/tags?post=152735"}],"curies":[{"name":"wp","href":"https:\/\/api.w.org\/{rel}","templated":true}]}}