{"id":152739,"date":"2025-12-15T20:00:22","date_gmt":"2025-12-15T20:00:22","guid":{"rendered":"https:\/\/www.europesays.com\/pl\/152739\/"},"modified":"2025-12-15T20:00:22","modified_gmt":"2025-12-15T20:00:22","slug":"jacek-kopczynski-wzial-slub-z-partnerka-wszystko-zdradzila-przyjaciolka-aktora","status":"publish","type":"post","link":"https:\/\/www.europesays.com\/pl\/152739\/","title":{"rendered":"Jacek Kopczy\u0144ski wzi\u0105\u0142 \u015blub z partnerk\u0105. Wszystko zdradzi\u0142a przyjaci\u00f3\u0142ka aktora"},"content":{"rendered":"<p class=\"ods-c-paragraph \">Jacek Kopczy\u0144ski otwarcie m\u00f3wi\u0142 o uczuciu, <a href=\"https:\/\/plejada.pl\/newsy\/jacek-kopczynski-chwali-nowa-ukochana-te-slowa-zabrzmialy-jak-uszczypliwosc-wobec\/2yq9twd\" id=\"a7e042a3-727e-4c2b-83b4-1624412499b5\" rel=\"nofollow noopener\" target=\"_blank\">jakim darzy swoj\u0105 ukochan\u0105, Agnieszk\u0119 Kustosz<\/a>. Para zacz\u0119\u0142a si\u0119 spotyka\u0107 ze sob\u0105 we wrze\u015bniu ubieg\u0142ego roku, a od tego czasu byli wsp\u00f3lnie widywani w wielu miejscach i wydarzenia.<\/p>\n<p class=\"ods-c-paragraph \">&#8222;Je\u015bli znajduje si\u0119 osob\u0119, do kt\u00f3rej czuje si\u0119 to, co si\u0119 czuje, to nie ma co z tym zwleka\u0107. Chcemy by\u0107 rodzin\u0105, chc\u0119 m\u00f3wi\u0107 o Agnieszce, \u017ce jest moj\u0105 \u017con\u0105, a nie partnerk\u0105 czy wieczn\u0105 narzeczon\u0105&#8221; \u2014 m\u00f3wi\u0142 aktor w rozmowie z &#8222;Dzie\u0144 dobry TVN&#8221;.<\/p>\n<p>Dalszy ci\u0105g artyku\u0142u pod materia\u0142em wideo<\/p>\n<p> Kiedy Jacek Kopczy\u0144ski wzi\u0105\u0142 \u015blub? <\/p>\n<p> Kim jest \u017cona Jacka Kopczy\u0144skiego? <\/p>\n<p> Kto ujawnili szczeg\u00f3\u0142y dotycz\u0105ce \u015blubu? <\/p>\n<p> Jak\u0105 sukni\u0119 mia\u0142a na sobie panna m\u0142oda? <\/p>\n<p>  Jacek Kopczy\u0144ski wzi\u0105\u0142 \u015blub z partnerk\u0105. Wszystko zdradzi\u0142a przyjaci\u00f3\u0142ka aktora<\/p>\n<p class=\"ods-c-paragraph \">Okaza\u0142o si\u0119, \u017ce Jacek Kopczy\u0144ski w\u0142a\u015bnie wzi\u0105\u0142 \u015blub ze swoj\u0105 partnerk\u0105, kt\u00f3ra przyj\u0119\u0142a jego nazwisko. R\u0105bka tajemnicy na temat uroczysto\u015bci uchyli\u0142a przyjaci\u00f3\u0142ka pary, Joanna Kurowska, dziel\u0105c si\u0119 w mediach spo\u0142eczno\u015bciowych emocjami oraz zdj\u0119ciami z ceremonii.<\/p>\n<blockquote class=\"ods-o-quota\">\n<p class=\"ods-o-quota__paragraph\">\u015awiadkow\u0105 by\u0142am u Jacka Kopczy\u0144skiego i Agnieszki \u2014 teraz ju\u017c Kopczy\u0144skiej. Lubi\u0119, jak si\u0119 ludzie kochaj\u0105, a jak do tego si\u0119 \u017ceni\u0105, to serce moje si\u0119 raduje<\/p>\n<\/blockquote>\n<p class=\"ods-c-paragraph \">\u2014 napisa\u0142a. Wyjawi\u0142a r\u00f3wnie\u017c, \u017ce panna m\u0142oda koronkow\u0105 bia\u0142\u0105 sukni\u0119 otrzyma\u0142a od Doroty Goldpoint. &#8222;Ach, co to by\u0142 za \u015blub\u2026 Sto lat m\u0142odej parze. (&#8230;) Doktor (&#8230;) zadba\u0142a o pann\u0119 m\u0142od\u0105 i postawi\u0142a j\u0105 na nogi z grypy&#8221; \u2014 podsumowa\u0142a.<\/p>\n<p>   <img decoding=\"async\" src=\"https:\/\/www.europesays.com\/pl\/wp-content\/uploads\/2025\/12\/Ke5k9lBaHR0cHM6Ly9vY2RuLmV1L3B1bHNjbXMvTURBXy9hODlhYTlhNjE4ZWY3ZGZlYjZlZDM4YWI1OTcyODllZi5qcGeRlQLNA.jpeg\" height=\"529\" width=\"940\" alt=\"Jacek Kopczy\u0144ski\" loading=\"lazy\" class=\"ods-c-image__img ods-c-image__img--vertical\"\/><\/p>\n<p>Jacek Kopczy\u0144skimwmedia \/ MW Media<\/p>\n<p class=\"ods-c-paragraph \">Dzi\u0119kujemy, \u017ce przeczyta\u0142a\u015b\/e\u015b nasz artyku\u0142 do ko\u0144ca. W serwisie Plejada.pl ka\u017cdego dnia piszemy o najwa\u017cniejszych wydarzeniach show-biznesowych. B\u0105d\u017a na bie\u017c\u0105co! <a rel=\"nofollow noopener\" href=\"https:\/\/profile.google.com\/cp\/Cg0vZy8xMWJ6X19wdHBx\" id=\"417062a3-5849-4fc7-9cbc-58bbf50f5178\" target=\"_blank\">Obserwuj<\/a> Plejad\u0119 w Google. Odwied\u017a nas tak\u017ce na <a rel=\"nofollow noopener\" href=\"https:\/\/www.facebook.com\/plejadapl\" id=\"3eb303d1-f18e-4664-8539-46a6a04d9e88\" target=\"_blank\">Facebooku<\/a>, <a rel=\"nofollow noopener\" href=\"https:\/\/www.instagram.com\/plejadapl\/\" id=\"811f0a6c-317d-4309-b946-98d994df68b6\" target=\"_blank\">Instagramie<\/a>, <a rel=\"nofollow noopener\" href=\"https:\/\/www.youtube.com\/c\/plejada\" id=\"fea8f31a-462f-49f6-92f0-ee89dfb7192e\" target=\"_blank\">YouTubie<\/a> oraz <a rel=\"nofollow noopener\" href=\"https:\/\/www.tiktok.com\/@plejada_pl\" id=\"b99fd600-c7d3-4166-aa49-fe73964f18c7\" target=\"_blank\">TikToku<\/a>.<\/p>\n<p class=\"ods-c-paragraph \">Chcesz podzieli\u0107 si\u0119 ciekawym newsem lub zaproponowa\u0107 temat? Skontaktuj si\u0119 z nami, pisz\u0105c maila na adres: <a rel=\"nofollow noopener\" href=\"https:\/\/plejada.pl\/newsy\/jacek-kopczynski-wzial-slub-z-partnerka-wszystko-zdradzila-przyjaciolka-aktora\/mailto:plejada@redakcjaonet.pl\" id=\"7d859e48-157d-48eb-a1c8-5dc47f90d1ec\" target=\"_blank\">plejada@redakcjaon<\/a><a rel=\"nofollow noopener\" href=\"https:\/\/et.pl\/\" id=\"5ce11d64-0f53-4bf3-a73f-63d136bf4490\" target=\"_blank\">et.pl<\/a>.<\/p>\n<p><script async src=\"\/\/www.instagram.com\/embed.js\"><\/script><script async src=\"\/\/www.tiktok.com\/embed.js\"><\/script><\/p>\n","protected":false},"excerpt":{"rendered":"Jacek Kopczy\u0144ski otwarcie m\u00f3wi\u0142 o uczuciu, jakim darzy swoj\u0105 ukochan\u0105, Agnieszk\u0119 Kustosz. Para zacz\u0119\u0142a si\u0119 spotyka\u0107 ze sob\u0105&hellip;\n","protected":false},"author":2,"featured_media":152740,"comment_status":"","ping_status":"","sticky":false,"template":"","format":"standard","meta":{"footnotes":""},"categories":[22],"tags":[122,18930,48,125,46,42,38,40,39,41,25865,123,47,556,2579],"class_list":{"0":"post-152739","1":"post","2":"type-post","3":"status-publish","4":"format-standard","5":"has-post-thumbnail","7":"category-rozrywka","8":"tag-entertainment","9":"tag-jacek_kopczynski","10":"tag-nat_styl","11":"tag-newsy","12":"tag-omp","13":"tag-pl","14":"tag-poland","15":"tag-polish","16":"tag-polska","17":"tag-polski","18":"tag-rebrand_ai_tst0","19":"tag-rozrywka","20":"tag-screening_general","21":"tag-slub","22":"tag-zwiazki"},"share_on_mastodon":{"url":"https:\/\/pubeurope.com\/@pl\/115725364527006140","error":""},"_links":{"self":[{"href":"https:\/\/www.europesays.com\/pl\/wp-json\/wp\/v2\/posts\/152739","targetHints":{"allow":["GET"]}}],"collection":[{"href":"https:\/\/www.europesays.com\/pl\/wp-json\/wp\/v2\/posts"}],"about":[{"href":"https:\/\/www.europesays.com\/pl\/wp-json\/wp\/v2\/types\/post"}],"author":[{"embeddable":true,"href":"https:\/\/www.europesays.com\/pl\/wp-json\/wp\/v2\/users\/2"}],"replies":[{"embeddable":true,"href":"https:\/\/www.europesays.com\/pl\/wp-json\/wp\/v2\/comments?post=152739"}],"version-history":[{"count":0,"href":"https:\/\/www.europesays.com\/pl\/wp-json\/wp\/v2\/posts\/152739\/revisions"}],"wp:featuredmedia":[{"embeddable":true,"href":"https:\/\/www.europesays.com\/pl\/wp-json\/wp\/v2\/media\/152740"}],"wp:attachment":[{"href":"https:\/\/www.europesays.com\/pl\/wp-json\/wp\/v2\/media?parent=152739"}],"wp:term":[{"taxonomy":"category","embeddable":true,"href":"https:\/\/www.europesays.com\/pl\/wp-json\/wp\/v2\/categories?post=152739"},{"taxonomy":"post_tag","embeddable":true,"href":"https:\/\/www.europesays.com\/pl\/wp-json\/wp\/v2\/tags?post=152739"}],"curies":[{"name":"wp","href":"https:\/\/api.w.org\/{rel}","templated":true}]}}