{"id":152745,"date":"2025-12-15T20:03:19","date_gmt":"2025-12-15T20:03:19","guid":{"rendered":"https:\/\/www.europesays.com\/pl\/152745\/"},"modified":"2025-12-15T20:03:19","modified_gmt":"2025-12-15T20:03:19","slug":"wegry-viktor-orban-straszy-wojna-ue-i-rosji-maja-juz-date","status":"publish","type":"post","link":"https:\/\/www.europesays.com\/pl\/152745\/","title":{"rendered":"W\u0119gry. Viktor Orb\u00e1n straszy wojn\u0105 UE i Rosji. &#8222;Maj\u0105 ju\u017c dat\u0119&#8221;"},"content":{"rendered":"<ul class=\"typography ids-typeset-body ids-typeset-body--preset-large list ids-list ids-list--unordered ids-list--size-large \" datatype=\"disc\">\n<li class=\"ids-list-item\">\n<p>W\u0119gierski rz\u0105d Orb\u00e1na konsekwentnie buduje narracj\u0119, w kt\u00f3rej Zach\u00f3d odpowiada za przed\u0142u\u017caj\u0105c\u0105 si\u0119 wojn\u0119 z Rosj\u0105 i prowokuje j\u0105 do konfliktu.<\/p>\n<\/li>\n<li class=\"ids-list-item\">\n<p>W\u0119gierska dyplomacja podkre\u015bla potrzeb\u0119 przygotowania si\u0119 na nowy powojenny \u015bwiat, jednocze\u015bnie utrzymuj\u0105c bliskie relacje gospodarcze z Rosj\u0105.<\/p>\n<\/li>\n<li class=\"ids-list-item\">\n<p>Rz\u0105dz\u0105ca partia Fidesz stosuje intensywn\u0105 kampani\u0119 dezinformacyjn\u0105, maj\u0105c\u0105 na celu wzbudzanie strachu przed wojn\u0105 oraz promowanie w\u0142asnych polityk\u00f3w jako gwarant\u00f3w bezpiecze\u0144stwa.<\/p>\n<\/li>\n<li class=\"ids-list-item\">Wi\u0119cej wa\u017cnych informacji znajdziesz na <a class=\"ids-undecorated-link link ids-link link\" href=\"https:\/\/www.interia.pl\/#utm_source=wydarzenia&amp;utm_medium=bullet&amp;utm_campaign=powrot_z_wew&amp;iwa_source=bullet\" target=\"_blank\" rel=\"nofollow noopener\">stronie g\u0142\u00f3wnej Interii<\/a><\/li>\n<\/ul>\n<p class=\"typography ids-typeset-body ids-typeset-body--preset-large link paragraph ids-paragraph ids-paragraph--default\">W pi\u0105tek odby\u0142o si\u0119 pisemne g\u0142osowanie, podczas kt\u00f3rego europejscy przyw\u00f3dcy decydowali w sprawie przej\u0119cia zamro\u017conych rosyjskich aktyw\u00f3w. W\u0119gierski premier od pocz\u0105tku sprzeciwia si\u0119 tej inicjatywie. <a href=\"https:\/\/wydarzenia.interia.pl\/tematy-komisja-europejska,gsbi,34\" rel=\"nofollow noopener\" target=\"_blank\">Komisja Europejska<\/a> znalaz\u0142a jednak spos\u00f3b na omini\u0119cie jego weta, uznaj\u0105c, \u017ce coraz wi\u0119cej zagadnie\u0144 nie wymaga jednomy\u015blno\u015bci. To wywo\u0142uje w Budapeszcie oburzenie.<\/p>\n<p class=\"typography ids-typeset-body ids-typeset-body--preset-large link paragraph ids-paragraph ids-paragraph--default\">Ca\u0142a narracja wok\u00f3\u0142 przej\u0119cia rosyjskich aktyw\u00f3w i przekazania ich <a href=\"https:\/\/wydarzenia.interia.pl\/tematy-ukraina,gsbi,3144\" rel=\"nofollow noopener\" target=\"_blank\">Ukrainie<\/a> zosta\u0142a przez <a href=\"https:\/\/wydarzenia.interia.pl\/tematy-viktor-orban,gsbi,15\" target=\"_self\" rel=\"nofollow noopener\">Victora Orb\u00e1na<\/a> oparta na kilku elementach. Na za\u0142o\u017ceniu, \u017ce\u00a0taki krok doprowadzi do utraty reputacji europejskich bank\u00f3w, \u017ce jest on z\u0142amaniem unijnej praworz\u0105dno\u015bci (czym &#8211; powiedzmy wprost &#8211; na <a href=\"https:\/\/wydarzenia.interia.pl\/tematy-wegry,gsbi,3515\" rel=\"nofollow noopener\" target=\"_blank\">W\u0119grzech<\/a> w og\u00f3le sobie nie zawraca sobie g\u0142owy). \u00d3w brak praworz\u0105dno\u015bci ma w konsekwencji doprowadzi\u0107 do utraty zaufania wobec unijnego rynku, a tym samym uderzy\u0107 w konkurencyjno\u015b\u0107. Ale to tylko didaskalia.<\/p>\n<p class=\"typography ids-typeset-body ids-typeset-body--preset-large link paragraph ids-paragraph ids-paragraph--default\">W\u0119gierski przyw\u00f3dca uwa\u017ca postaw\u0119 Unii Europejsk\u0105 wobec <a href=\"https:\/\/wydarzenia.interia.pl\/tematy-rosja,gsbi,3125\" rel=\"nofollow noopener\" target=\"_blank\">Rosji<\/a> za otwarcie wrog\u0105, r\u00f3wnie\u017c prowokuj\u0105c\u0105. W ka\u017cdej jednej wypowiedzi zwraca uwag\u0119 na unijne przygotowania do wojny.<\/p>\n<p>&#8222;Zach\u00f3d prze do wojny&#8221;. Ratunkiem tylko on, Viktor Orb\u00e1n<\/p>\n<p class=\"typography ids-typeset-body ids-typeset-body--preset-large link paragraph ids-paragraph ids-paragraph--default\">Z perspektywy czy to UE, czy Sojuszu P\u00f3\u0142nocnoatlantyckiego problem stanowi to, \u017ce w\u0119gierski premier i jego zaplecze nieustaj\u0105co uwa\u017caj\u0105, i\u017c\u00a0Rosja to wyimaginowane zagro\u017cenie. Wydaje si\u0119, \u017ce absolutnie nie zmieni\u0142 swojego pogl\u0105du powzi\u0119tego w trakcie wizyty w <a href=\"https:\/\/wydarzenia.interia.pl\/tematy-moskwa,gsbi,4412\" rel=\"nofollow noopener\" target=\"_blank\">Moskwie<\/a> 1 lutego 2022 r., to jest na trzy tygodnie przed wybuchem wojny. <a href=\"https:\/\/wydarzenia.interia.pl\/tematy-wladimir-putin,gsbi,9\" target=\"_self\" rel=\"nofollow noopener\">W\u0142adimir Putin<\/a> mia\u0142 w\u00f3wczas zapewni\u0107 go, \u017ce nie zaatakuje pa\u0144stw NATO, a za jedno z potwierdze\u0144 s\u0142u\u017cy\u0107 mia\u0142 podziw rosyjskiego przyw\u00f3dcy wobec potencja\u0142u militarnego NATO.<\/p>\n<p class=\"typography ids-typeset-body ids-typeset-body--preset-large link paragraph ids-paragraph ids-paragraph--default\">Owa neutralna wobec Rosji, a krytyczna wobec Zachodu narracja jest powszechnie dominuj\u0105c\u0105 w\u015br\u00f3d polityk\u00f3w rz\u0105dz\u0105cej koalicji, a tak\u017ce sympatyzuj\u0105cych z nimi medi\u00f3w i innych aktor\u00f3w \u017cycia politycznego.<\/p>\n<p class=\"typography ids-typeset-body ids-typeset-body--preset-large link paragraph ids-paragraph ids-paragraph--default\">Na grupie za\u0142o\u017conej przez Viktora Orb\u00e1na na jednym z portali internetowych pod nazw\u0105 &#8222;Klub wojownik\u00f3w&#8221; regularnie pojawiaj\u0105 si\u0119 kolportowane przez prorosyjskich u\u017cytkownik\u00f3w tre\u015bci. S\u0105 to rosyjskie komunikaty z frontu t\u0142umaczone na w\u0119gierski, pod nimi mn\u00f3stwo pozytywnych interakcji. Czasem przewinie si\u0119 w\u0105tek wojny nuklearnej, kt\u00f3r\u0105 grozi Putin. Zawsze wtedy kto\u015b \u017cyczy <a href=\"https:\/\/wydarzenia.interia.pl\/tematy-polska,gsbi,2628\" rel=\"nofollow noopener\" target=\"_blank\">Polsce<\/a> eksplozji za jej prowojenne nastawienie (pod tym wzgl\u0119dem obrywa si\u0119 zar\u00f3wno poprzedniej, jak i obecnej polskiej w\u0142adzy).<\/p>\n<p class=\"typography ids-typeset-body ids-typeset-body--preset-large link paragraph ids-paragraph ids-paragraph--default\">Na marginesie trzeba odnotowa\u0107, \u017ce &#8222;Klub wojownik\u00f3w&#8221; to zaplecze medialnej aktywizacji zwolennik\u00f3w Fideszu. Powsta\u0142, by pokona\u0107 w\u0119giersk\u0105 opozycj\u0119 w internecie. Ale taka polityka informacyjna nie sprowadza si\u0119 jedynie do internetu. Jest obecna tak\u017ce w prasie, radiu czy telewizji.<\/p>\n<p class=\"typography ids-typeset-body ids-typeset-body--preset-large link paragraph ids-paragraph ids-paragraph--default\">Merytoryczne mierzenie si\u0119 z narracj\u0105, kt\u00f3ra w Polsce wci\u0105\u017c pozostaje trudna do przyj\u0119cia, a na W\u0119grzech kolportowana jest przez rz\u0105dz\u0105cych, od razu skazane jest na pora\u017ck\u0119. To po prostu nie ma sensu. Cel takiej polityki jest jeden &#8211; zarz\u0105dzanie strachem obywateli, kt\u00f3rzy od 2022 r. s\u0142uchaj\u0105 wy\u0142\u0105cznie o odpowiedzialno\u015bci Zachodu za przed\u0142u\u017caj\u0105c\u0105 si\u0119 wojn\u0119. Nie ma miejsca na jasne stwierdzenie, \u017ce to Rosja zaatakowa\u0142a.<\/p>\n<p class=\"typography ids-typeset-body ids-typeset-body--preset-large link paragraph ids-paragraph ids-paragraph--default\">Przypomn\u0119, w wywiadzie dla &#8222;Mandinera&#8221; w marcu 2022 r. Orb\u00e1n sugerowa\u0142, \u017ce rosyjskiej reakcji na rozszerzenie strefy wp\u0142yw\u00f3w NATO na Wsch\u00f3d trudno si\u0119 dziwi\u0107. Wszystko, co si\u0119 dzieje, ma by\u0107 oczywist\u0105 win\u0105 Brukseli i \u00f3wczesnej administracji Joe Bidena.<\/p>\n<p class=\"typography ids-typeset-body ids-typeset-body--preset-large link paragraph ids-paragraph ids-paragraph--default\">Przekaz wzmacnia wieszczenie, \u017ce przysz\u0142oroczne wybory b\u0119d\u0105 ostatnimi przed wybuchem wojny. Niedawno do ma\u0142ych miejscowo\u015bci trafi\u0142 dodatek do tabloidu, w kt\u00f3rym straszono konfliktem nuklearnym i wybuchem trzeciej wojny \u015bwiatowej. Jednym z czynnik\u00f3w, kt\u00f3ry ma do niej doprowadzi\u0107, jest zwyci\u0119stwo lidera opozycji P\u00e9tera Magyara w kwietniowych wyborach.<\/p>\n<p class=\"typography ids-typeset-body ids-typeset-body--preset-large link paragraph ids-paragraph ids-paragraph--default\">Przekaz jest jeden &#8211; &#8222;Zach\u00f3d prze do wojny&#8221;, a tylko wyb\u00f3r Viktora Orb\u00e1na mo\u017ce zapewni\u0107 bezpiecze\u0144stwo, to znaczy nieuwik\u0142anie si\u0119 w wojn\u0119. Paradoksalnie lider Fideszu nie podaje recepty. Wszystko sprowadza si\u0119 do powtarzania jak mantra, \u017ce W\u0119gry wspieraj\u0105 plan pokojowy\u00a0<a href=\"https:\/\/wydarzenia.interia.pl\/tematy-donald-trump,gsbi,16\" rel=\"nofollow noopener\" target=\"_blank\">Donalda Trumpa<\/a>, a tak\u017ce ameryka\u0144sko-rosyjski dialog.<\/p>\n<p>W\u0119gry: Lider opozycji i &#8222;z\u0142oty sedes&#8221; na billboardach<\/p>\n<p class=\"typography ids-typeset-body ids-typeset-body--preset-large link paragraph ids-paragraph ids-paragraph--default\">P\u00e9ter Szijj\u00e1rt\u00f3 uda\u0142 si\u0119 do Rosji ponownie w ubieg\u0142ym tygodniu. By\u0142a to jego 17. wizyta od wybuchu wojny. Na pok\u0142ad rz\u0105dowego airbusa zabra\u0142 grup\u0119 biznesmen\u00f3w z 34 firm\u00a0(ich listy nie ujawniono).<\/p>\n<p class=\"typography ids-typeset-body ids-typeset-body--preset-large link paragraph ids-paragraph ids-paragraph--default\">W Moskwie odby\u0142o si\u0119 wsp\u00f3lne posiedzenie w\u0119giersko-rosyjskiej komisji gospodarki. Szef w\u0119gierskiej dyplomacji wyrazi\u0142 po nim rado\u015b\u0107, \u017ce w bie\u017c\u0105cym roku o\u017cywi\u0142a si\u0119 wsp\u00f3\u0142praca gospodarcza pomi\u0119dzy pa\u0144stwami. Problem w tym, \u017ce \u017cadne dane dost\u0119pne dane statystyczne tych zmian jeszcze nie odnotuj\u0105.<\/p>\n<p class=\"typography ids-typeset-body ids-typeset-body--preset-large link paragraph ids-paragraph ids-paragraph--default\">Minister stwierdzi\u0142 tak\u017ce, \u017ce W\u0119gry musz\u0105 by\u0107 gotowe na moment, w kt\u00f3rym &#8222;wojna si\u0119 sko\u0144czy i powr\u00f3c\u0105 normalne relacje biznesowe&#8221;. Szijj\u00e1rt\u00f3 stwierdzi\u0142 te\u017c, \u017ce &#8222;ci, kt\u00f3rzy dotychczas blokowali proces pokojowy, teraz te\u017c zrobi\u0105 wszystko, by go podkopa\u0107. Ale my postaramy si\u0119 temu zapobiec&#8221;.<\/p>\n<p class=\"typography ids-typeset-body ids-typeset-body--preset-large link paragraph ids-paragraph ids-paragraph--default\">Wiara w powr\u00f3t do normalnych relacji handlowych zwi\u0105zana jest z ameryka\u0144sk\u0105 propozycj\u0105 pokojow\u0105, kt\u00f3r\u0105 Viktor Orb\u00e1n i jego otoczenie od pocz\u0105tku w pe\u0142ni popieraj\u0105. W tej politycznej uk\u0142adance opozycyjna TISZA postrzegana jest za stronnika Ukrainy. Co wi\u0119cej, otoczenie rz\u0105dz\u0105cych uwa\u017ca, \u017ce za powstaniem partii stoj\u0105 ukrai\u0144skie s\u0142u\u017cby.<\/p>\n<p class=\"typography ids-typeset-body ids-typeset-body--preset-large link paragraph ids-paragraph ids-paragraph--default\">Lider ugrupowania, P\u00e9ter Magyar w propagandowych plakatach wywieszanych na ulicach w\u0119gierskich miast pozuje obecnie z prezydentem Ukrainy i szefow\u0105 Komisji Europejskiej. Stoj\u0105 oni z workami pieni\u0119dzy, kt\u00f3re wsypuj\u0105 do wielkiego z\u0142otego sedesu. To odniesienie do afery korupcyjnej, jaka wci\u0105\u017c przetacza si\u0119 przez Ukrain\u0119. Na plakatach widnieje has\u0142o &#8222;oni chc\u0105 podwy\u017cek podatk\u00f3w i wydania twoich pieni\u0119dzy na ukrai\u0144ski z\u0142oty sedes&#8221;.<\/p>\n<p><img decoding=\"async\" class=\"ids-image-holder__img\" loading=\"lazy\" alt=\"Trzy osoby publiczne, w tym m\u0119\u017cczyzna i dwie kobiety, pokazane s\u0105 podczas wrzucania work\u00f3w pieni\u0119dzy do z\u0142otej toalety. Nad nimi widnieje kontrowersyjny napis sugeruj\u0105cy nieuczciwe wydawanie pieni\u0119dzy podatnik\u00f3w.\" title=\"Billboard na W\u0119grzech przedstawiaj\u0105cy szefow\u0105 KE Ursul\u0119 von der Leyen, prezydenta Ukrainy Wo\u0142odymyra Ze\u0142enskiego oraz lidera TISZA P\u00e9tera Magyara\" width=\"960\" height=\"739\" src=\"https:\/\/www.europesays.com\/pl\/wp-content\/uploads\/2025\/12\/000M2RFNWOL2F1UA-C323-F4.webp.webp\"\/><\/p>\n<p>Billboard na W\u0119grzech przedstawiaj\u0105cy szefow\u0105 KE Ursul\u0119 von der Leyen, prezydenta Ukrainy Wo\u0142odymyra Ze\u0142enskiego oraz lidera TISZA P\u00e9tera Magyarax.com\/ @colonelhomsimateria\u0142 zewn\u0119trzny<\/p>\n<p class=\"typography ids-typeset-body ids-typeset-body--preset-large link paragraph ids-paragraph ids-paragraph--default\">Spos\u00f3b, w jaki czy to Viktor Orb\u00e1n, czy szef jego dyplomacji, P\u00e9ter Szijj\u00e1rt\u00f3 wypowiadaj\u0105 si\u0119 o zachodnich politykach, budzi rado\u015b\u0107 z rosyjskich mediach. Ostatnie wy\u015bmianie przez Szijj\u00e1rt\u00f3 przewodnicz\u0105cej Komisji Europejskiej trafi\u0142o nawet na profil X Margarity Simonyan, propagandzistki rosyjskiej telewizji. Z kolei Kirill Dmitriev, wsp\u00f3\u0142pracownik Putina, rozp\u0142ywa\u0142 si\u0119 na tym samym portalu, \u017ce &#8222;premier Orb\u00e1n jest niezmiennie g\u0142osem rozs\u0105dku w <a href=\"https:\/\/wydarzenia.interia.pl\/tematy-europa,gsbi,4992\" rel=\"nofollow noopener\" target=\"_blank\">Europie<\/a>&#8222;.<\/p>\n<p><a class=\"ids-undecorated-link source ids-page-info--source__link\" href=\"https:\/\/www.interia.pl\" rel=\"nofollow noopener\" target=\"_blank\"><img decoding=\"async\" class=\"ids-image-holder__img\" loading=\"lazy\" alt=\"\" title=\"\" height=\"24px\" src=\"https:\/\/www.europesays.com\/pl\/wp-content\/uploads\/2025\/12\/1765825632_127_0009A60QQ5I2TYF7-C202-F4.webp.webp\"\/><\/a><\/p>\n<p>Masz sugestie, uwagi albo widzisz b\u0142\u0105d? Napisz do nas<\/p>\n","protected":false},"excerpt":{"rendered":"W\u0119gierski rz\u0105d Orb\u00e1na konsekwentnie buduje narracj\u0119, w kt\u00f3rej Zach\u00f3d odpowiada za przed\u0142u\u017caj\u0105c\u0105 si\u0119 wojn\u0119 z Rosj\u0105 i prowokuje&hellip;\n","protected":false},"author":2,"featured_media":152746,"comment_status":"","ping_status":"","sticky":false,"template":"","format":"standard","meta":{"footnotes":""},"categories":[14],"tags":[32,33,27,34,35,28,31,25,40,41,80,29,30,26,82,83,84],"class_list":{"0":"post-152745","1":"post","2":"type-post","3":"status-publish","4":"format-standard","5":"has-post-thumbnail","7":"category-swiat","8":"tag-breaking-news","9":"tag-breakingnews","10":"tag-headlines","11":"tag-latest-news","12":"tag-latestnews","13":"tag-naglowki","14":"tag-najwazniejsze-artykuly","15":"tag-news","16":"tag-polish","17":"tag-polski","18":"tag-swiat","19":"tag-top-stories","20":"tag-topstories","21":"tag-wiadomosci","22":"tag-world","23":"tag-world-news","24":"tag-worldnews"},"share_on_mastodon":{"url":"https:\/\/pubeurope.com\/@pl\/115725376320130897","error":""},"_links":{"self":[{"href":"https:\/\/www.europesays.com\/pl\/wp-json\/wp\/v2\/posts\/152745","targetHints":{"allow":["GET"]}}],"collection":[{"href":"https:\/\/www.europesays.com\/pl\/wp-json\/wp\/v2\/posts"}],"about":[{"href":"https:\/\/www.europesays.com\/pl\/wp-json\/wp\/v2\/types\/post"}],"author":[{"embeddable":true,"href":"https:\/\/www.europesays.com\/pl\/wp-json\/wp\/v2\/users\/2"}],"replies":[{"embeddable":true,"href":"https:\/\/www.europesays.com\/pl\/wp-json\/wp\/v2\/comments?post=152745"}],"version-history":[{"count":0,"href":"https:\/\/www.europesays.com\/pl\/wp-json\/wp\/v2\/posts\/152745\/revisions"}],"wp:featuredmedia":[{"embeddable":true,"href":"https:\/\/www.europesays.com\/pl\/wp-json\/wp\/v2\/media\/152746"}],"wp:attachment":[{"href":"https:\/\/www.europesays.com\/pl\/wp-json\/wp\/v2\/media?parent=152745"}],"wp:term":[{"taxonomy":"category","embeddable":true,"href":"https:\/\/www.europesays.com\/pl\/wp-json\/wp\/v2\/categories?post=152745"},{"taxonomy":"post_tag","embeddable":true,"href":"https:\/\/www.europesays.com\/pl\/wp-json\/wp\/v2\/tags?post=152745"}],"curies":[{"name":"wp","href":"https:\/\/api.w.org\/{rel}","templated":true}]}}