{"id":152747,"date":"2025-12-15T20:04:15","date_gmt":"2025-12-15T20:04:15","guid":{"rendered":"https:\/\/www.europesays.com\/pl\/152747\/"},"modified":"2025-12-15T20:04:15","modified_gmt":"2025-12-15T20:04:15","slug":"lodzkie-znaleziono-10-martwych-dzikow-u-ilu-wykryto-asf","status":"publish","type":"post","link":"https:\/\/www.europesays.com\/pl\/152747\/","title":{"rendered":"\u0141\u00f3dzkie: Znaleziono 10 martwych dzik\u00f3w. U ilu wykryto ASF?"},"content":{"rendered":"<p>10 martwych dzik\u00f3w odnale\u017ali weterynarze i \u017co\u0142nierze Wojsk Obrony Terytorialnej w miniony weekend w powiecie piotrkowskim w \u0141\u00f3dzkiem &#8211; relacjonuje reporter RMF FM Krzysztof Zasada. Obszar, w kt\u00f3rym wykryto Afryka\u0144ski Pom\u00f3r \u015awi\u0144 u dzik\u00f3w w powiecie piotrkowskim, zostanie wygrodzony.<\/p>\n<p>                         &#13;<br \/>\n        &#13;<\/p>\n<p>                                        &#13;<br \/>\n                        &#13;<br \/>\n                            <img decoding=\"async\" src=\"https:\/\/www.europesays.com\/pl\/wp-content\/uploads\/2025\/12\/000M2S8B4YJUOU7I-C123-F4.jpg\" title=\"\u0141\u00f3dzkie: Wojska Obrony Terytorialnej i weterynarze odnale\u017ali 10 martwych dzik\u00f3w\" alt=\"\u0141\u00f3dzkie: Wojska Obrony Terytorialnej i weterynarze odnale\u017ali 10 martwych dzik\u00f3w\" class=\"img-responsive\"\/>&#13;<\/p>\n<p>                            &#13;<\/p>\n<p>      &#13;<br \/>\n                            Martwe dziki odnaleziono w powiecie piotrkowskim&#13;<br \/>\n                                    \/Zdj\u0119cie ilustracyjne \/Shutterstock  &#13;\n                                    <\/p>\n<p>&#13;<\/p>\n<ul class=\"bullet\">\n<li>Informacje z Twojego regionu znajdziesz na stronie g\u0142\u00f3wnej\u00a0<a href=\"https:\/\/www.rmf24.pl\/\" target=\"_blank\" rel=\"noreferrer noopener nofollow\">RMF24.pl<\/a>.<\/li>\n<\/ul>\n<p>ASF wst\u0119pnie stwierdzono u wszystkich siedmiu dzik\u00f3w znalezionych w sobot\u0119, natomiast jeden spo\u015br\u00f3d trzech znalezionych wczoraj ma wynik ujemny, dwa s\u0105 w trakcie bada\u0144.<\/p>\n<p>Weterynarze zdecydowali te\u017c o zbadaniu dzika zabitego w wypadku komunikacyjnym 16 kilometr\u00f3w od tak zwanego &#8222;dzika zero&#8221; i innego odnalezionego poza stref\u0105 poszukiwa\u0144 &#8211; oba da\u0142y wyniki negatywne.\u00a0<\/p>\n<p>Dzi\u015b w Piotrkowie zorganizowano posiedzenie wojew\u00f3dzkiego zespo\u0142u zarz\u0105dzania kryzysowego.<\/p>\n<p>Obszar, w kt\u00f3rym wykryto Afryka\u0144ski Pom\u00f3r \u015awi\u0144 u dzik\u00f3w w powiecie piotrkowskim zostanie wygrodzony &#8211; poinformowa\u0142a zast\u0119pca g\u0142\u00f3wnego lekarza weterynarii Monika Micha\u0142owska po spotkaniu w\u0142adz wojew\u00f3dztwa \u0142\u00f3dzkiego z inspektorami weterynarii.<\/p>\n<p>Jak to ogrodzenie ma wygl\u0105da\u0107? B\u0119dzie ustalane z le\u015bnikami, jak r\u00f3wnie\u017c obszar nim obj\u0119ty. Natomiast wiadomo ju\u017c, \u017ce powstanie fizyczna bariera &#8211; przekaza\u0142a RMF FM dr Monika Micha\u0142owska. Stwierdzi\u0142a, \u017ce najwa\u017cniejsze jest zabezpieczenie chlewni ze wzgl\u0119du na fakt, \u017ce teren ten jest zag\u0142\u0119biem trzody chlewnej w Polsce.<\/p>\n<p>Nie ma sygna\u0142\u00f3w o tym, by wirus pojawi\u0142 si\u0119 w hodowlach.<\/p>\n<p>Ministerstwo Rolnictwa i Rozwoju Wsi przekaza\u0142o w pi\u0105tek, \u017ce poszukiwania w pow. piotrkowskim prowadzone b\u0119d\u0105 w systemie ci\u0105g\u0142ym do 21 grudnia. Wed\u0142ug s\u0142u\u017cb weterynaryjnych, w praktyce oznacza to, \u017ce 13, 17 i 20 grudnia przeszukania prowadzi\u0107 b\u0119dzie grupa blisko 100 os\u00f3b.<\/p>\n<p>W strefie zaka\u017cenia obowi\u0105zuje obecnie zakaz odstrza\u0142u dzik\u00f3w. Z kolei w 9 obwodach w powiecie piotrkowskim odstrza\u0142 zosta\u0142 zwi\u0119kszony o 450 dzik\u00f3w.\u00a0<\/p>\n<p>Powiat piotrkowski to zag\u0142\u0119bie hodowli trzody, na kt\u00f3rym znajduje si\u0119 ok. 450 tysi\u0119cy \u015bwi\u0144. Tylko w promieniu 5 km od miejsca znalezienia &#8222;dzika zero&#8221; dzia\u0142a 58 gospodarstw, w kt\u00f3rych utrzymywanych jest ponad 7 tys. \u015bwi\u0144. Rozporz\u0105dzeniem powiatowego lekarza weterynarii, na posiadaczy trzody chlewnej na terenie pi\u0119ciu gmin w pow. piotrkowskim na\u0142o\u017cono szereg obowi\u0105zk\u00f3w, m.in. prowadzenia aktualnego spisu \u015bwi\u0144, zabezpieczenia pasz oraz stosowania skutecznych \u015brodk\u00f3w dezynfekcyjnych. Obowi\u0105zuje te\u017c zakaz wwo\u017cenia na teren gospodarstwa tusz dzik\u00f3w i produkt\u00f3w pochodzenia zwierz\u0119cego, organizowania targ\u00f3w i wystaw ze \u015bwiniami oraz prowadzenia polowa\u0144. Granice obszaru obj\u0119tego zaka\u017ceniem ASF maj\u0105 by\u0107 oznaczone tablicami ostrzegawczymi.<\/p>\n<p>S\u0142u\u017cby nadal wyja\u015bniaj\u0105 okoliczno\u015bci pozostawienia w lesie w gm. Rozprza osk\u00f3rowanego i wypatroszonego dzika, kt\u00f3ry by\u0142 zaka\u017cony wirusem ASF. Dzia\u0142ania w tej sprawie prowadzone s\u0105 przez Agencj\u0119 Bezpiecze\u0144stwa Wewn\u0119trznego, policj\u0119 i prokuratur\u0119.<\/p>\n<p>Afryka\u0144ski pom\u00f3r \u015bwi\u0144 to zaka\u017ana choroba wirusowa \u015bwi\u0144 domowych wszystkich ras oraz dzik\u00f3w. Ludzie nie s\u0105 nara\u017ceni na zaka\u017cenie tym wirusem, wi\u0119c choroba ta nie stwarza zagro\u017cenia dla ich zdrowia i \u017cycia. Wyst\u0105pienie ASF ma przede wszystkim znaczenie ekonomiczne.<\/p>\n","protected":false},"excerpt":{"rendered":"10 martwych dzik\u00f3w odnale\u017ali weterynarze i \u017co\u0142nierze Wojsk Obrony Terytorialnej w miniony weekend w powiecie piotrkowskim w \u0141\u00f3dzkiem&hellip;\n","protected":false},"author":2,"featured_media":152748,"comment_status":"","ping_status":"","sticky":false,"template":"","format":"standard","meta":{"footnotes":""},"categories":[12],"tags":[32,33,36,37,27,34,35,28,31,25,42,38,40,39,41,29,30,26],"class_list":{"0":"post-152747","1":"post","2":"type-post","3":"status-publish","4":"format-standard","5":"has-post-thumbnail","7":"category-polska","8":"tag-breaking-news","9":"tag-breakingnews","10":"tag-featured-news","11":"tag-featurednews","12":"tag-headlines","13":"tag-latest-news","14":"tag-latestnews","15":"tag-naglowki","16":"tag-najwazniejsze-artykuly","17":"tag-news","18":"tag-pl","19":"tag-poland","20":"tag-polish","21":"tag-polska","22":"tag-polski","23":"tag-top-stories","24":"tag-topstories","25":"tag-wiadomosci"},"share_on_mastodon":{"url":"https:\/\/pubeurope.com\/@pl\/115725380344773001","error":""},"_links":{"self":[{"href":"https:\/\/www.europesays.com\/pl\/wp-json\/wp\/v2\/posts\/152747","targetHints":{"allow":["GET"]}}],"collection":[{"href":"https:\/\/www.europesays.com\/pl\/wp-json\/wp\/v2\/posts"}],"about":[{"href":"https:\/\/www.europesays.com\/pl\/wp-json\/wp\/v2\/types\/post"}],"author":[{"embeddable":true,"href":"https:\/\/www.europesays.com\/pl\/wp-json\/wp\/v2\/users\/2"}],"replies":[{"embeddable":true,"href":"https:\/\/www.europesays.com\/pl\/wp-json\/wp\/v2\/comments?post=152747"}],"version-history":[{"count":0,"href":"https:\/\/www.europesays.com\/pl\/wp-json\/wp\/v2\/posts\/152747\/revisions"}],"wp:featuredmedia":[{"embeddable":true,"href":"https:\/\/www.europesays.com\/pl\/wp-json\/wp\/v2\/media\/152748"}],"wp:attachment":[{"href":"https:\/\/www.europesays.com\/pl\/wp-json\/wp\/v2\/media?parent=152747"}],"wp:term":[{"taxonomy":"category","embeddable":true,"href":"https:\/\/www.europesays.com\/pl\/wp-json\/wp\/v2\/categories?post=152747"},{"taxonomy":"post_tag","embeddable":true,"href":"https:\/\/www.europesays.com\/pl\/wp-json\/wp\/v2\/tags?post=152747"}],"curies":[{"name":"wp","href":"https:\/\/api.w.org\/{rel}","templated":true}]}}