{"id":152749,"date":"2025-12-15T20:06:09","date_gmt":"2025-12-15T20:06:09","guid":{"rendered":"https:\/\/www.europesays.com\/pl\/152749\/"},"modified":"2025-12-15T20:06:09","modified_gmt":"2025-12-15T20:06:09","slug":"kacper-potulski-wybral-idealne-miejsce-na-pierwszego-gola-wyjatkowy-moment-kadrowicza-sport-tvp-pl","status":"publish","type":"post","link":"https:\/\/www.europesays.com\/pl\/152749\/","title":{"rendered":"Kacper Potulski &quot;wybra\u0142&quot; idealne miejsce na pierwszego gola. Wyj\u0105tkowy moment kadrowicza &#8211; sport.tvp.pl"},"content":{"rendered":"<ol>\n<li><a href=\"https:\/\/news.google.com\/rss\/articles\/CBMitgFBVV95cUxQUVA0VnJyTHRocjRaYkZJZi02SDRSRDRrLVVwYTlFa2I0TWQ0aWFUdWh1c2s1LWpWR3dHck1mZ1pId25CVVNuSjVMMU9IVHBLYWs1SG9RTFVKUnJUNU5QNkZkM0xkb1BQQWpGeTJua2xNbmZRUlZWdkdBZG1lNEYtQjdEX1dERDIzQ3YzcW91OGhQMVh3OU5zWWgtSFk4MDcxYm5GSklfTDJfTXgyUVRySlFBWmJsZ9IBuwFBVV95cUxPR2NhNldJQ2hkNkpkZzhqNG11Ty1abVZ5RXpSb1FCNUlYMVpwV3lRYlF2T3l3V2FfdE1mWGFaUWN4QUJxNkNXMWIzQUpJVF9wd0ZwZm9KMm03dEtwN1lEUmdKcUJTRWZGRlMzazNZdmoydWdFUlJCa1lNMHpvN21ybGltRHJMNGZpaE51cWZiT1VPT29Va3NZb1I1c3hJSEpJNS1TUjdxVHBPancyMEVwSEdRQU96eVdMMEVr?oc=5\" target=\"_blank\" rel=\"nofollow noopener\">Kacper Potulski &#8222;wybra\u0142&#8221; idealne miejsce na pierwszego gola. Wyj\u0105tkowy moment kadrowicza<\/a>&nbsp;&nbsp;sport.tvp.pl<\/li>\n<li><a href=\"https:\/\/news.google.com\/rss\/articles\/CBMi0gFBVV95cUxNLU0yNEpjWTB5VTFaUXpVTXFPSGVKTUhZdFhSU2Y0Y1BEX0ZXYUNidURtYmE4cGcyNzlDNzA5SWVpQmVZcmdESGNfb2thSTVKTzBMWjRKR1FKVjdfZlZ4Q0stWDgzN201cTZEMkJycnY1ZnpxOTZpZnNDbUlLTFJ1WVNEYzA1cFJ3ZTVERTIwZEJUR1lDR242MU9IelVmcEltOW1CajhDNU1SemtyN05SLThCeW1hY2UxdkxYeURPRmhYdlpUTnVaMFlIdVNIbmV0enc?oc=5\" target=\"_blank\" rel=\"nofollow noopener\">18-letni Polak robi furor\u0119 w Niemczech. Ale w kadrze nie gra. Oto dlaczego<\/a>&nbsp;&nbsp;Przegl\u0105d Sportowy Onet<\/li>\n<li><a href=\"https:\/\/news.google.com\/rss\/articles\/CBMipAFBVV95cUxQbGtfVi1MTExHOFBZUDlIQTk5aGtfN3V4RFA2bVRZY2gtc3RJa1FXVVVrbk5POE1ZWW5CT2tSRTQzMVlwMlBsVWlEQS1adElxa1ZPendVTThjQ0EyWTltVG0wS2UzY016eW8xbjY3NE1JV0FoNzlGVzlSUVdTUjNPT1JvaGpFSWpTT2tOUS1RTUx0ZkpReGN4bzRUeGtkU1pJamllQg?oc=5\" target=\"_blank\" rel=\"nofollow noopener\">Rekord za rekordem! M\u0142ody Polak robi furor\u0119 w Niemczech<\/a>&nbsp;&nbsp;SportoweFakty<\/li>\n<li><a href=\"https:\/\/news.google.com\/rss\/articles\/CBMisgFBVV95cUxPN0tZSWVjTHZjMmd0RWIzZThudDdXSUdDWEpYRjZYanNPRWFTd3JrX0R5MlZFcU9uODZJVGYxNU5WVHg1aV92Q1pET2tfWlVhdFFSSGJaQ29nTXoyLWVpUGZ4ODQzbzFpa1gyUzNJNmtUd0NVMUcwYVVYd3M2dHVFS2hxUFhfYlhsaHRkMmNhRzYxTG1XWG84SjlqRURZeWtoWC1EN2lmQy1hTl8zNDZfRDRB?oc=5\" target=\"_blank\" rel=\"nofollow noopener\">18-latek b\u0142ysn\u0105\u0142 z Bayernem, a Brz\u0119czek go pomija. Teraz t\u0142umaczy<\/a>&nbsp;&nbsp;Sport.pl<\/li>\n<li><a href=\"https:\/\/news.google.com\/rss\/articles\/CBMixAFBVV95cUxONDZkMC16VE5pN3pJZVktZjZ0XzhEZjZVdlFQZDJ6dXRlelQ4cUZaSENQc0dER0w2c2NvVjhJMjVQcl8wOTZkNF9CT29oWExyNDk3TUJJbExQclY4a3RSZE9QS0E2bkdCSE0weExPbl9GSGJydkZycDdtN0hIOTNGVDlCYmdUVEp6TDM0aUJRS1k1bzVVRVpaWWItbi16MHJZN2dUV3ZCdUFBVHd5eVRsTDkxenNNVGFiajdRQklhQnhJejBk?oc=5\" target=\"_blank\" rel=\"nofollow noopener\">Polak ukara\u0142 Bayern, a potem taki koszmar. Sensacja w Monachium. A\u017c trudno uwierzy\u0107<\/a>&nbsp;&nbsp;Sport w INTERIA.PL<\/li>\n<\/ol>\n","protected":false},"excerpt":{"rendered":"Kacper Potulski &#8222;wybra\u0142&#8221; idealne miejsce na pierwszego gola. Wyj\u0105tkowy moment kadrowicza&nbsp;&nbsp;sport.tvp.pl 18-letni Polak robi furor\u0119 w Niemczech. Ale&hellip;\n","protected":false},"author":2,"featured_media":152750,"comment_status":"","ping_status":"","sticky":false,"template":"","format":"standard","meta":{"footnotes":""},"categories":[24],"tags":[18600,935,933,2814,9492,14287,30371,269,42,38,40,39,41,127,334,126],"class_list":{"0":"post-152749","1":"post","2":"type-post","3":"status-publish","4":"format-standard","5":"has-post-thumbnail","7":"category-sport","8":"tag-1-fsv-mainz-05","9":"tag-bayern-monachium","10":"tag-bundesliga","11":"tag-harry-kane","12":"tag-kacper-potulski","13":"tag-liga-niemiecka","14":"tag-mainz","15":"tag-pilka-nozna","16":"tag-pl","17":"tag-poland","18":"tag-polish","19":"tag-polska","20":"tag-polski","21":"tag-sport","22":"tag-sport-tvp-pl","23":"tag-sports"},"share_on_mastodon":{"url":"https:\/\/pubeurope.com\/@pl\/115725388180263082","error":""},"_links":{"self":[{"href":"https:\/\/www.europesays.com\/pl\/wp-json\/wp\/v2\/posts\/152749","targetHints":{"allow":["GET"]}}],"collection":[{"href":"https:\/\/www.europesays.com\/pl\/wp-json\/wp\/v2\/posts"}],"about":[{"href":"https:\/\/www.europesays.com\/pl\/wp-json\/wp\/v2\/types\/post"}],"author":[{"embeddable":true,"href":"https:\/\/www.europesays.com\/pl\/wp-json\/wp\/v2\/users\/2"}],"replies":[{"embeddable":true,"href":"https:\/\/www.europesays.com\/pl\/wp-json\/wp\/v2\/comments?post=152749"}],"version-history":[{"count":0,"href":"https:\/\/www.europesays.com\/pl\/wp-json\/wp\/v2\/posts\/152749\/revisions"}],"wp:featuredmedia":[{"embeddable":true,"href":"https:\/\/www.europesays.com\/pl\/wp-json\/wp\/v2\/media\/152750"}],"wp:attachment":[{"href":"https:\/\/www.europesays.com\/pl\/wp-json\/wp\/v2\/media?parent=152749"}],"wp:term":[{"taxonomy":"category","embeddable":true,"href":"https:\/\/www.europesays.com\/pl\/wp-json\/wp\/v2\/categories?post=152749"},{"taxonomy":"post_tag","embeddable":true,"href":"https:\/\/www.europesays.com\/pl\/wp-json\/wp\/v2\/tags?post=152749"}],"curies":[{"name":"wp","href":"https:\/\/api.w.org\/{rel}","templated":true}]}}