{"id":152767,"date":"2025-12-15T20:17:11","date_gmt":"2025-12-15T20:17:11","guid":{"rendered":"https:\/\/www.europesays.com\/pl\/152767\/"},"modified":"2025-12-15T20:17:11","modified_gmt":"2025-12-15T20:17:11","slug":"berlin-europejscy-przywodcy-jednym-glosem-jest-zielone-swiatlo-dla-zelenskiego","status":"publish","type":"post","link":"https:\/\/www.europesays.com\/pl\/152767\/","title":{"rendered":"Berlin. Europejscy przyw\u00f3dcy jednym g\u0142osem. Jest &#8222;zielone \u015bwiat\u0142o&#8221; dla Ze\u0142enskiego"},"content":{"rendered":"<ul class=\"typography ids-typeset-body ids-typeset-body--preset-large list ids-list ids-list--unordered ids-list--size-large \" datatype=\"disc\">\n<li class=\"ids-list-item\">\n<p>Europejscy liderzy uzgodnili wsparcie dla budowy &#8222;wielonarodowych si\u0142 Ukrainy&#8221;.<\/p>\n<\/li>\n<li class=\"ids-list-item\">\n<p>Porozumienie zak\u0142ada uczestnictwo pa\u0144stw ch\u0119tnych, wsparcie USA oraz rozw\u00f3j armii ukrai\u0144skiej do 800 tysi\u0119cy \u017co\u0142nierzy.<\/p>\n<\/li>\n<li class=\"ids-list-item\">\n<p>Tak\u017ce gwarancje bezpiecze\u0144stwa, monitorowanie konflikt\u00f3w i odbudowa Ukrainy sta\u0142y si\u0119 fundamentem uzgodnie\u0144.<\/p>\n<\/li>\n<li class=\"ids-list-item\">Wi\u0119cej wa\u017cnych informacji znajdziesz na <a class=\"ids-undecorated-link link ids-link link\" href=\"https:\/\/www.interia.pl\/#utm_source=wydarzenia&amp;utm_medium=bullet&amp;utm_campaign=powrot_z_wew&amp;iwa_source=bullet\" target=\"_blank\" rel=\"nofollow noopener\">stronie g\u0142\u00f3wnej Interii<\/a><\/li>\n<\/ul>\n<p class=\"typography ids-typeset-body ids-typeset-body--preset-large link paragraph ids-paragraph ids-paragraph--default\">Europejscy przyw\u00f3dcy zgodzili si\u0119 poprze\u0107 &#8222;wszelkie decyzje&#8221;, jakie ostatecznie podejmie prezydent Ukrainy Wo\u0142odymyr Ze\u0142enski w konkretnych kwestiach dotycz\u0105cych Ukrainy &#8211; zapewniono we wsp\u00f3lnym o\u015bwiadczeniu lider\u00f3w cytowanych przez agencj\u0119 Reutera.<\/p>\n<p>Wsp\u00f3lne o\u015bwiadczenie europejskich lider\u00f3w ws. Ukrainy<\/p>\n<p class=\"typography ids-typeset-body ids-typeset-body--preset-large link paragraph ids-paragraph ids-paragraph--default\">Z o\u015bwiadczenia wynika m.in., \u017ce w\u015br\u00f3d gwarancji bezpiecze\u0144stwa dla Ukrainy &#8211; uzgodnionych mi\u0119dzy USA i Europ\u0105 &#8211; znajduje si\u0119 kierowana wsp\u00f3lnie wojskowa misja ch\u0119tnych, kt\u00f3ra ma dzia\u0142a\u0107 tak\u017ce na terytorium Ukrainy.<\/p>\n<p class=\"typography ids-typeset-body ids-typeset-body--preset-large link paragraph ids-paragraph ids-paragraph--default\">Zgodzono si\u0119 przyj\u0105\u0107 nast\u0119puj\u0105ce zobowi\u0105zania:<\/p>\n<ul class=\"typography ids-typeset-body ids-typeset-body--preset-large list ids-list ids-list--unordered ids-list--size-large \" datatype=\"disc\">\n<li class=\"ids-list-item\">\n<p>zapewnienie wsparcia dla Ukrainy, \u017ceby mog\u0142a zbudowa\u0107 armi\u0119 o liczebno\u015bci 800 tys. \u017co\u0142nierzy, aby m\u00f3c broni\u0107 swojego terytorium,<\/p>\n<\/li>\n<li class=\"ids-list-item\">\n<p>przewodzenie wielonarodowym si\u0142om Ukrainy w ramach koalicji ch\u0119tnych, kt\u00f3re zostan\u0105 wsparte przez Stany Zjednoczone,<\/p>\n<\/li>\n<li class=\"ids-list-item\">\n<p>wprowadzenie\u00a0systemu monitorowania potencjalnych konflikt\u00f3w, tak by odpowiednio wcze\u015bnie kraje we wsparciu z USA mog\u0142y t\u0142umi\u0107 je we wczesnych fazach,<\/p>\n<\/li>\n<li class=\"ids-list-item\">inwestowanie w przysz\u0142y rozw\u00f3j Ukrainy, w\u0142\u0105czaj\u0105c w to wykorzystanie zasob\u00f3w na odbudow\u0119 infrastruktury i d\u0105\u017cenie do uzyskania reparacji wojennych ze strony <a href=\"https:\/\/wydarzenia.interia.pl\/tematy-rosja,gsbi,3125\" class=\"link ids-link\" rel=\"nofollow noopener\" target=\"_blank\">Rosji<\/a>.<\/li>\n<li class=\"ids-list-item\">\n<p>silne wspieranie Ukrainy\u00a0w d\u0105\u017ceniu do akcesji do Unii Europejskiej.<\/p>\n<\/li>\n<\/ul>\n<p>Zobowi\u0105zania wobec Ukrainy. &#8222;Gwarancja bezpiecze\u0144stwa i odbudowy&#8221;<\/p>\n<p class=\"typography ids-typeset-body ids-typeset-body--preset-large link paragraph ids-paragraph ids-paragraph--default\">Zgodnie z o\u015bwiadczeniem europejskich przyw\u00f3dc\u00f3w, decyzje dotycz\u0105ce ewentualnych ust\u0119pstw terytorialnych mog\u0105 by\u0107 podejmowane wy\u0142\u0105cznie przez nar\u00f3d ukrai\u0144ski i dopiero po ustanowieniu solidnych gwarancji bezpiecze\u0144stwa.<\/p>\n<p class=\"typography ids-typeset-body ids-typeset-body--preset-large link paragraph ids-paragraph ids-paragraph--default\">&#8222;Zar\u00f3wno USA, jak i europejscy liderzy zgodzili si\u0119 wsp\u00f3\u0142pracowa\u0107, \u017ceby zapewni\u0107 gwarancj\u0119 bezpiecze\u0144stwa i ekonomicznej odbudowy\u00a0w ramach wsparcia dla Ukrainy, kt\u00f3re ma zako\u0144czy\u0107 wojn\u0119&#8221; &#8211; napisano.<\/p>\n<p class=\"typography ids-typeset-body ids-typeset-body--preset-large link paragraph ids-paragraph ids-paragraph--default\">Na platformie X kanclerz Niemiec <a href=\"https:\/\/wydarzenia.interia.pl\/tematy-friedrich-merz,gsbi,1437\" rel=\"nofollow noopener\" target=\"_blank\">Friedrich Merz<\/a> skomentowa\u0142: &#8222;Po raz pierwszy od pocz\u0105tku wojny na horyzoncie wida\u0107\u00a0zawieszenie broni. Chcemy i\u015b\u0107 drog\u0105 do pokoju razem, z Ukrai\u0144cami, z naszymi europejskimi s\u0105siadami i USA&#8221;.<\/p>\n<p>Ze\u0142enski skomentowa\u0142 rozmowy. &#8222;Gdyby\u015bmy zacz\u0119li wcze\u015bniej&#8230;&#8221;<\/p>\n<p class=\"typography ids-typeset-body ids-typeset-body--preset-large link paragraph ids-paragraph ids-paragraph--default\">&#8222;Bardzo wa\u017cne jest, aby nasi odpowiednicy ze Stan\u00f3w Zjednoczonych us\u0142yszeli wszystkie szczeg\u00f3\u0142y dotycz\u0105ce wojny. Gdyby te spotkania odby\u0142y si\u0119 wcze\u015bniej, post\u0119p by\u0142by jeszcze wi\u0119kszy&#8221; &#8211; napisa\u0142 na X po publikacji wsp\u00f3lnego o\u015bwiadczenia lider\u00f3w Wo\u0142odymyr Ze\u0142enski.<\/p>\n<p class=\"typography ids-typeset-body ids-typeset-body--preset-large link paragraph ids-paragraph ids-paragraph--default\">Prezydent Ukrainy podkre\u015bli\u0142 jednak, \u017ce jest wdzi\u0119czny, poniewa\u017c dobrze wsp\u00f3\u0142pracowa\u0142o mu si\u0119 ze Steve&#8217;em Witkoffem i Jaredem Kushnerem &#8211; reprezentantami strony ameryka\u0144skiej w negocjacjach.<\/p>\n<p class=\"typography ids-typeset-body ids-typeset-body--preset-large link paragraph ids-paragraph ids-paragraph--default\">&#8222;S\u0105 pewne kwestie, kt\u00f3re moim zdaniem s\u0105 destrukcyjne i zdecydowanie nam nie pomog\u0105. Wa\u017cne jest, aby nie znalaz\u0142y si\u0119 ju\u017c w nowych wersjach dokument\u00f3w&#8221; &#8211; zwr\u00f3ci\u0142 si\u0119 z apelem Ze\u0142enski. &#8222;To wa\u017cne, poniewa\u017c\u00a0godno\u015b\u0107 ma znaczenie&#8221; &#8211; zaznaczy\u0142.<\/p>\n<ul class=\"typography ids-typeset-body ids-typeset-body--preset-small list--article-list ids-list ids-list--unordered ids-list--size-small \" datatype=\"disc\">\n<li class=\"ids-list-item ids-list-item__content brief-list-item\"><a class=\"ids-undecorated-link link ids-link \" data-spons=\"false\" href=\"https:\/\/wydarzenia.interia.pl\/ukraina-rosja\/news-rosyjscy-zolnierze-w-ukrainskiej-pulapce-nie-mozna-im-udziel,nId,22498720\" rel=\"nofollow noopener\" target=\"_blank\">Rosyjscy \u017co\u0142nierze w ukrai\u0144skiej pu\u0142apce. &#8222;Nie mo\u017cna im udzieli\u0107 wsparcia&#8221;<\/a><\/li>\n<li class=\"ids-list-item ids-list-item__content brief-list-item\"><a class=\"ids-undecorated-link link ids-link \" data-spons=\"false\" href=\"https:\/\/wydarzenia.interia.pl\/ukraina-rosja\/news-zelenski-mowi-nie-na-propozycje-trumpa-zrodla-o-kulisach-neg,nId,22498573\" rel=\"nofollow noopener\" target=\"_blank\">Ze\u0142enski m\u00f3wi &#8222;nie&#8221; na propozycj\u0119 Trumpa. \u0179r\u00f3d\u0142a o kulisach negocjacji<\/a><\/li>\n<\/ul>\n<p>&#8222;Wydarzenia&#8221;: Spotkanie z &#8222;\u017cyw\u0105 ksi\u0105\u017ck\u0105&#8221;. Niezwyk\u0142a inicjatywa w GdyniPolsat News<\/p>\n<p><a class=\"ids-undecorated-link source ids-page-info--source__link\" href=\"https:\/\/www.interia.pl\" rel=\"nofollow noopener\" target=\"_blank\"><img decoding=\"async\" class=\"ids-image-holder__img\" loading=\"lazy\" alt=\"\" title=\"\" height=\"24px\" src=\"https:\/\/www.europesays.com\/pl\/wp-content\/uploads\/2025\/12\/1765825632_127_0009A60QQ5I2TYF7-C202-F4.webp.webp\"\/><\/a><\/p>\n<p>Masz sugestie, uwagi albo widzisz b\u0142\u0105d? Napisz do nas<\/p>\n","protected":false},"excerpt":{"rendered":"Europejscy liderzy uzgodnili wsparcie dla budowy &#8222;wielonarodowych si\u0142 Ukrainy&#8221;. Porozumienie zak\u0142ada uczestnictwo pa\u0144stw ch\u0119tnych, wsparcie USA oraz rozw\u00f3j&hellip;\n","protected":false},"author":2,"featured_media":152768,"comment_status":"","ping_status":"","sticky":false,"template":"","format":"standard","meta":{"footnotes":""},"categories":[14],"tags":[32,33,27,34,35,28,31,25,40,41,80,29,30,26,82,83,84],"class_list":{"0":"post-152767","1":"post","2":"type-post","3":"status-publish","4":"format-standard","5":"has-post-thumbnail","7":"category-swiat","8":"tag-breaking-news","9":"tag-breakingnews","10":"tag-headlines","11":"tag-latest-news","12":"tag-latestnews","13":"tag-naglowki","14":"tag-najwazniejsze-artykuly","15":"tag-news","16":"tag-polish","17":"tag-polski","18":"tag-swiat","19":"tag-top-stories","20":"tag-topstories","21":"tag-wiadomosci","22":"tag-world","23":"tag-world-news","24":"tag-worldnews"},"share_on_mastodon":{"url":"https:\/\/pubeurope.com\/@pl\/115725431614195946","error":""},"_links":{"self":[{"href":"https:\/\/www.europesays.com\/pl\/wp-json\/wp\/v2\/posts\/152767","targetHints":{"allow":["GET"]}}],"collection":[{"href":"https:\/\/www.europesays.com\/pl\/wp-json\/wp\/v2\/posts"}],"about":[{"href":"https:\/\/www.europesays.com\/pl\/wp-json\/wp\/v2\/types\/post"}],"author":[{"embeddable":true,"href":"https:\/\/www.europesays.com\/pl\/wp-json\/wp\/v2\/users\/2"}],"replies":[{"embeddable":true,"href":"https:\/\/www.europesays.com\/pl\/wp-json\/wp\/v2\/comments?post=152767"}],"version-history":[{"count":0,"href":"https:\/\/www.europesays.com\/pl\/wp-json\/wp\/v2\/posts\/152767\/revisions"}],"wp:featuredmedia":[{"embeddable":true,"href":"https:\/\/www.europesays.com\/pl\/wp-json\/wp\/v2\/media\/152768"}],"wp:attachment":[{"href":"https:\/\/www.europesays.com\/pl\/wp-json\/wp\/v2\/media?parent=152767"}],"wp:term":[{"taxonomy":"category","embeddable":true,"href":"https:\/\/www.europesays.com\/pl\/wp-json\/wp\/v2\/categories?post=152767"},{"taxonomy":"post_tag","embeddable":true,"href":"https:\/\/www.europesays.com\/pl\/wp-json\/wp\/v2\/tags?post=152767"}],"curies":[{"name":"wp","href":"https:\/\/api.w.org\/{rel}","templated":true}]}}