{"id":152769,"date":"2025-12-15T20:18:08","date_gmt":"2025-12-15T20:18:08","guid":{"rendered":"https:\/\/www.europesays.com\/pl\/152769\/"},"modified":"2025-12-15T20:18:08","modified_gmt":"2025-12-15T20:18:08","slug":"jaroslaw-kaczynski-o-konflikcie-w-pis-to-sie-powinno-skonczyc","status":"publish","type":"post","link":"https:\/\/www.europesays.com\/pl\/152769\/","title":{"rendered":"Jaros\u0142aw Kaczy\u0144ski o konflikcie w PiS. &#8222;To si\u0119 powinno sko\u0144czy\u0107&#8221;"},"content":{"rendered":"<p class=\"ods-c-paragraph \">Od kilku miesi\u0119cy w PiS panuj\u0105 napi\u0119te relacje mi\u0119dzy r\u00f3\u017cnymi frakcjami. <a href=\"https:\/\/www.onet.pl\/informacje\/onetwiadomosci\/w-pis-beda-dwie-wigilie-morawiecki-robi-konkurencje-prezesowi\/rdgm2fk,79cfc278\" id=\"82482081-b1b0-4faf-95de-624663273d37\" rel=\"nofollow noopener\" target=\"_blank\">Jak opisywali\u015bmy w Onecie, sytuacja wewn\u0105trz partii zaognia si\u0119.<\/a> <\/p>\n<p>Dalszy ci\u0105g artyku\u0142u pod materia\u0142em wideo<\/p>\n<p> Jakie s\u0105 powody konfliktu w PiS? <\/p>\n<p> Kto by\u0142 jedn\u0105 ze stron konfliktu? <\/p>\n<p> Co Jaros\u0142aw Kaczy\u0144ski s\u0105dzi o sporu w partii? <\/p>\n<p> Kiedy Kaczy\u0144ski rozmawia\u0142 z Morawieckim? <\/p>\n<p>  Konflikt w PiS. &#8222;Powinni\u015bmy takich spor\u00f3w unika\u0107&#8221;<\/p>\n<p class=\"ods-c-paragraph \">O spraw\u0119 by\u0142 pytany Jaros\u0142aw Kaczy\u0144ski podczas Q&amp;A na Kanale TAK!.<\/p>\n<p class=\"ods-c-paragraph \">\u2014 Dzisiaj, w tej szczeg\u00f3lnej sytuacji walki w obronie najbardziej elementarnych polskich interes\u00f3w, pocz\u0105wszy od demokracji, a sko\u0144czywszy na suwerenno\u015bci, bo w tej chwili ta suwerenno\u015b\u0107 jest w oczywisty spos\u00f3b zagro\u017cona, to powinni\u015bmy takich spor\u00f3w zdecydowanie unika\u0107 i licz\u0119 tu na odpowiedzialno\u015b\u0107 moich kole\u017canek i koleg\u00f3w \u2014 powiedzia\u0142 prezes PiS.<\/p>\n<p class=\"ods-c-paragraph \">\u2014 To jest starcie takie zupe\u0142nie normalne w polityce, bo tutaj chodzi o interesy personalne. Tylko \u017ce te interesy w tej chwili powinny by\u0107 nie na drugim, tylko na czwartym miejscu albo sz\u00f3stym, \u017ceby nie powiedzie\u0107 szesnastym miejscu, bo s\u0105 naprawd\u0119 niepor\u00f3wnanie wa\u017cniejsze sprawy \u2014 doda\u0142.<\/p>\n<p class=\"ods-c-paragraph \">Prezes PiS podkre\u015bli\u0142, \u017ce &#8222;takie spory si\u0119 w\u0142a\u015bciwie z jakiego\u015b b\u0142ahego powodu zacz\u0119\u0142y toczy\u0107 i powinny si\u0119 jak najszybciej sko\u0144czy\u0107&#8221;.<\/p>\n<p>   Kaczy\u0144ski: rozmawia\u0142em z Morawieckim<\/p>\n<p class=\"ods-c-paragraph \">W pi\u0105tek na zebraniu w\u0142adz partii nie pojawi\u0142 si\u0119 Mateusz Morawiecki, co zosta\u0142o odczytane \u2014<a href=\"https:\/\/wiadomosci.onet.pl\/tylko-w-onecie\/burzliwa-narada-w-pis-bez-mateusza-morawieckiego-pokazal-prezesowi-miejsce-w-szeregu\/t1ced2s\" id=\"1c1ea50e-d63b-45c9-9a05-36e2fb03c9ec\" rel=\"nofollow noopener\" target=\"_blank\"> jak dowiedzia\u0142 si\u0119 Onet <\/a>\u2014 jako &#8222;pokazanie prezesowi miejsca w szeregu&#8221;.<\/p>\n<p class=\"ods-c-paragraph \"> \u2014 To jest sp\u00f3r, kt\u00f3ry ma jednocze\u015bnie odbicie medialne, jak to si\u0119 cz\u0119sto zdarza, w szczeg\u00f3lno\u015bci w stosunku do naszej partii znacznie wi\u0119ksze ni\u017c on sam jest. My\u015bmy si\u0119 ju\u017c do tego przyzwyczaili, pad\u0142o kilka niepotrzebnych s\u0142\u00f3w w r\u00f3\u017cnych miejscach (&#8230;) By\u0142y jakie\u015b nieobecno\u015bci, kt\u00f3re mog\u0142y by\u0107, mog\u0142y nie by\u0107, ja bym wola\u0142, \u017ceby jednak nie by\u0142y, \u017ceby te osoby by\u0142y obecne, bo mo\u017ce by mnie o to nie pyta\u0142, ale tak si\u0119 sta\u0142o i s\u0105dz\u0119, \u017ce najbli\u017csze dni to jako\u015b za\u0142atwi\u0105, wyprostuj\u0105 \u2014 m\u00f3wi\u0142 dalej prezes PiS.<\/p>\n<p class=\"ods-c-paragraph \">Kaczy\u0144ski przekaza\u0142 tak\u017ce, \u017ce kilka godzin temu rozmawia\u0142 z by\u0142ym premierem.<\/p>\n<p class=\"ods-c-paragraph \">\u2014 Efekty to b\u0119dzie mo\u017cna ocenia\u0107 po nieco d\u0142u\u017cszym czasie, ale sama rozmowa nie by\u0142a najgorsza \u2014 podsumowa\u0142 Kaczy\u0144ski.<\/p>\n","protected":false},"excerpt":{"rendered":"Od kilku miesi\u0119cy w PiS panuj\u0105 napi\u0119te relacje mi\u0119dzy r\u00f3\u017cnymi frakcjami. Jak opisywali\u015bmy w Onecie, sytuacja wewn\u0105trz partii&hellip;\n","protected":false},"author":2,"featured_media":152770,"comment_status":"","ping_status":"","sticky":false,"template":"","format":"standard","meta":{"footnotes":""},"categories":[12],"tags":[32,33,36,37,27,422,49,34,35,3946,28,31,48,25,46,529,42,38,40,39,41,47,29,30,26,2037],"class_list":{"0":"post-152769","1":"post","2":"type-post","3":"status-publish","4":"format-standard","5":"has-post-thumbnail","7":"category-polska","8":"tag-breaking-news","9":"tag-breakingnews","10":"tag-featured-news","11":"tag-featurednews","12":"tag-headlines","13":"tag-jaroslaw_kaczynski","14":"tag-kraj","15":"tag-latest-news","16":"tag-latestnews","17":"tag-mateusz_morawiecki","18":"tag-naglowki","19":"tag-najwazniejsze-artykuly","20":"tag-nat_styl","21":"tag-news","22":"tag-omp","23":"tag-pis","24":"tag-pl","25":"tag-poland","26":"tag-polish","27":"tag-polska","28":"tag-polski","29":"tag-screening_general","30":"tag-top-stories","31":"tag-topstories","32":"tag-wiadomosci","33":"tag-zbigniew_ziobro"},"share_on_mastodon":{"url":"https:\/\/pubeurope.com\/@pl\/115725435393847606","error":""},"_links":{"self":[{"href":"https:\/\/www.europesays.com\/pl\/wp-json\/wp\/v2\/posts\/152769","targetHints":{"allow":["GET"]}}],"collection":[{"href":"https:\/\/www.europesays.com\/pl\/wp-json\/wp\/v2\/posts"}],"about":[{"href":"https:\/\/www.europesays.com\/pl\/wp-json\/wp\/v2\/types\/post"}],"author":[{"embeddable":true,"href":"https:\/\/www.europesays.com\/pl\/wp-json\/wp\/v2\/users\/2"}],"replies":[{"embeddable":true,"href":"https:\/\/www.europesays.com\/pl\/wp-json\/wp\/v2\/comments?post=152769"}],"version-history":[{"count":0,"href":"https:\/\/www.europesays.com\/pl\/wp-json\/wp\/v2\/posts\/152769\/revisions"}],"wp:featuredmedia":[{"embeddable":true,"href":"https:\/\/www.europesays.com\/pl\/wp-json\/wp\/v2\/media\/152770"}],"wp:attachment":[{"href":"https:\/\/www.europesays.com\/pl\/wp-json\/wp\/v2\/media?parent=152769"}],"wp:term":[{"taxonomy":"category","embeddable":true,"href":"https:\/\/www.europesays.com\/pl\/wp-json\/wp\/v2\/categories?post=152769"},{"taxonomy":"post_tag","embeddable":true,"href":"https:\/\/www.europesays.com\/pl\/wp-json\/wp\/v2\/tags?post=152769"}],"curies":[{"name":"wp","href":"https:\/\/api.w.org\/{rel}","templated":true}]}}