{"id":152785,"date":"2025-12-15T20:27:08","date_gmt":"2025-12-15T20:27:08","guid":{"rendered":"https:\/\/www.europesays.com\/pl\/152785\/"},"modified":"2025-12-15T20:27:08","modified_gmt":"2025-12-15T20:27:08","slug":"kowalczyk-nie-ma-watpliwosci-wskazal-kto-zostanie-mistrzem-polski","status":"publish","type":"post","link":"https:\/\/www.europesays.com\/pl\/152785\/","title":{"rendered":"Kowalczyk nie ma w\u0105tpliwo\u015bci. Wskaza\u0142, kto zostanie mistrzem Polski"},"content":{"rendered":"<p class=\"art_paragraph\">Wczoraj rozegrane zosta\u0142y ostatnie tegoroczne spotkania w Ekstraklasie. Zag\u0142\u0119bie Lubin pokona\u0142o 1:0 Rak\u00f3w Cz\u0119stochowa &#8211; by\u0142 to ostatni domowy mecz Marka Papszuna w roli trenera tej dru\u017cyny. Motor Lublin zremisowa\u0142 1:1 z Jagielloni\u0105 Bia\u0142ystok, a na zako\u0144czenie pi\u0142karskiej niedzieli Piast po raz drugi w ci\u0105gu kilku dni zwyci\u0119\u017cy\u0142 z Legi\u0105 Warszawa.<\/p>\n<p>\n    Zobacz wideo Totalna degrengolada w Legii\n  <\/p>\n<p class=\"art_paragraph\">Sezon 2025\/26 przynosi multum niespodzianek. Jedn\u0105 z nich jest niezwykle wyr\u00f3wnany poziom dru\u017cyn. Na pozycji lidera zimuje beniaminek z P\u0142ocka. Wis\u0142a zdoby\u0142a jednak zaledwie 30 punkt\u00f3w w rozegranych 18 meczach. Jest to jeden z najs\u0142abszych wynik\u00f3w w historii Ekstraklasy, a tak\u017ce najgorszy w bie\u017c\u0105cym sezonie w ca\u0142ej Europie.<\/p>\n<p class=\"art_paragraph\">Ekstrema wida\u0107 r\u00f3wnie\u017c na drugim ko\u0144cu tabeli. Najs\u0142absze jesieni\u0105 Bruk-Bet Termalica Nieciecza oraz <a href=\"https:\/\/www.sport.pl\/legia-warszawa#anchorLink\" rel=\"nofollow noopener\" target=\"_blank\">Legia<\/a> Warszawa i tak mog\u0105 pochwali\u0107 si\u0119 \u015bredni\u0105 powy\u017cej punktu na mecz. Do lideruj\u0105cej Wis\u0142y strata jest naprawd\u0119 niewielka &#8211; zaledwie 11 punkt\u00f3w.\u00a0Gdy poprzednim razem Legia przerw\u0119 zimow\u0105 sp\u0119dza\u0142a w strefie spadkowej &#8211; a by\u0142o to zaledwie 4 lata <a href=\"https:\/\/www.sport.pl\/pilka\/7,65037,32443635,ostatni-raz-w-kadrze-gral-1052-dni-temu-nagle-glos-z-anglii.html#anchorLink\" rel=\"nofollow noopener\" target=\"_blank\">temu<\/a> &#8211; do lideruj\u0105cego w\u00f3wczas Lecha Pozna\u0144 Wojskowi tracili a\u017c 26 punkt\u00f3w.<\/p>\n<p> To oni zdob\u0119d\u0105 tytu\u0142?<\/p>\n<p class=\"art_paragraph\">Tak ciasna tabela sprawia, \u017ce niemal ka\u017cda dru\u017cyna mo\u017ce marzy\u0107 o miejscu na podium, ale jednocze\u015bnie musi liczy\u0107 si\u0119 z mo\u017cliwo\u015bci\u0105 walki o utrzymanie. Konia z rz\u0119dem temu, kto poprawnie wytypuje kolejno\u015b\u0107 klub\u00f3w po zako\u0144czeniu sezonu. Na nieco mniejsz\u0105 nagrod\u0119 zas\u0142u\u017cy osoba, kt\u00f3ra odgadnie mistrza Polski 2025\/26.\u00a0<\/p>\n<p class=\"art_paragraph\">Swojego kandydata do majowego \u015bwi\u0119towania ma Wojciech Kowalczyk. Postawi\u0142 na Jagielloni\u0119 Bia\u0142ystok, kt\u00f3ra zajmuje trzecie miejsce z punktem straty do p\u0142ockiej Wis\u0142y. &#8222;Wida\u0107 zm\u0119czenie sezonem i innymi sytuacjami. Tyle, \u017ce to faworyt dla mnie do wygrania ekstraklasy. Odpoczn\u0105 chwil\u0119 i odpal\u0105&#8221; &#8211; stwierdzi\u0142 we wpisie opublikowanym na Twitterze by\u0142y reprezentant kraju.\u00a0<\/p>\n<p> Trudy jesieni da\u0142y si\u0119 we znaki<\/p>\n<p class=\"art_paragraph\">Faktycznie, Jagiellonia mo\u017ce odczuwa\u0107 zm\u0119czenie ko\u0144cz\u0105c\u0105 si\u0119 ju\u017c rund\u0105 jesienn\u0105. Bia\u0142ostoczanie rozegrali ju\u017c 30 spotka\u0144 w tym sezonie, trac\u0105c impet w ostatnich tygodniach. Wczorajszy remis z <a href=\"https:\/\/www.sport.pl\/motor-lublin#anchorLink\" rel=\"nofollow noopener\" target=\"_blank\">Motorem Lublin<\/a> by\u0142 ju\u017c pi\u0105tym z rz\u0119du meczem bez zwyci\u0119stwa.\u00a0A sezon rozpocz\u0105\u0142 si\u0119 niemal idealnie. Po szokuj\u0105cej pora\u017cce z Bruk-Bet Termalik\u0105 Jagiellonia nie przegra\u0142a w kolejnych osiemnastu spotkaniach.<\/p>\n<p class=\"art_paragraph\">Podopieczni Adriana Siemie\u0144ca przez zimow\u0105 przerw\u0105 rozegraj\u0105 jeszcze jedno spotkanie. W czwartek 18 grudnia o godzinie 21:00 zagraj\u0105 na wyje\u017adzie z AZ Alkmaar. B\u0119dzie to ostatni mecz fazy ligowej <a href=\"https:\/\/www.sport.pl\/pilka\/7,64946,32429086,liga-konferencji-o-ktorej-mecze-polskich-druzyn-gdzie-ogladac.html#anchorLink\" rel=\"nofollow noopener\" target=\"_blank\">Ligi Konferencji<\/a>. Tylko kataklizm m\u00f3g\u0142by odebra\u0107 Jagiellonii miejsce w\u015br\u00f3d najlepszych 24 dru\u017cyn, kt\u00f3re b\u0119d\u0105 gra\u0107 na wiosn\u0119 w fazie play-off. Ju\u017c teraz zapraszamy na relacje ze wszystkich mecz\u00f3w polskich dru\u017cyn w europejskich pucharach na stronie Sport.pl oraz do aplikacji mobilnej Sport.pl LIVE.<\/p>\n","protected":false},"excerpt":{"rendered":"Wczoraj rozegrane zosta\u0142y ostatnie tegoroczne spotkania w Ekstraklasie. Zag\u0142\u0119bie Lubin pokona\u0142o 1:0 Rak\u00f3w Cz\u0119stochowa &#8211; by\u0142 to ostatni&hellip;\n","protected":false},"author":2,"featured_media":152786,"comment_status":"","ping_status":"","sticky":false,"template":"","format":"standard","meta":{"footnotes":""},"categories":[24],"tags":[42,38,40,39,41,127,126],"class_list":{"0":"post-152785","1":"post","2":"type-post","3":"status-publish","4":"format-standard","5":"has-post-thumbnail","7":"category-sport","8":"tag-pl","9":"tag-poland","10":"tag-polish","11":"tag-polska","12":"tag-polski","13":"tag-sport","14":"tag-sports"},"share_on_mastodon":{"url":"https:\/\/pubeurope.com\/@pl\/115725470567039977","error":""},"_links":{"self":[{"href":"https:\/\/www.europesays.com\/pl\/wp-json\/wp\/v2\/posts\/152785","targetHints":{"allow":["GET"]}}],"collection":[{"href":"https:\/\/www.europesays.com\/pl\/wp-json\/wp\/v2\/posts"}],"about":[{"href":"https:\/\/www.europesays.com\/pl\/wp-json\/wp\/v2\/types\/post"}],"author":[{"embeddable":true,"href":"https:\/\/www.europesays.com\/pl\/wp-json\/wp\/v2\/users\/2"}],"replies":[{"embeddable":true,"href":"https:\/\/www.europesays.com\/pl\/wp-json\/wp\/v2\/comments?post=152785"}],"version-history":[{"count":0,"href":"https:\/\/www.europesays.com\/pl\/wp-json\/wp\/v2\/posts\/152785\/revisions"}],"wp:featuredmedia":[{"embeddable":true,"href":"https:\/\/www.europesays.com\/pl\/wp-json\/wp\/v2\/media\/152786"}],"wp:attachment":[{"href":"https:\/\/www.europesays.com\/pl\/wp-json\/wp\/v2\/media?parent=152785"}],"wp:term":[{"taxonomy":"category","embeddable":true,"href":"https:\/\/www.europesays.com\/pl\/wp-json\/wp\/v2\/categories?post=152785"},{"taxonomy":"post_tag","embeddable":true,"href":"https:\/\/www.europesays.com\/pl\/wp-json\/wp\/v2\/tags?post=152785"}],"curies":[{"name":"wp","href":"https:\/\/api.w.org\/{rel}","templated":true}]}}