{"id":152797,"date":"2025-12-15T20:34:08","date_gmt":"2025-12-15T20:34:08","guid":{"rendered":"https:\/\/www.europesays.com\/pl\/152797\/"},"modified":"2025-12-15T20:34:08","modified_gmt":"2025-12-15T20:34:08","slug":"boniek-wydal-wyrok-ich-nalezy-zwolnic-z-legii-ja-bym-zrezygnowal","status":"publish","type":"post","link":"https:\/\/www.europesays.com\/pl\/152797\/","title":{"rendered":"Boniek wyda\u0142 wyrok. Ich nale\u017cy zwolni\u0107 z Legii. 'Ja bym zrezygnowa\u0142&#8217;"},"content":{"rendered":"<p class=\"art_paragraph\">&#8211;\u00a0Niekt\u00f3rzy zawodnicy, szczerze m\u00f3wi\u0105c, nie maj\u0105 jaj, \u017ceby gra\u0107 w tej <a href=\"https:\/\/www.sport.pl\/koszulki#anchorLink\" rel=\"nofollow noopener\" target=\"_blank\">koszulce<\/a>. I teraz wszyscy w klubie bierzemy za to odpowiedzialno\u015b\u0107, nie uciekniemy od niej\u00a0&#8211; <a href=\"https:\/\/www.sport.pl\/pilka\/7,65039,32470243,bobic-wprost-o-legii-wstyd-a-potem-takie-slowa-o-papszunie.html\" class=\"art_link\" rel=\"dofollow noopener\" target=\"_blank\">tak ostro o kryzysie, w jakim znalaz\u0142a si\u0119 Legia Warszawa, m\u00f3wi\u0142 jej\u00a0dyrektor ds. operacji pi\u0142karskich, Fredi Bobi\u0107<\/a>. W minion\u0105 niedziel\u0119 sto\u0142eczny\u00a0zesp\u00f3\u0142\u00a0poni\u00f3s\u0142 kolejn\u0105 pora\u017ck\u0119 w sezonie i pobi\u0142 rekord najd\u0142u\u017cszej serii w historii\u00a0klubu\u00a0bez zwyci\u0119stwa. To ju\u017c 11 <a href=\"https:\/\/www.sport.pl\/euro\/7,154862,31079522,kto-dzis-gra-na-euro-2024-jakie-mecze-dzisiaj-piatek-21-czerwca.html#anchorLink\" rel=\"nofollow noopener\" target=\"_blank\">mecz<\/a>\u00f3w. &#8211;\u00a0Chrzani\u0107 ten rekord, ale to wstyd &#8211; podkre\u015bla\u0142 Bobi\u0107.<\/p>\n<p>\n    Zobacz wideo Kosecki szczerze o Legii: Poziom tej dru\u017cyny jest \u017cenuj\u0105cy\n  <\/p>\n<p> Zbigniew Boniek m\u00f3wi o sytuacji w Legii. Nagle wspomnia\u0142 o Bobiciu. &#8222;Z ca\u0142ym szacunkiem&#8230;&#8221;<\/p>\n<p class=\"art_paragraph\">Teraz do wypowiedzi Bobicia o &#8222;braku jaj&#8221; odni\u00f3s\u0142 si\u0119 <a href=\"https:\/\/www.sport.pl\/zbigniew-boniek#anchorLink\" rel=\"nofollow noopener\" target=\"_blank\">Zbigniew Boniek<\/a>. &#8211; To s\u0105 takie frazy, kt\u00f3re m\u00f3wi si\u0119 we wszystkich krajach na \u015bwiecie, jak za du\u017co nie idzie. To s\u0105 &#8211; \u017ce tak powiem &#8211; przykazania pi\u0142karskie &#8211; zacz\u0105\u0142 by\u0142y prezes PZPN na kanale <a href=\"https:\/\/www.youtube.com\/watch?v=Kd5wo9Ndpjg\" class=\"art_link\" rel=\"nofollow noopener\" target=\"_blank\">&#8222;Prawda Futbolu&#8221;<\/a>, a nast\u0119pnie odni\u00f3s\u0142 si\u0119 do postaci samego Bobicia.<\/p>\n<p class=\"art_paragraph\">&#8211; Nic do Bobicia nie mam, bo go nie znam, ale dla mnie to jest sytuacja jasna. Ja nie rozumiem, co Bobi\u0107 robi w Legii. M\u00f3wi\u0119 zupe\u0142nie szczerze, nie rozumiem&#8230; &#8211; podkre\u015bla\u0142. &#8211; Z ca\u0142ym szacunkiem&#8230; Nie wiem, jaka jest jego rola, co on w og\u00f3le zrobi\u0142 w Legii. Wydaje mi si\u0119, przyszed\u0142 do Legii, [wcze\u015bniej] by\u0142 bardzo wysoko notowany przez pewien czas w Niemczech, w Bundeslidze. Skoro przyszed\u0142 do Legii, to znaczy, \u017ce tam ju\u017c nie by\u0142o dla niego nigdzie miejsca &#8211; dodawa\u0142.\u00a0<\/p>\n<p class=\"art_paragraph\">Boniek mia\u0142 te\u017c kilka rad dla w\u0142a\u015bciciela, a jednocze\u015bnie prezesa Legii. Jego zdaniem konieczne s\u0105 zmiany r\u00f3wnie\u017c na g\u00f3rze.\u00a0&#8211; Jak jest taki kryzys jak teraz w Legii, to jak ja bym by\u0142 na miejscu Darka Mioduskiego, to bym zrobi\u0142 opcj\u0119 ameryka\u0144sk\u0105 &#8211; m\u00f3wi\u0142, twierdz\u0105c, \u017ce podzi\u0119kowa\u0142by kilku osobom. Wymieni\u0142 Bobicia, \u017bew\u0142akowa i Herr\u0119. &#8211; Ich dzia\u0142alno\u015b\u0107 przy Papszunie si\u0119 bardzo zmniejszy, wi\u0119c ju\u017c b\u0119dzie kryzys z trenerem &#8211; podkre\u015bla\u0142. Boniek mia\u0142 te\u017c rad\u0119, co do funkcji, jak\u0105 w klubie pe\u0142ni sam Mioduski.\u00a0<\/p>\n<p> Boniek m\u00f3wi wprost. &#8222;Jakie\u015b ruchy trzeba zrobi\u0107&#8221;<\/p>\n<p class=\"art_paragraph\">&#8211; Na miejscu Darka bym zrezygnowa\u0142 z bycia prezesem klubu. On jako w\u0142a\u015bciciel i tak o wszystkim decyduje, wszystkich nadzoruje. Powinien wzi\u0105\u0107 prezesa klubu, kt\u00f3ry faktycznie b\u0119dzie prezesem klubu. Prezes klubu powinien spotka\u0107 si\u0119 z trenerem, dobra\u0107 sobie dyrektora sportowego i w og\u00f3le zmniejszy\u0107 ilo\u015b\u0107 ludzi, kt\u00f3rzy tam chodz\u0105 w krawatach, kt\u00f3rym si\u0119 wydaje, \u017ce s\u0105 dyrektorami i nie wiadomo jakimi prezesami. Jakie\u015b ruchy trzeba zrobi\u0107 &#8211; apelowa\u0142 Boniek.<\/p>\n<p class=\"art_paragraph\">Zobacz te\u017c: <a href=\"https:\/\/www.sport.pl\/pilka\/7,64946,32472707,klub-juz-szukal-domu-dla-lewandowskiego-informacja-sprzed.html\" class=\"art_link\" rel=\"dofollow noopener\" target=\"_blank\">Klub ju\u017c szuka\u0142 domu dla Lewandowskiego! &#8222;Informacja sprzed chwili&#8221;<\/a>.\u00a0<\/p>\n<p class=\"art_paragraph\">Czy Legia wyjdzie z kryzysu? Przed ni\u0105 jeszcze jeden mecz w 2025 roku. Ju\u017c w czwartek zagra z Lincoln Red Imps w Lidze Konferencji. B\u0119dzie to jednak mecz o tzw. pietruszk\u0119. Szans na awans do fazy pucharowej klub nie ma. Zajmuje dopiero 30. miejsce z dorobkiem trzech punkt\u00f3w po pi\u0119ciu spotkaniach. To efekt jednego zwyci\u0119stwa i a\u017c czterech pora\u017cek. W czwartek b\u0119dzie mia\u0142 tylko szans\u0119 przerwa\u0107 fataln\u0105 seri\u0119 bez wygranej.<\/p>\n<p class=\"art_paragraph\">W trakcie przerwy zimowej w klubie powinien zago\u015bci\u0107 nowy trener. B\u0119dzie nim Marek Papszun. Wydaje si\u0119, \u017ce na ten moment, tylko on mo\u017ce odmieni\u0107 losy zespo\u0142u. Ju\u017c wiadomo, \u017ce Legia przezimuje w strefie spadkowej ekstraklasy, ale to wcale nie oznacza wielkiej katastrofy. Do lidera Wis\u0142y P\u0142ock traci 11 punkt\u00f3w, co nie jest przepa\u015bci\u0105. W tabeli jest bardzo ciasno. Warszawianom w tym sezonie pozostaje ju\u017c <a href=\"https:\/\/www.sport.pl\/inne\/0,102005.html#anchorLink\" rel=\"nofollow noopener\" target=\"_blank\">walka<\/a> tylko na jednym froncie.<\/p>\n","protected":false},"excerpt":{"rendered":"&#8211;\u00a0Niekt\u00f3rzy zawodnicy, szczerze m\u00f3wi\u0105c, nie maj\u0105 jaj, \u017ceby gra\u0107 w tej koszulce. I teraz wszyscy w klubie bierzemy&hellip;\n","protected":false},"author":2,"featured_media":152798,"comment_status":"","ping_status":"","sticky":false,"template":"","format":"standard","meta":{"footnotes":""},"categories":[24],"tags":[42,38,40,39,41,127,126],"class_list":{"0":"post-152797","1":"post","2":"type-post","3":"status-publish","4":"format-standard","5":"has-post-thumbnail","7":"category-sport","8":"tag-pl","9":"tag-poland","10":"tag-polish","11":"tag-polska","12":"tag-polski","13":"tag-sport","14":"tag-sports"},"share_on_mastodon":{"url":"https:\/\/pubeurope.com\/@pl\/115725498372827125","error":""},"_links":{"self":[{"href":"https:\/\/www.europesays.com\/pl\/wp-json\/wp\/v2\/posts\/152797","targetHints":{"allow":["GET"]}}],"collection":[{"href":"https:\/\/www.europesays.com\/pl\/wp-json\/wp\/v2\/posts"}],"about":[{"href":"https:\/\/www.europesays.com\/pl\/wp-json\/wp\/v2\/types\/post"}],"author":[{"embeddable":true,"href":"https:\/\/www.europesays.com\/pl\/wp-json\/wp\/v2\/users\/2"}],"replies":[{"embeddable":true,"href":"https:\/\/www.europesays.com\/pl\/wp-json\/wp\/v2\/comments?post=152797"}],"version-history":[{"count":0,"href":"https:\/\/www.europesays.com\/pl\/wp-json\/wp\/v2\/posts\/152797\/revisions"}],"wp:featuredmedia":[{"embeddable":true,"href":"https:\/\/www.europesays.com\/pl\/wp-json\/wp\/v2\/media\/152798"}],"wp:attachment":[{"href":"https:\/\/www.europesays.com\/pl\/wp-json\/wp\/v2\/media?parent=152797"}],"wp:term":[{"taxonomy":"category","embeddable":true,"href":"https:\/\/www.europesays.com\/pl\/wp-json\/wp\/v2\/categories?post=152797"},{"taxonomy":"post_tag","embeddable":true,"href":"https:\/\/www.europesays.com\/pl\/wp-json\/wp\/v2\/tags?post=152797"}],"curies":[{"name":"wp","href":"https:\/\/api.w.org\/{rel}","templated":true}]}}