{"id":152799,"date":"2025-12-15T20:35:10","date_gmt":"2025-12-15T20:35:10","guid":{"rendered":"https:\/\/www.europesays.com\/pl\/152799\/"},"modified":"2025-12-15T20:35:10","modified_gmt":"2025-12-15T20:35:10","slug":"lukasz-schreiber-wyladowal-w-szpitalu-przeszedl-operacje-2","status":"publish","type":"post","link":"https:\/\/www.europesays.com\/pl\/152799\/","title":{"rendered":"\u0141ukasz Schreiber wyl\u0105dowa\u0142 w szpitalu. &#8222;Przeszed\u0142 operacj\u0119&#8221;"},"content":{"rendered":"<p class=\"ods-c-paragraph \"><a href=\"https:\/\/plejada.pl\/temat\/lukasz-schreiber\/x00fd2q\" id=\"43ba7bce-ca2a-4845-ab25-413e80772f7c\" rel=\"nofollow noopener\" target=\"_blank\">\u0141ukasz Schreiber<\/a>, pose\u0142 oraz by\u0142y minister w Kancelarii Premiera, w sierpniu, ponownie powiedzia\u0142 sakramentalne &#8222;tak&#8221; \u2014 tym razem Weronice Reiter. Od tego czasu nowa wybranka pos\u0142a PiS wzbudza du\u017ce zainteresowanie w mediach.<\/p>\n<p class=\"ods-c-paragraph \">\u2014 Nie lubi\u0119, gdy kto\u015b mi m\u00f3wi, \u017ce pr\u00f3buj\u0119 co\u015b zbudowa\u0107 &#8222;na plecach \u0141ukasza&#8221;. Nie jest to prawda, bo <a href=\"https:\/\/plejada.pl\/wywiady\/weronika-schreiber-po-raz-pierwszy-o-zyciu-u-boku-posla-pis-mowi-o-dziecku\/0b9vrlt\" id=\"644576b6-0194-42b0-b8f2-ee6f69c8bcdb\" rel=\"nofollow noopener\" target=\"_blank\">ca\u0142a aktywno\u015b\u0107, jak\u0105 mam w mediach spo\u0142eczno\u015bciowych jest skierowana na biznes<\/a> \u2014 przekonywa\u0142a Weronika Schreiber w niedawnym wywiadzie dla Plejady.<\/p>\n<p class=\"ods-c-paragraph \">Polecamy: <a href=\"https:\/\/plejada.pl\/newsy\/weronika-schreiber-zdradza-kulisy-zwiazku-z-poslem-pis-to-byly-dluzsze-podchody\/brwf94k\" id=\"019636e0-f322-4375-ae8f-679ad5489d9a\" rel=\"nofollow noopener\" target=\"_blank\">Weronika Schreiber zdradza kulisy zwi\u0105zku z pos\u0142em PiS. &#8222;To by\u0142y d\u0142u\u017csze podchody&#8221;<\/a><\/p>\n<p class=\"ods-c-paragraph \">Ma\u0142\u017conkowie staraj\u0105 si\u0119 o powi\u0119kszenie rodziny.<\/p>\n<blockquote class=\"ods-o-quota\">\n<p class=\"ods-o-quota__paragraph\">Bardzo chc\u0119 by\u0107 mam\u0105. Bardzo to czuj\u0119.<\/p>\n<\/blockquote>\n<blockquote class=\"ods-o-quota\">\n<p class=\"ods-o-quota__paragraph\">Jestem zaradna. Bardzo chcemy oboje [mie\u0107 dziecko]. Oby tak si\u0119 wszystko pouk\u0142ada\u0142o po naszej my\u015bli. Osoby nam najbli\u017csze znaj\u0105 sytuacj\u0119, znaj\u0105 temat. Jak b\u0119d\u0119 w ci\u0105\u017cy, to si\u0119 oczywi\u015bcie wszyscy pa\u0144stwo dowiecie. To jest co\u015b, co zawsze pr\u0119dzej czy p\u00f3\u017aniej wyjdzie. Nie zawsze mamy to od razu, czego by\u015bmy chcieli i czasem o pewne rzeczy trzeba d\u0142u\u017cej powalczy\u0107, cho\u0107 ta walka nie jest prosta<\/p>\n<\/blockquote>\n<p class=\"ods-c-paragraph \"><a href=\"https:\/\/plejada.pl\/wywiady\/weronika-schreiber-po-raz-pierwszy-o-zyciu-u-boku-posla-pis-mowi-o-dziecku\/0b9vrlt\" id=\"4f2d6d47-fdd8-4c58-96af-ba6a80fe0b0b\" rel=\"nofollow noopener\" target=\"_blank\">\u2014 doda\u0142a w rozmowie z Plejad\u0105. <\/a><\/p>\n<p>Dalszy ci\u0105g artyku\u0142u pod materia\u0142em wideo<\/p>\n<p> Co si\u0119 sta\u0142o z \u0141ukaszem Schreiberem? <\/p>\n<p> Jakie operacje przeszed\u0142 \u0141ukasz Schreiber? <\/p>\n<p> Dlaczego Weronika Schreiber znikn\u0119\u0142a z medi\u00f3w spo\u0142eczno\u015bciowych? <\/p>\n<p> Czy Weronika i \u0141ukasz Schreiber planuj\u0105 powi\u0119kszenie rodziny? <\/p>\n<p>  \u0141ukasz Schreiber w szpitalu<\/p>\n<p class=\"ods-c-paragraph \">Weronika Schreiber zamie\u015bci\u0142a na InstaStories zdj\u0119cie zrobione w szpitalu, na kt\u00f3rym wida\u0107 d\u0142o\u0144 jej m\u0119\u017ca z za\u0142o\u017conym wenflonem. \u017bona polityka wyja\u015bni\u0142a, \u017ce jej d\u0142u\u017csza cisza w mediach spo\u0142eczno\u015bciowych wzbudzi\u0142a niepok\u00f3j w\u015br\u00f3d obserwator\u00f3w, dlatego postanowi\u0142a zdradzi\u0107, jaka by\u0142a przyczyna tej sytuacji.<\/p>\n<blockquote class=\"ods-o-quota\">\n<p class=\"ods-o-quota__paragraph\">Otrzyma\u0142am od was przez ostatnie dni dziesi\u0105tki wiadomo\u015bci z pytaniami, dlaczego mnie tutaj nie ma. M\u00f3j m\u0105\u017c przeszed\u0142 dzisiaj operacj\u0119. To by\u0142 czas pe\u0142en przygotowa\u0144 i stresu. Potrzebujemy teraz &#8222;ciszy&#8221;. Wr\u00f3c\u0119 do was niebawem<\/p>\n<\/blockquote>\n<blockquote class=\"ods-o-quota\">\n<p class=\"ods-o-quota__paragraph\">Dzi\u0119kujemy naszym najbli\u017cszym za wsparcie!<\/p>\n<\/blockquote>\n<p class=\"ods-c-paragraph \">\u2014 doda\u0142a.<\/p>\n<p class=\"ods-c-paragraph \">Przeczytaj tak\u017ce: <a href=\"https:\/\/plejada.pl\/wywiady\/weronika-schreiber-po-raz-pierwszy-o-zyciu-u-boku-posla-pis-mowi-o-dziecku\/0b9vrlt\" id=\"a39df1b4-732b-4e36-b091-a7f1e7ffd412\" rel=\"nofollow noopener\" target=\"_blank\">Weronika Schreiber po raz pierwszy o \u017cyciu u boku pos\u0142a PiS. &#8222;Bardzo chc\u0119 by\u0107 mam\u0105&#8221;<\/a><\/p>\n<p><img decoding=\"async\" src=\"https:\/\/www.europesays.com\/pl\/wp-content\/uploads\/2025\/12\/HMNk9lBaHR0cHM6Ly9vY2RuLmV1L3B1bHNjbXMvTURBXy84YmVjN2ZkZTcwNTFiNjU4NjE1Mzk0NDRiNzVkNTg5YS5wbmeRlQLNA.jpeg\" height=\"529\" width=\"940\" alt=\"InstaStory z profilu Weroniki Schreiber\" loading=\"lazy\" class=\"ods-c-image__img ods-c-image__img--vertical\"\/><\/p>\n<p>InstaStory z profilu Weroniki SchreiberInstagram<\/p>\n<p class=\"ods-c-paragraph \">Dzi\u0119kujemy, \u017ce przeczyta\u0142a\u015b\/e\u015b nasz artyku\u0142 do ko\u0144ca. W serwisie Plejada.pl ka\u017cdego dnia piszemy o najwa\u017cniejszych wydarzeniach show-biznesowych. B\u0105d\u017a na bie\u017c\u0105co! <a rel=\"nofollow noopener\" href=\"https:\/\/profile.google.com\/cp\/Cg0vZy8xMWJ6X19wdHBx\" id=\"1bb81708-7a88-4193-b3fa-bb589fdc6733\" target=\"_blank\">Obserwuj<\/a> Plejad\u0119 w Wiadomo\u015bciach Google. Odwied\u017a nas tak\u017ce na <a rel=\"nofollow noopener\" href=\"https:\/\/www.facebook.com\/plejadapl\" id=\"f065058e-34fe-4acb-84ee-678f347b4e9e\" target=\"_blank\">Facebooku<\/a>, <a rel=\"nofollow noopener\" href=\"https:\/\/www.instagram.com\/plejadapl\/\" id=\"a0b4f1a7-9f59-4c30-b9a9-54b0fe36a89d\" target=\"_blank\">Instagramie<\/a>, <a rel=\"nofollow noopener\" href=\"https:\/\/www.youtube.com\/c\/plejada\" id=\"6396d94b-4459-4fd5-a5d0-b8d9c499221c\" target=\"_blank\">YouTube<\/a> oraz <a rel=\"nofollow noopener\" href=\"https:\/\/www.tiktok.com\/@plejada_pl\" id=\"30398ce8-56f9-4745-a036-4564f98a7b85\" target=\"_blank\">TikToku<\/a>.<\/p>\n<p class=\"ods-c-paragraph \">Chcesz podzieli\u0107 si\u0119 ciekawym newsem lub zaproponowa\u0107 temat? Skontaktuj si\u0119 z nami, pisz\u0105c e-maila na adres: <a rel=\"nofollow noopener\" href=\"https:\/\/plejada.pl\/newsy\/lukasz-schreiber-wyladowal-w-szpitalu-przeszedl-operacje\/mailto:plejada@redakcjaonet.pl\" id=\"6e768072-3418-4321-9bc0-313b159382b2\" target=\"_blank\">plejada@redakcjaonet.pl<\/a>.<\/p>\n<p><script async src=\"\/\/www.instagram.com\/embed.js\"><\/script><script async src=\"\/\/www.tiktok.com\/embed.js\"><\/script><\/p>\n","protected":false},"excerpt":{"rendered":"\u0141ukasz Schreiber, pose\u0142 oraz by\u0142y minister w Kancelarii Premiera, w sierpniu, ponownie powiedzia\u0142 sakramentalne &#8222;tak&#8221; \u2014 tym razem&hellip;\n","protected":false},"author":2,"featured_media":152800,"comment_status":"","ping_status":"","sticky":false,"template":"","format":"standard","meta":{"footnotes":""},"categories":[22],"tags":[122,7506,48,125,46,42,38,40,39,41,25199,123,47,13643],"class_list":{"0":"post-152799","1":"post","2":"type-post","3":"status-publish","4":"format-standard","5":"has-post-thumbnail","7":"category-rozrywka","8":"tag-entertainment","9":"tag-lukasz_schreiber","10":"tag-nat_styl","11":"tag-newsy","12":"tag-omp","13":"tag-pl","14":"tag-poland","15":"tag-polish","16":"tag-polska","17":"tag-polski","18":"tag-rebrand_ai_tst1","19":"tag-rozrywka","20":"tag-screening_general","21":"tag-weronika_reiter"},"share_on_mastodon":{"url":"https:\/\/pubeurope.com\/@pl\/115725502176869759","error":""},"_links":{"self":[{"href":"https:\/\/www.europesays.com\/pl\/wp-json\/wp\/v2\/posts\/152799","targetHints":{"allow":["GET"]}}],"collection":[{"href":"https:\/\/www.europesays.com\/pl\/wp-json\/wp\/v2\/posts"}],"about":[{"href":"https:\/\/www.europesays.com\/pl\/wp-json\/wp\/v2\/types\/post"}],"author":[{"embeddable":true,"href":"https:\/\/www.europesays.com\/pl\/wp-json\/wp\/v2\/users\/2"}],"replies":[{"embeddable":true,"href":"https:\/\/www.europesays.com\/pl\/wp-json\/wp\/v2\/comments?post=152799"}],"version-history":[{"count":0,"href":"https:\/\/www.europesays.com\/pl\/wp-json\/wp\/v2\/posts\/152799\/revisions"}],"wp:featuredmedia":[{"embeddable":true,"href":"https:\/\/www.europesays.com\/pl\/wp-json\/wp\/v2\/media\/152800"}],"wp:attachment":[{"href":"https:\/\/www.europesays.com\/pl\/wp-json\/wp\/v2\/media?parent=152799"}],"wp:term":[{"taxonomy":"category","embeddable":true,"href":"https:\/\/www.europesays.com\/pl\/wp-json\/wp\/v2\/categories?post=152799"},{"taxonomy":"post_tag","embeddable":true,"href":"https:\/\/www.europesays.com\/pl\/wp-json\/wp\/v2\/tags?post=152799"}],"curies":[{"name":"wp","href":"https:\/\/api.w.org\/{rel}","templated":true}]}}