{"id":152810,"date":"2025-12-15T20:42:12","date_gmt":"2025-12-15T20:42:12","guid":{"rendered":"https:\/\/www.europesays.com\/pl\/152810\/"},"modified":"2025-12-15T20:42:12","modified_gmt":"2025-12-15T20:42:12","slug":"marek-kondrat-na-planie-lalki-internauci-jednoznacznie-ocenili-jego-wyglad","status":"publish","type":"post","link":"https:\/\/www.europesays.com\/pl\/152810\/","title":{"rendered":"Marek Kondrat na planie &#8222;Lalki&#8221;. Internauci jednoznacznie ocenili jego wygl\u0105d"},"content":{"rendered":"<p class=\"Paragraph_desktopParagraph__U31Gm\"><a href=\"https:\/\/plejada.pl\/marek-kondrat-aktor\" id=\"82595b48-3bf9-4cfb-bf91-8e6924414da9\" rel=\"nofollow noopener\" target=\"_blank\">Marek Kondrat<\/a>, kt\u00f3ry oficjalnie zako\u0144czy\u0142 karier\u0119 w 2007 r., powr\u00f3ci na ekran w roli Ignacego Rzeckiego \u2013 jednego z kluczowych bohater\u00f3w &#8222;Lalki&#8221;, ikonicznej powie\u015bci Boles\u0142awa Prusa, re\u017cyserowanej przez Macieja Kawalskiego. Aktorowi partnerowa\u0107 b\u0119d\u0105 <a href=\"https:\/\/plejada.pl\/marcin-dorocinski\" id=\"3f071076-ca66-4d3c-acff-534fa74cab94\" rel=\"nofollow noopener\" target=\"_blank\">Marcin Doroci\u0144ski<\/a> jako Stanis\u0142aw Wokulski oraz <a href=\"https:\/\/plejada.pl\/temat\/kamila-urzedowska\/c28npeb\" id=\"87415ade-3a8f-4094-b91a-bcd44502a762\" rel=\"nofollow noopener\" target=\"_blank\">Kamila Urz\u0119dowska<\/a> jako Izabela \u0141\u0119cka, o czym jako pierwsi informowali Onet Kultura oraz Filmweb. <\/p>\n<blockquote>\n<p class=\"Paragraph_desktopParagraph__U31Gm\">&#8222;Lalka&#8221; jest moj\u0105 ulubion\u0105 powie\u015bci\u0105. Nigdy w moim \u017cyciu aktorskim nie zdarzy\u0142o mi si\u0119 znale\u017a\u0107 w\u015br\u00f3d jej bohater\u00f3w. (&#8230;) Rzecki jest postaci\u0105 z &#8222;dw\u00f3ch \u015bwiat\u00f3w&#8221; \u2013 mijaj\u0105cego i obecnego. To bliska mi perspektywa, kt\u00f3ra daje mi poczucie dotkliwej aktualno\u015bci tej powie\u015bci<\/p>\n<\/blockquote>\n<p class=\"Paragraph_desktopParagraph__U31Gm\">\u2013 m\u00f3wi\u0142 Marek Kondrat.<\/p>\n<ul class=\"OchatFollowUps_wrapper__1ry7X\">\n<li class=\"OchatFollowUps_item__Dhyly OchatFollowUps_itemDesktop__R6aBv\">Kto zagra g\u0142\u00f3wn\u0105 rol\u0119 obok Marka Kondrata?<\/li>\n<li class=\"OchatFollowUps_item__Dhyly OchatFollowUps_itemDesktop__R6aBv\">Kto re\u017cyseruje filmow\u0105 wersj\u0119 'Lalki&#8217;?<\/li>\n<li class=\"OchatFollowUps_item__Dhyly OchatFollowUps_itemDesktop__R6aBv\">Jakie tematy ma ukaza\u0107 adaptacja 'Lalki&#8217;?<\/li>\n<li class=\"OchatFollowUps_item__Dhyly OchatFollowUps_itemDesktop__R6aBv\">Czy powstaje inna wersja 'Lalki&#8217;?<\/li>\n<\/ul>\n<p>Marek Kondrat zagra Rzeckiego w nowej &#8222;Lalce&#8221;. S\u0105 pierwsze zdj\u0119cia aktora z planu <\/p>\n<p class=\"Paragraph_desktopParagraph__U31Gm\">Tw\u00f3rcy kinowej wersji filmu w\u0142a\u015bnie zaprezentowali, jak Marek Kondrat prezentuje si\u0119 na planie w kostiumie Ignacego Rzeckiego. <\/p>\n<blockquote>\n<p class=\"Paragraph_desktopParagraph__U31Gm\">Marek Kondrat jako Ignacy Rzecki pozdrawia z planu &#8222;Lalki&#8221;. Dzielimy si\u0119 pierwszymi zdj\u0119ciami aktora w charakteryzacji<\/p>\n<\/blockquote>\n<p class=\"Paragraph_desktopParagraph__U31Gm\">\u2014 czytamy na profilu tw\u00f3rc\u00f3w filmu &#8222;Lalka&#8221; na Instagramie. <\/p>\n<p class=\"Paragraph_desktopParagraph__U31Gm\">&#8222;Wspaniale b\u0119dzie znowu zobaczy\u0107 pana Marka na ekranie&#8221;, &#8222;Jestem bardzo ciekawa tej roli!&#8221;, &#8222;Jest klimat&#8221;, &#8222;\u015awietna charakteryzacja! Nie mog\u0119 si\u0119 doczeka\u0107 premiery filmu&#8221;, &#8222;Mistrz i jego kolejne mistrzowskie wcielenie&#8221;, &#8222;Dobra robota charakteryzator\u00f3w. Rzecki wygl\u0105da tak, jak powinien, dobrze si\u0119 prezentuje&#8221;, &#8222;Doskonale&#8221;, &#8222;On wr\u00f3ci\u0142! Marek Kondrat wr\u00f3ci\u0142&#8221; \u2014 czytamy w komentarzach pod zdj\u0119ciami aktora na planie zdj\u0119ciowym. <\/p>\n<p>Gwiazdorska obsada &#8222;Lalki&#8221;. Powstan\u0105 dwie produkcje <\/p>\n<p class=\"Paragraph_desktopParagraph__U31Gm\">Przypomnijmy, \u017ce w filmowej adaptacji &#8222;Lalki&#8221; Boles\u0142awa Prusa, przygotowywanej przez Macieja Kawalskiego, pojawi si\u0119 naprawd\u0119 imponuj\u0105ca obsada polskich gwiazd kina. W g\u0142\u00f3wnych rolach zobaczymy: Marcina Doroci\u0144skiego jako Stanis\u0142awa Wokulskiego oraz Kamil\u0119 Urz\u0119dowsk\u0105 w roli Izabeli \u0141\u0119ckiej. Towarzyszy\u0107 im b\u0119d\u0105 takie nazwiska jak Marek Kondrat w roli Ignacego Rzeckiego, <a href=\"https:\/\/plejada.pl\/temat\/agata-kulesza-aktorka\/v5myh6s\" id=\"ae7bfc20-b65f-4f1e-94ff-a73f00ffc1c9\" rel=\"nofollow noopener\" target=\"_blank\">Agata Kulesza<\/a>, <a href=\"https:\/\/plejada.pl\/newsy\/andrzej-seweryn-milosc-do-zony-nazwal-uderzeniem-piorunem-ona-myslala-ze-jest-chlodny\/lf2whpj\" id=\"9ee597af-dd17-435c-8793-f434713d6bf4\" rel=\"nofollow noopener\" target=\"_blank\">Andrzej Seweryn<\/a> (jako Tomasz \u0141\u0119cki), <a href=\"https:\/\/plejada.pl\/temat\/krystyna-janda-aktorka\/dw4v3tm\" id=\"adc43e70-2259-4e93-b736-5c64d0081957\" rel=\"nofollow noopener\" target=\"_blank\">Krystyna Janda<\/a>, Maria D\u0119bska, Andrzej Chyra, Mateusz Dami\u0119cki, Cezary \u017bak, Dawid Ogrodnik, Mateusz Dami\u0119cki, Karolina Gruszka czy <a href=\"https:\/\/plejada.pl\/temat\/maja-ostaszewska\/4ngmdzc\" id=\"183c9b8d-b143-42ec-bae0-cefff9a851a7\" rel=\"nofollow noopener\" target=\"_blank\">Maja Ostaszewska<\/a> \u2013 czyli aktorzy, kt\u00f3rzy od lat nale\u017c\u0105 do czo\u0142\u00f3wki polskiej kinematografii i teatru. Ta wersja ma by\u0107 wierna literackiemu orygina\u0142owi, ukazuj\u0105c uniwersalne tematy mi\u0142o\u015bci, ambicji i spo\u0142ecznych r\u00f3\u017cnic w realistycznej, kostiumowej oprawie.<\/p>\n<p class=\"Paragraph_desktopParagraph__U31Gm\">R\u00f3wnolegle z t\u0105 produkcj\u0105 powstaje inna adaptacja &#8222;Lalki&#8221; \u2013 tym razem dla Netfliksa, kt\u00f3ra b\u0119dzie mia\u0142a form\u0119 serialu. W odr\u00f3\u017cnieniu od kinowej wersji Kawalskiego, w serialu Netfliksa g\u0142\u00f3wne role powierzono <a href=\"https:\/\/plejada.pl\/temat\/tomasz-schuchardt\/v740130\" id=\"e5cb5f33-ac86-490a-9390-1088a41cefb2\" rel=\"nofollow noopener\" target=\"_blank\">Tomaszowi Schuchardtowi<\/a> i <a href=\"https:\/\/plejada.pl\/temat\/sandra-drzymalska-aktorka\/n0e8e1z\" id=\"cd45b8ff-3247-4e15-9ce9-7cda54d3d9a0\" rel=\"nofollow noopener\" target=\"_blank\">Sandrze Drzymalskiej<\/a>, co zapowiada odmienn\u0105 interpretacj\u0119 historii Boles\u0142awa Prusa. Projekt Netfliksa ma inny zesp\u00f3\u0142 tw\u00f3rc\u00f3w i ma by\u0107 nowoczesnym podej\u015bciem do klasyki, rozpisanym na sze\u015b\u0107 odcink\u00f3w, co daje wi\u0119ksz\u0105 przestrze\u0144 na rozwini\u0119cie w\u0105tk\u00f3w i postaci.<\/p>\n<p class=\"Paragraph_desktopParagraph__U31Gm\">Dzi\u0119kujemy, \u017ce przeczyta\u0142a\u015b\/e\u015b nasz artyku\u0142 do ko\u0144ca. W serwisie Plejada.pl ka\u017cdego dnia piszemy o najwa\u017cniejszych wydarzeniach show-biznesowych. B\u0105d\u017a na bie\u017c\u0105co! <a rel=\"nofollow noopener\" href=\"https:\/\/profile.google.com\/cp\/Cg0vZy8xMWJ6X19wdHBx\" id=\"114d97c9-83f8-4400-a834-5a782f7b469a\" target=\"_blank\">Obserwuj<\/a> Plejad\u0119 w Google. Odwied\u017a nas tak\u017ce na <a rel=\"nofollow noopener\" href=\"https:\/\/www.facebook.com\/plejadapl\" id=\"9f979488-c3ac-416f-95d6-d84866f3f5a0\" target=\"_blank\">Facebooku<\/a>, <a rel=\"nofollow noopener\" href=\"https:\/\/www.instagram.com\/plejadapl\/\" id=\"961a39c9-1925-46d0-85b1-2131bcb11c3d\" target=\"_blank\">Instagramie<\/a>, <a rel=\"nofollow noopener\" href=\"https:\/\/www.youtube.com\/c\/plejada\" id=\"55996e61-00ea-4154-8389-0b3d6aaf02a5\" target=\"_blank\">YouTubie<\/a> oraz <a rel=\"nofollow noopener\" href=\"https:\/\/www.tiktok.com\/@plejada_pl\" id=\"165a3545-e582-4d20-8b75-3d1b162c253e\" target=\"_blank\">TikToku<\/a>.<\/p>\n<p class=\"Paragraph_desktopParagraph__U31Gm\">Chcesz podzieli\u0107 si\u0119 ciekawym newsem lub zaproponowa\u0107 temat? Skontaktuj si\u0119 z nami, pisz\u0105c maila na adres: <a href=\"https:\/\/www.onet.pl\/styl-zycia\/plejada\/marek-kondrat-na-planie-lalki-internauci-jednoznacznie-ocenili-jego-wyglad\/mailto:plejada@redakcjaonet.pl\" id=\"9076ad09-76c5-4ca4-bea8-205564dd1ba9\" rel=\"nofollow noopener\" target=\"_blank\">plejada@redakcjaon<\/a><a rel=\"nofollow noopener\" href=\"http:\/\/et.pl\" id=\"0bac6a8d-a6f2-4527-927c-c31140343e70\" target=\"_blank\">et.pl<\/a>.<\/p>\n<p><script async src=\"\/\/www.instagram.com\/embed.js\"><\/script><script async src=\"\/\/www.tiktok.com\/embed.js\"><\/script><\/p>\n","protected":false},"excerpt":{"rendered":"Marek Kondrat, kt\u00f3ry oficjalnie zako\u0144czy\u0142 karier\u0119 w 2007 r., powr\u00f3ci na ekran w roli Ignacego Rzeckiego \u2013 jednego&hellip;\n","protected":false},"author":2,"featured_media":152811,"comment_status":"","ping_status":"","sticky":false,"template":"","format":"standard","meta":{"footnotes":""},"categories":[22],"tags":[6328,30668,30669,30623,8934,122,67,7408,14178,261,15243,30667,30666,14745,53,52,68,51,55,42,38,40,39,41,123,47,30665,50],"class_list":{"0":"post-152810","1":"post","2":"type-post","3":"status-publish","4":"format-standard","5":"has-post-thumbnail","7":"category-rozrywka","8":"tag-agata_kulesza_aktorka","9":"tag-andrzej_chyra_aktor","10":"tag-andrzej_seweryn_aktor","11":"tag-boleslaw_prus_pisarz","12":"tag-cezary_zak_aktor","13":"tag-entertainment","14":"tag-intextvideo_splayer","15":"tag-kamila_urzedowska","16":"tag-krystyna_janda_aktorka","17":"tag-kultura","18":"tag-lalka","19":"tag-maciej_kawalski_rezyser","20":"tag-marcin_dorocinski_aktor","21":"tag-marek_kondrat","22":"tag-new_header","23":"tag-onet3","24":"tag-onet3d","25":"tag-onet3d_2i","26":"tag-phx","27":"tag-pl","28":"tag-poland","29":"tag-polish","30":"tag-polska","31":"tag-polski","32":"tag-rozrywka","33":"tag-screening_general","34":"tag-stanislaw_wokulski_postac_literacka","35":"tag-v2021"},"share_on_mastodon":{"url":"","error":"Validation failed: Text character limit of 500 exceeded"},"_links":{"self":[{"href":"https:\/\/www.europesays.com\/pl\/wp-json\/wp\/v2\/posts\/152810","targetHints":{"allow":["GET"]}}],"collection":[{"href":"https:\/\/www.europesays.com\/pl\/wp-json\/wp\/v2\/posts"}],"about":[{"href":"https:\/\/www.europesays.com\/pl\/wp-json\/wp\/v2\/types\/post"}],"author":[{"embeddable":true,"href":"https:\/\/www.europesays.com\/pl\/wp-json\/wp\/v2\/users\/2"}],"replies":[{"embeddable":true,"href":"https:\/\/www.europesays.com\/pl\/wp-json\/wp\/v2\/comments?post=152810"}],"version-history":[{"count":0,"href":"https:\/\/www.europesays.com\/pl\/wp-json\/wp\/v2\/posts\/152810\/revisions"}],"wp:featuredmedia":[{"embeddable":true,"href":"https:\/\/www.europesays.com\/pl\/wp-json\/wp\/v2\/media\/152811"}],"wp:attachment":[{"href":"https:\/\/www.europesays.com\/pl\/wp-json\/wp\/v2\/media?parent=152810"}],"wp:term":[{"taxonomy":"category","embeddable":true,"href":"https:\/\/www.europesays.com\/pl\/wp-json\/wp\/v2\/categories?post=152810"},{"taxonomy":"post_tag","embeddable":true,"href":"https:\/\/www.europesays.com\/pl\/wp-json\/wp\/v2\/tags?post=152810"}],"curies":[{"name":"wp","href":"https:\/\/api.w.org\/{rel}","templated":true}]}}