{"id":152812,"date":"2025-12-15T20:44:08","date_gmt":"2025-12-15T20:44:08","guid":{"rendered":"https:\/\/www.europesays.com\/pl\/152812\/"},"modified":"2025-12-15T20:44:08","modified_gmt":"2025-12-15T20:44:08","slug":"fiasko-mediacji-w-kauflandzie-strajk-generalny-coraz-blizej","status":"publish","type":"post","link":"https:\/\/www.europesays.com\/pl\/152812\/","title":{"rendered":"Fiasko mediacji w Kauflandzie. Strajk generalny coraz bli\u017cej"},"content":{"rendered":"<p class=\"Paragraph_desktopParagraph__U31Gm\">W niedziel\u0119 pracownicy sieci Kaufland przyst\u0105pili do strajku ostrzegawczego. G\u0142\u00f3wnym postulatem by\u0142a podwy\u017cka o 1200 z\u0142 oraz zaprzestanie \u0142amania praw pracy. W poniedzia\u0142ek OPZZ Konfederacja Pracy prowadzi\u0142a mediacje z przedstawicielami Kauflandu. Nie przynios\u0142y one jednak oczekiwanych rezultat\u00f3w.<\/p>\n<p class=\"Paragraph_desktopParagraph__U31Gm\">W mediach spo\u0142eczno\u015bciowych opublikowano komunikat do wszystkich pracownik\u00f3w, w kt\u00f3rym zawarto plany na przysz\u0142o\u015b\u0107 i dalsze kroki dzia\u0142ania.<\/p>\n<p>Strajk generalny? <\/p>\n<p class=\"Paragraph_desktopParagraph__U31Gm\">&#8222;Nie pozosta\u0142o nam nic innego ni\u017c strajk generalny. Jeste\u015bmy po zako\u0144czonych mediacjach z zarz\u0105dem Kauflandu (&#8230;). W zwi\u0105zku z brakiem porozumienia oraz podpisaniem protoko\u0142u rozbie\u017cno\u015bci informujemy, \u017ce kolejnym krokiem b\u0119dzie przeprowadzenie referendum strajkowego. O jego terminie i zasadach pracownicy zostan\u0105 poinformowani w najbli\u017cszym czasie&#8221; \u2014 przekazano na stronie OPZZ Konfederacja Pracy w Kauflandzie, Biedronce, Dino, ALDI i Rossmann.<\/p>\n<p class=\"Paragraph_desktopParagraph__U31Gm\">W dalszej cz\u0119\u015bci poruszono temat podwy\u017cek, do kt\u00f3rych zobowi\u0105za\u0142 si\u0119 Kaufland. Sieci obieca\u0142a podwy\u017cszenie p\u0142ac, ale nie w takiej wysoko\u015bci, jakiej oczekiwali pracownicy.<\/p>\n<p class=\"Paragraph_desktopParagraph__U31Gm\">Podczas rozm\u00f3w negocjacyjnych zarz\u0105d Kauflandu stwierdzi\u0142, \u017ce w strajkach bra\u0142 udzia\u0142 zaledwie jeden procent pracownik\u00f3w, co ma \u015bwiadczy\u0107 o og\u00f3lnym zadowoleniu z pracy. Z tym nie zgadzaj\u0105 si\u0119 zwi\u0105zki zawodowe.<\/p>\n<p class=\"VideoPlayerText_videoPlayerText__iDwyz\">Dalszy ci\u0105g materia\u0142u pod wideo<\/p>\n<p class=\"Paragraph_desktopParagraph__U31Gm\">&#8222;Brak udzia\u0142u w strajku nie jest r\u00f3wnoznaczny z aprobat\u0105 obecnej sytuacji \u2014 cz\u0119sto wynika z obaw, presji lub braku realnych mo\u017cliwo\u015bci podj\u0119cia takiego kroku. Kaufland w komunikatach prasowych, twierdzi, \u017ce brak jest poparcia dla naszych dzia\u0142a\u0144 oraz nie ma sygna\u0142\u00f3w o zastraszaniu zwi\u0105zkowc\u00f3w \u2014 nie spos\u00f3b zaprzeczy\u0107, i\u017c trudno, aby zastraszani zg\u0142aszali do zastraszaj\u0105cego takie przypadki&#8221; \u2014 przekazano.<\/p>\n<ul class=\"OchatFollowUps_wrapper__1ry7X\">\n<li class=\"OchatFollowUps_item__Dhyly OchatFollowUps_itemDesktop__R6aBv\">Jakie s\u0105 g\u0142\u00f3wne postulaty pracownik\u00f3w Kauflandu?<\/li>\n<li class=\"OchatFollowUps_item__Dhyly OchatFollowUps_itemDesktop__R6aBv\">Co zrobi OPZZ Konfederacja Pracy po zako\u0144czeniu mediacji?<\/li>\n<li class=\"OchatFollowUps_item__Dhyly OchatFollowUps_itemDesktop__R6aBv\">Jakie pytania b\u0119d\u0105 zadawane w referendum strajkowym?<\/li>\n<li class=\"OchatFollowUps_item__Dhyly OchatFollowUps_itemDesktop__R6aBv\">Dlaczego Kaufland uwa\u017ca, \u017ce wi\u0119kszo\u015b\u0107 pracownik\u00f3w jest zadowolona z pracy?<\/li>\n<\/ul>\n<p class=\"Paragraph_desktopParagraph__U31Gm\">OPZZ Konfederacja Pracy napisa\u0142a tak\u017ce, \u017ce zaoferowane wcze\u015bniej podwy\u017cki maj\u0105 jedynie charakter &#8222;pozorny&#8221; i nie podnios\u0105 jako\u015bci \u017cycia pracownik\u00f3w, szczeg\u00f3lnie z uwzgl\u0119dnieniem inflacji oraz podwy\u017cszenia najni\u017cszej krajowej.<\/p>\n<p class=\"Paragraph_desktopParagraph__U31Gm\">Sp\u00f3\u0142ka mia\u0142a tak\u017ce nie wyrazi\u0107 ch\u0119ci podtrzymania mediacji i zaproponowania innych rozwi\u0105za\u0144 sporu.<\/p>\n<p class=\"Paragraph_desktopParagraph__U31Gm\">&#8222;Pomimo obecnej sytuacji nie rezygnujemy z dalszych dzia\u0142a\u0144. B\u0119dziemy konsekwentnie domaga\u0107 si\u0119 rzeczywistego dialogu oraz godnych warunk\u00f3w pracy i p\u0142acy dla wszystkich pracownik\u00f3w. Naszym celem nie jest konflikt, lecz sprawiedliwe traktowanie i realne docenienie ludzi, kt\u00f3rzy ka\u017cdego dnia buduj\u0105 wyniki tej firmy&#8221; \u2014 czytamy w komunikacie.<\/p>\n<p class=\"Paragraph_desktopParagraph__U31Gm\">Wcze\u015bniej w rozmowie z Onetem, Wojech Jendrusiak przewodnicz\u0105cy Mi\u0119dzyzak\u0142adowej Organizacji OPZZ Konfederacja Pracy, wyja\u015bni\u0142, jak dok\u0142adnie b\u0119d\u0105 wygl\u0105da\u0107 dalsze kroki w przypadku, gdy nie dojdzie do porozumienia.<\/p>\n<p class=\"Paragraph_desktopParagraph__U31Gm\">\u2014 Wtedy zgodnie z procedur\u0105 b\u0119dziemy przeprowadzali og\u00f3lnopolskie referendum strajkowe. I tam b\u0119d\u0105 dwa pytania. Czy jeste\u015b za przeprowadzeniem akcji strajkowej strajku generalnego? I drugie pytanie czy wezm\u0105 czynny udzia\u0142 w strajku? Je\u017celi wi\u0119kszo\u015b\u0107 pracownik\u00f3w bior\u0105cych udzia\u0142 w tym referendum b\u0119dzie postulowa\u0142o za strajkiem, wtedy odb\u0119dzie si\u0119 bezterminowy generalny strajk. Czyli zatrzymujemy prac\u0119 na czas nieokre\u015blony. Do momentu a\u017c si\u0119 w ko\u0144cu dogadamy \u2014 m\u00f3wi dla Onetu Wojciech Jendrusiak.<\/p>\n","protected":false},"excerpt":{"rendered":"W niedziel\u0119 pracownicy sieci Kaufland przyst\u0105pili do strajku ostrzegawczego. G\u0142\u00f3wnym postulatem by\u0142a podwy\u017cka o 1200 z\u0142 oraz zaprzestanie&hellip;\n","protected":false},"author":2,"featured_media":152813,"comment_status":"","ping_status":"","sticky":false,"template":"","format":"standard","meta":{"footnotes":""},"categories":[16],"tags":[113,112,105,67,5828,53,52,68,51,55,42,38,40,39,41,47,9070,65,50,1920],"class_list":{"0":"post-152812","1":"post","2":"type-post","3":"status-publish","4":"format-standard","5":"has-post-thumbnail","7":"category-biznes","8":"tag-biznes","9":"tag-business","10":"tag-ekonomia","11":"tag-intextvideo_splayer","12":"tag-kaufland","13":"tag-new_header","14":"tag-onet3","15":"tag-onet3d","16":"tag-onet3d_2i","17":"tag-phx","18":"tag-pl","19":"tag-poland","20":"tag-polish","21":"tag-polska","22":"tag-polski","23":"tag-screening_general","24":"tag-strajk","25":"tag-update_me","26":"tag-v2021","27":"tag-zwiazek_zawodowy"},"share_on_mastodon":{"url":"https:\/\/pubeurope.com\/@pl\/115725537676021101","error":""},"_links":{"self":[{"href":"https:\/\/www.europesays.com\/pl\/wp-json\/wp\/v2\/posts\/152812","targetHints":{"allow":["GET"]}}],"collection":[{"href":"https:\/\/www.europesays.com\/pl\/wp-json\/wp\/v2\/posts"}],"about":[{"href":"https:\/\/www.europesays.com\/pl\/wp-json\/wp\/v2\/types\/post"}],"author":[{"embeddable":true,"href":"https:\/\/www.europesays.com\/pl\/wp-json\/wp\/v2\/users\/2"}],"replies":[{"embeddable":true,"href":"https:\/\/www.europesays.com\/pl\/wp-json\/wp\/v2\/comments?post=152812"}],"version-history":[{"count":0,"href":"https:\/\/www.europesays.com\/pl\/wp-json\/wp\/v2\/posts\/152812\/revisions"}],"wp:featuredmedia":[{"embeddable":true,"href":"https:\/\/www.europesays.com\/pl\/wp-json\/wp\/v2\/media\/152813"}],"wp:attachment":[{"href":"https:\/\/www.europesays.com\/pl\/wp-json\/wp\/v2\/media?parent=152812"}],"wp:term":[{"taxonomy":"category","embeddable":true,"href":"https:\/\/www.europesays.com\/pl\/wp-json\/wp\/v2\/categories?post=152812"},{"taxonomy":"post_tag","embeddable":true,"href":"https:\/\/www.europesays.com\/pl\/wp-json\/wp\/v2\/tags?post=152812"}],"curies":[{"name":"wp","href":"https:\/\/api.w.org\/{rel}","templated":true}]}}