{"id":152826,"date":"2025-12-15T20:54:08","date_gmt":"2025-12-15T20:54:08","guid":{"rendered":"https:\/\/www.europesays.com\/pl\/152826\/"},"modified":"2025-12-15T20:54:08","modified_gmt":"2025-12-15T20:54:08","slug":"oficjalnie-to-ta-stacja-pokaze-mecze-barcelony-wyjasnilo-sie-przeglad-sportowy-onet","status":"publish","type":"post","link":"https:\/\/www.europesays.com\/pl\/152826\/","title":{"rendered":"Oficjalnie: to ta stacja poka\u017ce mecze Barcelony! Wyja\u015bni\u0142o si\u0119 &#8211; Przegl\u0105d Sportowy Onet"},"content":{"rendered":"<ol>\n<li><a href=\"https:\/\/news.google.com\/rss\/articles\/CBMivAFBVV95cUxNTXpLTFJKMC12MHZMUXN3VFMxTXpwdE1YdVhjWjVjR3BkTm5vSDVXNFJ3eGJzeTRZTmVpbThXYk1XWlY1WmxFVHdOc1o1NkJiRlg3VFJ5cldveElOTlJFWVp3YnNLeXFVcnhLY3FVOV9DOFVsVE93eEplR19HMG5DMEhob0tYQjFOOW9NaUlKelBQY3J6VE56Tjc3eUh6NTQzYTFEaHZMUDJRMWVsQzJKN0JRWHVDN25RdU1GOQ?oc=5\" target=\"_blank\" rel=\"nofollow noopener\">Oficjalnie: to ta stacja poka\u017ce mecze Barcelony! Wyja\u015bni\u0142o si\u0119<\/a>&nbsp;&nbsp;Przegl\u0105d Sportowy Onet<\/li>\n<li><a href=\"https:\/\/news.google.com\/rss\/articles\/CBMirwFBVV95cUxPMzhNbHkzLXpaZ3pKWkVTSlRaMlVGQThKdlY0RGZYQ2ZST01ZbkJ3N21XUU1EVmVuakxfXzluMVp5S0w0VmphQU01RjFLbEFfdEJyeEQwYXBEcGxUV3VRS1E3Y3FfejdIVG5IUTRlaDczLTNpdGRleldka0hNLUdqR0xZc2RIZzllS19NaHd3QnZFakJscTVzQVpjRWZxNzNvQlFpeHkzb2Y2Wm1PV2JN?oc=5\" target=\"_blank\" rel=\"nofollow noopener\">Tylko w WP. Wszystko ju\u017c jasne. Ta stacja b\u0119dzie pokazywa\u0107 Puchar Hiszpanii<\/a>&nbsp;&nbsp;SportoweFakty<\/li>\n<li><a href=\"https:\/\/news.google.com\/rss\/articles\/CBMiswFBVV95cUxPMC1uNlBweXRHU3F5cmV5bXhRQ2N6UU5lVHhwdHN4MHhCRFhVY050c2hOT3lNSV9QRjBtUEkzSVFPdTktMmViSEtTVEpBM2g1SlpSdm5GNFMyeVJUUEJjeE9qb0tlOVl3dHU2UDM5WGpJMldBYjJxNGRlLWVab1JZRGJLSTFsckpZWVhRd3lYdlpCSUV5SU9kMDBNTlFUZUVwVVo3U3dRRVdGVzNxWGR1Rmpwdw?oc=5\" target=\"_blank\" rel=\"nofollow noopener\">Kolejne rozgrywki w Eleven Sports. Polscy kibice b\u0119d\u0105 wniebowzi\u0119ci<\/a>&nbsp;&nbsp;Meczyki.pl<\/li>\n<li><a href=\"https:\/\/news.google.com\/rss\/articles\/CBMivwFBVV95cUxPaXNibVExaXhPT24tS3NQYldhSWtJRTl5czJlWVZsVHpUakhMVkxOMmU5ejFDeHQ0ckthV29KWGhUTzVmWFpYQ3lLRmVWeWlpNmRtZHNBd1FwM180ZE5uVlJEN0I1eG4zTEc3S3IydS1tR2hMTGpocjVIa3dzVzVYSkptV2QtVWNjWU5FWmpqNmVHRDlvUFpiQjdWdTRFLVhIS0h3c0dXSDdRQVRrdzNJVkJ2VUVSUVhpNkg4LVpBWQ?oc=5\" target=\"_blank\" rel=\"nofollow noopener\">CD Guadalajara &#8211; FC Barcelona w 1\/16 Pucharu Kr\u00f3la. Relacja na \u017cywo<\/a>&nbsp;&nbsp;Sport w INTERIA.PL<\/li>\n<li><a href=\"https:\/\/news.google.com\/rss\/articles\/CBMirAFBVV95cUxQQWl1OFdVRWdEYnhXLWFMZ20ydURTb2RGYXpqdjctT1E5UmZ3M0tURlRjWE83amVfemFIbk9SWHlZMlJRZ1ExakJ4ZEhPWHpEbnBaNFlPd1lDdFFwaDNyNE5WUDlxd0xyZDVVci15Z0dnVFZnQ1M5a1F0X1U2dkRjeVZJaThZekhDREdLeVJ5bWdWQ0ljbk1YQ0dtWktTeF9leGNWZ1AxQl8tTmFH?oc=5\" target=\"_blank\" rel=\"nofollow noopener\">Oficjalnie! Wiadomo, kt\u00f3ra stacja poka\u017ce mecze Lewandowskiego i Szcz\u0119snego<\/a>&nbsp;&nbsp;Sport.pl<\/li>\n<\/ol>\n","protected":false},"excerpt":{"rendered":"Oficjalnie: to ta stacja poka\u017ce mecze Barcelony! Wyja\u015bni\u0142o si\u0119&nbsp;&nbsp;Przegl\u0105d Sportowy Onet Tylko w WP. Wszystko ju\u017c jasne. Ta&hellip;\n","protected":false},"author":2,"featured_media":152827,"comment_status":"","ping_status":"","sticky":false,"template":"","format":"standard","meta":{"footnotes":""},"categories":[5],"tags":[32,33,30671,303,36,37,27,67,2960,2051,34,35,28,31,25,549,42,38,40,39,41,136,128,30517,2961,47,135,29,30,26],"class_list":{"0":"post-152826","1":"post","2":"type-post","3":"status-publish","4":"format-standard","5":"has-post-thumbnail","7":"category-naglowki","8":"tag-breaking-news","9":"tag-breakingnews","10":"tag-eleven_sports","11":"tag-fc_barcelona","12":"tag-featured-news","13":"tag-featurednews","14":"tag-headlines","15":"tag-intextvideo_splayer","16":"tag-la_liga","17":"tag-laliga","18":"tag-latest-news","19":"tag-latestnews","20":"tag-naglowki","21":"tag-najwazniejsze-artykuly","22":"tag-news","23":"tag-pber","24":"tag-pl","25":"tag-poland","26":"tag-polish","27":"tag-polska","28":"tag-polski","29":"tag-ps_detal_new","30":"tag-psv2","31":"tag-puchar_krola","32":"tag-real_madryt","33":"tag-screening_general","34":"tag-sport_sport","35":"tag-top-stories","36":"tag-topstories","37":"tag-wiadomosci"},"share_on_mastodon":{"url":"https:\/\/pubeurope.com\/@pl\/115725576788500216","error":""},"_links":{"self":[{"href":"https:\/\/www.europesays.com\/pl\/wp-json\/wp\/v2\/posts\/152826","targetHints":{"allow":["GET"]}}],"collection":[{"href":"https:\/\/www.europesays.com\/pl\/wp-json\/wp\/v2\/posts"}],"about":[{"href":"https:\/\/www.europesays.com\/pl\/wp-json\/wp\/v2\/types\/post"}],"author":[{"embeddable":true,"href":"https:\/\/www.europesays.com\/pl\/wp-json\/wp\/v2\/users\/2"}],"replies":[{"embeddable":true,"href":"https:\/\/www.europesays.com\/pl\/wp-json\/wp\/v2\/comments?post=152826"}],"version-history":[{"count":0,"href":"https:\/\/www.europesays.com\/pl\/wp-json\/wp\/v2\/posts\/152826\/revisions"}],"wp:featuredmedia":[{"embeddable":true,"href":"https:\/\/www.europesays.com\/pl\/wp-json\/wp\/v2\/media\/152827"}],"wp:attachment":[{"href":"https:\/\/www.europesays.com\/pl\/wp-json\/wp\/v2\/media?parent=152826"}],"wp:term":[{"taxonomy":"category","embeddable":true,"href":"https:\/\/www.europesays.com\/pl\/wp-json\/wp\/v2\/categories?post=152826"},{"taxonomy":"post_tag","embeddable":true,"href":"https:\/\/www.europesays.com\/pl\/wp-json\/wp\/v2\/tags?post=152826"}],"curies":[{"name":"wp","href":"https:\/\/api.w.org\/{rel}","templated":true}]}}