{"id":152830,"date":"2025-12-15T20:59:09","date_gmt":"2025-12-15T20:59:09","guid":{"rendered":"https:\/\/www.europesays.com\/pl\/152830\/"},"modified":"2025-12-15T20:59:09","modified_gmt":"2025-12-15T20:59:09","slug":"rozmowy-w-berlinie-o-ukrainie-mamy-piec-celow-dotyczacych-negocjacji","status":"publish","type":"post","link":"https:\/\/www.europesays.com\/pl\/152830\/","title":{"rendered":"Rozmowy w Berlinie o Ukrainie. &#8222;Mamy pi\u0119\u0107 cel\u00f3w dotycz\u0105cych negocjacji&#8221;"},"content":{"rendered":"<p class=\"ods-c-paragraph \">Od niedzieli w Berlinie trwaj\u0105 rozmowy Ukrainy, europejskich lider\u00f3w oraz delegacji z USA. Na konferencji z Wo\u0142odymyrem Ze\u0142enskim Friedrich Merz wymieni\u0142 pi\u0119\u0107 cel\u00f3w, kt\u00f3re s\u0105 istotne w kontek\u015bcie negocjacji na temat pokoju w Ukrainie.<\/p>\n<p>Dalszy ci\u0105g artyku\u0142u pod materia\u0142em wideo<\/p>\n<p> Jakie s\u0105 pi\u0119\u0107 cel\u00f3w negocjacji dotycz\u0105cych Ukrainy? <\/p>\n<p> Kto bra\u0142 udzia\u0142 w spotkaniu w Berlinie? <\/p>\n<p> Co kanclerz Niemiec powiedzia\u0142 o post\u0119pach w negocjacjach? <\/p>\n<p> Jakie s\u0105 warunki zawieszenia broni wed\u0142ug Friedricha Merza? <\/p>\n<p>  Rozmowy o Ukrainie. &#8222;Uda\u0142o si\u0119 poczyni\u0107 post\u0119py&#8221;<\/p>\n<p class=\"ods-c-paragraph \">\u2014 Chcemy osi\u0105gn\u0105\u0107 zawieszenie broni, kt\u00f3re b\u0119dzie szanowa\u0107 suwerenno\u015b\u0107 Ukrainy, musi by\u0107 zwi\u0105zane z gwarancjami USA i Europy, wypracowane przez Europ\u0119, USA i Ukrain\u0119, nie mo\u017ce wp\u0142ywa\u0107 na jedno\u015b\u0107 w NATO oraz musi zawiera\u0107 europejsk\u0105 perspektyw\u0119 i uwzgl\u0119dnia\u0107 odbudow\u0119 Ukrainy \u2014 powiedzia\u0142 na konferencji.<\/p>\n<p class=\"ods-c-paragraph \">\u2014 Dzisiaj uda\u0142o nam si\u0119 poczyni\u0107 znacz\u0105ce post\u0119py w negocjacjach. Mam nadziej\u0119, \u017ce uda nam si\u0119 osi\u0105gn\u0105\u0107 kolejne post\u0119py jeszcze dzi\u015b wieczorem i podj\u0105\u0107 pewne decyzje. Jednocze\u015bnie chcemy zach\u0119ci\u0107 Rosj\u0119, by przesta\u0142\u0105 gra\u0107 na zw\u0142ok\u0119, dlatego b\u0119dziemy wywiera\u0107 jeszcze wi\u0119kszy nacisk na Rosj\u0119. Przede wszystkim robimy post\u0119py w zakresie zamro\u017conych rosyjskich aktyw\u00f3w. (&#8230;) Nie pope\u0142nimy b\u0142\u0119d\u00f3w z Mi\u0144ska \u2014 doda\u0142 kanclerz Niemiec. Merz na koniec wypowiedzi zaapelowa\u0142 do Rosjan o zawieszenie broni na \u015bwi\u0119ta.<\/p>\n<p class=\"ods-c-paragraph \">Nast\u0119pnie g\u0142os zabra\u0142 Wo\u0142odymyr Ze\u0142enski.<\/p>\n<p class=\"ods-c-paragraph \">\u2014 Dzi\u0119kuj\u0119 Niemcom za mo\u017cliwo\u015b\u0107 wsp\u00f3\u0142pracy na rzecz pokoju. To naprawd\u0119 wa\u017cne dni, w kt\u00f3rych udaje nam si\u0119 uczyni\u0107 post\u0119py na rzecz pokoju. Ukrai\u0144cy s\u0105 zmuszeni do walki z broni\u0105 w r\u0119ku, aby interesy Ukrainy by\u0142y poszanowane. Cieszymy si\u0119, \u017ce partnerzy nam pomagaj\u0105 i d\u0105\u017c\u0105 do tego, by dosz\u0142o do pokoju \u2014 przekaza\u0142 prezydent Ukrainy.<\/p>\n<p class=\"ods-c-paragraph \">\u2014 Nie wszystkie kwestie s\u0105 \u0142atwe, jednak wa\u017cne jest, \u017ceby\u015bmy wszyscy dzia\u0142ali, by zosta\u0142y one rozwi\u0105zane. Dialog\u00f3w na temat terytori\u00f3w by\u0142o wiele i my\u015bl\u0119, \u017ce p\u00f3ki co nasze zdania s\u0105 r\u00f3\u017cne. Ciesz\u0119 si\u0119, \u017ce mog\u0142em przekaza\u0107 moje stanowisko. Wszyscy s\u0105 gotowi, \u017ceby dzia\u0142a\u0107 wsp\u00f3lnie i przybli\u017ca\u0107 Ukrain\u0119 do zako\u0144czenia wojny. Dzi\u015b jeszcze kontynuujemy spotkania \u2014 doda\u0142.<\/p>\n<p>Seria spotka\u0144 w Berlinie <\/p>\n<p class=\"ods-c-paragraph \">W poniedzia\u0142ek w Berlinie zako\u0144czy\u0142a si\u0119 druga runda spotka\u0144 prezydenta Ukrainy i ukrai\u0144skiej delegacji z wys\u0142annikami prezydenta USA, Steve&#8217;em Witkoffem i Jaredem Kushnerem. Ze\u0142enski przyby\u0142 do Berlina w niedziel\u0119. Tego samego dnia odby\u0142a si\u0119 pierwsza tura rozm\u00f3w z wys\u0142annikami prezydenta USA. Negocjacje dotyczy\u0142y m.in. mo\u017cliwego zawieszenia broni mi\u0119dzy Ukrain\u0105 a Rosj\u0105. Ze\u0142enski po zako\u0144czeniu rozm\u00f3w przekaza\u0142, \u017ce &#8222;by\u0142y trudne, ale konstruktywne&#8221;.<\/p>\n<p class=\"ods-c-paragraph \">Wieczorem do Ze\u0142enskiego oraz kanclerza Friedricha Merza do\u0142\u0105czy\u0107 maj\u0105, m.in. premier Donald Tusk, prezydent Francji Emmanuel Macron, Starmer, szefowa rz\u0105du W\u0142och Giorgia Meloni oraz prezydent Finlandii Alexander Stubb. Uni\u0119 Europejsk\u0105 reprezentowa\u0107 b\u0119dzie m.in. przewodnicz\u0105ca Komisji Europejskiej Ursula von der Leyen, a NATO \u2014 sekretarz generalny Sojuszu Mark Rutte.<\/p>\n","protected":false},"excerpt":{"rendered":"Od niedzieli w Berlinie trwaj\u0105 rozmowy Ukrainy, europejskich lider\u00f3w oraz delegacji z USA. Na konferencji z Wo\u0142odymyrem Ze\u0142enskim&hellip;\n","protected":false},"author":2,"featured_media":23878,"comment_status":"","ping_status":"","sticky":false,"template":"","format":"standard","meta":{"footnotes":""},"categories":[14],"tags":[32,33,345,27,34,35,28,31,48,25,295,46,40,41,87,47,80,29,30,415,26,309,82,83,84],"class_list":{"0":"post-152830","1":"post","2":"type-post","3":"status-publish","4":"format-standard","5":"has-post-thumbnail","7":"category-swiat","8":"tag-breaking-news","9":"tag-breakingnews","10":"tag-friedrich_merz","11":"tag-headlines","12":"tag-latest-news","13":"tag-latestnews","14":"tag-naglowki","15":"tag-najwazniejsze-artykuly","16":"tag-nat_styl","17":"tag-news","18":"tag-niemcy","19":"tag-omp","20":"tag-polish","21":"tag-polski","22":"tag-rosja","23":"tag-screening_general","24":"tag-swiat","25":"tag-top-stories","26":"tag-topstories","27":"tag-ukraina","28":"tag-wiadomosci","29":"tag-wolodymyr_zelenski","30":"tag-world","31":"tag-world-news","32":"tag-worldnews"},"share_on_mastodon":{"url":"https:\/\/pubeurope.com\/@pl\/115725596493672540","error":""},"_links":{"self":[{"href":"https:\/\/www.europesays.com\/pl\/wp-json\/wp\/v2\/posts\/152830","targetHints":{"allow":["GET"]}}],"collection":[{"href":"https:\/\/www.europesays.com\/pl\/wp-json\/wp\/v2\/posts"}],"about":[{"href":"https:\/\/www.europesays.com\/pl\/wp-json\/wp\/v2\/types\/post"}],"author":[{"embeddable":true,"href":"https:\/\/www.europesays.com\/pl\/wp-json\/wp\/v2\/users\/2"}],"replies":[{"embeddable":true,"href":"https:\/\/www.europesays.com\/pl\/wp-json\/wp\/v2\/comments?post=152830"}],"version-history":[{"count":0,"href":"https:\/\/www.europesays.com\/pl\/wp-json\/wp\/v2\/posts\/152830\/revisions"}],"wp:featuredmedia":[{"embeddable":true,"href":"https:\/\/www.europesays.com\/pl\/wp-json\/wp\/v2\/media\/23878"}],"wp:attachment":[{"href":"https:\/\/www.europesays.com\/pl\/wp-json\/wp\/v2\/media?parent=152830"}],"wp:term":[{"taxonomy":"category","embeddable":true,"href":"https:\/\/www.europesays.com\/pl\/wp-json\/wp\/v2\/categories?post=152830"},{"taxonomy":"post_tag","embeddable":true,"href":"https:\/\/www.europesays.com\/pl\/wp-json\/wp\/v2\/tags?post=152830"}],"curies":[{"name":"wp","href":"https:\/\/api.w.org\/{rel}","templated":true}]}}