{"id":152831,"date":"2025-12-15T21:00:11","date_gmt":"2025-12-15T21:00:11","guid":{"rendered":"https:\/\/www.europesays.com\/pl\/152831\/"},"modified":"2025-12-15T21:00:11","modified_gmt":"2025-12-15T21:00:11","slug":"mateusz-morawiecki-zalozy-wlasna-partie-prof-marek-migalski-o-scenariuszach","status":"publish","type":"post","link":"https:\/\/www.europesays.com\/pl\/152831\/","title":{"rendered":"Mateusz Morawiecki za\u0142o\u017cy w\u0142asn\u0105 parti\u0119? Prof. Marek Migalski o scenariuszach"},"content":{"rendered":"<p>W programie &#8222;Najwa\u017cniejsze pytania&#8221; Karolina Olejak i Przemys\u0142aw Szubartowicz go\u015bcili prof. Marka Migalskiego, politologa z Uniwersytetu \u015al\u0105skiego. W centrum dyskusji znalaz\u0142y si\u0119 m.in. frakcyjne walki w Prawie i Sprawiedliwo\u015bci i potencjalna polityczna przysz\u0142o\u015b\u0107 Mateusza Morawieckiego.<\/p>\n<p>\u00a0<\/p>\n<p>By\u0142y premier za rz\u0105d\u00f3w PiS, kt\u00f3ry ma by\u0107 elementem wewn\u0119trznej rozgrywki w partii, mo\u017ce szykowa\u0107 si\u0119 do wyj\u015bcia z obozu. Prof. Migalski wskaza\u0142, \u017ce do stworzenia w\u0142asnego ugrupowania potrzeba wi\u0119cej ni\u017c samej determinacji. &#8211; B\u0142ogos\u0142awie\u0144stwa Amerykan\u00f3w. Znaczy, je\u015bli Amerykanie uznaj\u0105, \u017ce tego typu partia zapobieg\u0142aby rz\u0105dowi Zjednoczonej Prawicy z Braunem, to s\u0105 w stanie da\u0107 zielone \u015bwiat\u0142o i tego typu partia mo\u017ce przekroczy\u0107 5-10 proc. poparcia spo\u0142ecznego. Do tego oczywi\u015bcie trzeba jeszcze troch\u0119 odwagi i si\u0142y. To musi by\u0107 te\u017c troch\u0119 biznesu, bo kto\u015b to b\u0119dzie musia\u0142 sfinansowa\u0107 &#8211; stwierdzi\u0142.<\/p>\n<p>\u00a0<\/p>\n<p>ZOBACZ: <a href=\"https:\/\/www.polsatnews.pl\/wiadomosc\/2025-12-01\/mateusz-morawiecki-o-konflikcie-w-pis-mamy-poukladane-kto-sie-czym-zajmuje\/\" target=\"_blank\" rel=\"noopener noreferrer nofollow\">Mateusz Morawiecki o konflikcie w PiS. &#8222;Mamy pouk\u0142adane, kto si\u0119 czym zajmuje&#8221;<\/a><\/p>\n<p>\u00a0<\/p>\n<p>Migalski podkre\u015bli\u0142 jednak, \u017ce stworzenie nowej partii przed wyborami by\u0142oby trudne. &#8211; Taki ruch zosta\u0142by zdefiniowany przez Jaros\u0142awa Kaczy\u0144skiego jako zdrada. Ta partia by\u0142aby zdefiniowana jako zdrajca prawicy. Jaros\u0142aw Kaczy\u0144ski ma ogromn\u0105 zdolno\u015b\u0107 do narzucania narracji i on m\u00f3g\u0142by powiedzie\u0107, \u017ce to s\u0105 zdrajcy. (&#8230;) Du\u017ca cz\u0119\u015b\u0107 wyborc\u00f3w w tych osobach upatrywa\u0142a tych, kt\u00f3rzy spowodowali upadek prawicy &#8211; m\u00f3wi\u0142 politolog.<\/p>\n<p>Koalicja Morawieckiego z Tuskiem? Politolog nie wyklucza scenariusza<\/p>\n<p>Prof. Migalski wzi\u0105\u0142 nawet pod uwag\u0119 scenariusz koalicji mi\u0119dzy by\u0142ym premierem a Donaldem Tuskiem. &#8211; Jak sobie wyobrazi\u0107 na przyk\u0142ad koalicj\u0119 Tuska, Trzaskowskiego i Morawieckiego? To jest pytanie. (&#8230;) W gruncie rzeczy ten wyb\u00f3r bycia przy Jaros\u0142awie Kaczy\u0144skim, to by\u0142 chyba wyb\u00f3r, no nie wiem, czy cyniczny, ale na pewno pragmatyczny. (&#8230;) On ma ju\u017c dzisiaj wi\u0119ksze ambicje. On ma uzasadnione powody do tego, \u017ceby gra\u0107 o najwy\u017csz\u0105 stawk\u0119, by\u0107 mo\u017ce prezydentura za 4,5 roku, za 9 lat &#8211; odpar\u0142.<\/p>\n<p>\u00a0<\/p>\n<p>&#8211; W jednym z karko\u0142omnych scenariuszy, Koalicja Obywatelska (z 35-38 proc. poparcia) mog\u0142aby do rz\u0105dzenia potrzebowa\u0107 jedynie partii Morawieckiego oraz poparcia Konfederacji Mentzena i Bosaka, omijaj\u0105c w ten spos\u00f3b Lewic\u0119. W opozycji zostaliby wtedy: PiS, Braun i Lewica &#8211; stwierdzi\u0142 Migalski.<\/p>\n<p>\u00a0<\/p>\n<p>ZOBACZ: <a href=\"https:\/\/www.polsatnews.pl\/wiadomosc\/2025-12-12\/gadaja-nie-robia-kaczynski-podsumowuje-dwulecie-rzadu\/\" target=\"_blank\" rel=\"noopener noreferrer nofollow\">&#8222;Gadaj\u0105, nie robi\u0105&#8221;. Kaczy\u0144ski podsumowuje dwulecie rz\u0105du<\/a><\/p>\n<p>\u00a0<\/p>\n<p>Politolog postawi\u0142 \u015bmia\u0142\u0105 tez\u0119 o zmianie &#8222;geometrii sporu politycznego&#8221;. Starcie KO-PiS przechodzi &#8211; jego zdaniem &#8211; w sp\u00f3r personalny, w kt\u00f3rym Jaros\u0142aw Kaczy\u0144ski traci na znaczeniu. &#8211; Uwa\u017cam, \u017ce zmieni\u0142a si\u0119 w og\u00f3le geometria sporu politycznego: sporu Koalicja Obywatelska-PiS na sp\u00f3r personalny: Tusk-Nawrocki. W og\u00f3le zmieni\u0142o to wszystko. To t\u0142umaczy, dlaczego ro\u015bnie Tuskowi czy Koalicji Obywatelskiej i Nawrockiemu, a spada PiS-owi &#8211; stwierdzi\u0142.<\/p>\n<p>\u00a0<\/p>\n<p>WIDEO: Prof. Marek Migalski w programie &#8222;Najwa\u017cniejsze pytania&#8221;<\/p>\n<p>\u00a0<\/p>\n<p><img decoding=\"async\" src=\"https:\/\/www.europesays.com\/pl\/wp-content\/uploads\/2025\/12\/pmpjf93zs6i2ox5xaz6fo937k3rcoy14.jpg\" alt=\"\" itemprop=\"contentUrl\" style=\"position:absolute; width: 100%; max-height: 100%;\"\/><video controls=\"\" controlslist=\"nodownload\" poster=\"https:\/\/www.europesays.com\/pl\/wp-content\/uploads\/2025\/12\/pmpjf93zs6i2ox5xaz6fo937k3rcoy14.jpg\" class=\"videoPlayer player6855749 news__video\" data-id=\"6855749\">Twoja przegl\u0105darka nie wspiera odtwarzacza wideo&#8230;<\/video><\/p>\n<p>&#8222;Kaczy\u0144ski przesta\u0142 si\u0119 liczy\u0107&#8221;. Prof. Migalski o nowej walce na scenie politycznej<\/p>\n<p>Wed\u0142ug Migalskiego &#8222;Jaros\u0142aw Kaczy\u0144ski przesta\u0142 si\u0119 liczy\u0107&#8221;. &#8211; On musi wychodzi\u0107 na konferencje prasowe, musi pisa\u0107 jakie\u015b wpisy na X, \u017ceby\u015bcie w og\u00f3le si\u0119 tym zainteresowali. On zacz\u0105\u0142 by\u0107 postrzegany jako niepotrzebny element tego sporu personalnego na linii Tusk-Nawrocki. Wed\u0142ug politologa, obaj nowi liderzy \u015bwietnie rozumiej\u0105, \u017ce w konflikcie personalnym &#8222;na no\u017ce&#8221; i &#8222;na inwektywy&#8221; zgin\u0105 wszyscy inni &#8211; Szymon Ho\u0142ownia, Lewica i Prawo i Sprawiedliwo\u015b\u0107.<\/p>\n<p>\u00a0<\/p>\n<p>ZOBACZ: <a href=\"https:\/\/www.polsatnews.pl\/wiadomosc\/2025-12-01\/kaczynski-uderza-w-tuska-ws-zadoscuczynienia-od-niemiec-az-nie-chce-sie-wierzyc\/\" target=\"_blank\" rel=\"noopener noreferrer nofollow\">Kaczy\u0144ski uderza w Tuska ws. zado\u015b\u0107uczynienia od Niemiec. &#8222;A\u017c nie chce si\u0119 wierzy\u0107&#8221;<\/a><\/p>\n<p>\u00a0<\/p>\n<p>Prof. Migalski przytoczy\u0142 r\u00f3wnie\u017c odwr\u00f3cenie r\u00f3l wzgl\u0119dem ostatnich wybor\u00f3w parlamentarnych. &#8211; Tusk dzisiaj jest w sytuacji Jaros\u0142awa Kaczy\u0144skiego z 2023 roku i Jaros\u0142aw Kaczy\u0144ski jest w sytuacji Donalda Tuska z 2023 roku. M\u00f3wi\u0105c kr\u00f3tko, Jaros\u0142aw Kaczy\u0144ski wygra\u0142 wybory w 2023 roku, nie mia\u0142 z kim rz\u0105dzi\u0107. Donald Tusk przegra\u0142 wybory w 2023 roku, ale mia\u0142 potencjalnych koalicjant\u00f3w, kt\u00f3rymi stworzy\u0142 rz\u0105d. Dzisiaj to jest dok\u0142adnie odwrotnie &#8211; powiedzia\u0142.<\/p>\n<p>\u00a0<\/p>\n<p>Prezydent Karol Nawrocki, zdaniem politologa, b\u0119dzie lojalnym cz\u0142onkiem szeroko rozumianej prawicy do 2027 roku. &#8211; Je\u015bli w tych wyborach PiS albo wygra, albo przynajmniej na tyle dostanie du\u017co, \u017ce b\u0119dzie w stanie stworzy\u0107 rz\u0105d wi\u0119kszo\u015bciowy, to Karol Nawrocki pozostanie lojalnym cz\u0142onkiem tego obozu po to, \u017ceby by\u0107 wystawionym jako reprezentant tego obozu w 2030 roku w wyborach prezydenckich. Je\u015bli jednak obecny uk\u0142ad w\u0142adzy utrzyma si\u0119 po kolejnych wyborach, scenariusz dla Nawrockiego zmieni si\u0119 na bardziej samodzieln\u0105 drog\u0119 &#8211; stwierdzi\u0142 politolog.<\/p>\n<p>\u00a0<\/p>\n<p>Widzia\u0142e\u015b co\u015b wa\u017cnego? Przy\u015blij zdj\u0119cie, film lub napisz, co si\u0119 sta\u0142o. Skorzystaj z naszej <a href=\"https:\/\/www.polsatnews.pl\/platforma-widzow\/\" target=\"_blank\" rel=\"noopener noreferrer nofollow\">Wrzutni<\/a><\/p>\n<p>                <img decoding=\"async\" src=\"https:\/\/www.europesays.com\/pl\/wp-content\/uploads\/2025\/12\/rco6pfj2dhtzrd16p6ndodmi5ayefdnu.jpg\" alt=\"\" itemprop=\"contentUrl\" style=\"position:absolute; width: 100%; max-height: 100%;\"\/><video controls=\"\" controlslist=\"nodownload\" poster=\"https:\/\/www.europesays.com\/pl\/wp-content\/uploads\/2025\/12\/rco6pfj2dhtzrd16p6ndodmi5ayefdnu.jpg\" class=\"videoPlayer player6855682 news__video\" data-id=\"6855682\">Twoja przegl\u0105darka nie wspiera odtwarzacza wideo&#8230;<\/video><\/p>\n<p>                <a class=\"news__read-more-button\" href=\"https:\/\/www.polsatnews.pl\/\" rel=\"nofollow noopener\" target=\"_blank\">Czytaj wi\u0119cej<\/a><\/p>\n","protected":false},"excerpt":{"rendered":"W programie &#8222;Najwa\u017cniejsze pytania&#8221; Karolina Olejak i Przemys\u0142aw Szubartowicz go\u015bcili prof. Marka Migalskiego, politologa z Uniwersytetu \u015al\u0105skiego. W&hellip;\n","protected":false},"author":2,"featured_media":152832,"comment_status":"","ping_status":"","sticky":false,"template":"","format":"standard","meta":{"footnotes":""},"categories":[12],"tags":[32,33,36,37,27,34,35,28,31,25,42,38,40,39,41,29,30,26],"class_list":{"0":"post-152831","1":"post","2":"type-post","3":"status-publish","4":"format-standard","5":"has-post-thumbnail","7":"category-polska","8":"tag-breaking-news","9":"tag-breakingnews","10":"tag-featured-news","11":"tag-featurednews","12":"tag-headlines","13":"tag-latest-news","14":"tag-latestnews","15":"tag-naglowki","16":"tag-najwazniejsze-artykuly","17":"tag-news","18":"tag-pl","19":"tag-poland","20":"tag-polish","21":"tag-polska","22":"tag-polski","23":"tag-top-stories","24":"tag-topstories","25":"tag-wiadomosci"},"share_on_mastodon":{"url":"https:\/\/pubeurope.com\/@pl\/115725600529232252","error":""},"_links":{"self":[{"href":"https:\/\/www.europesays.com\/pl\/wp-json\/wp\/v2\/posts\/152831","targetHints":{"allow":["GET"]}}],"collection":[{"href":"https:\/\/www.europesays.com\/pl\/wp-json\/wp\/v2\/posts"}],"about":[{"href":"https:\/\/www.europesays.com\/pl\/wp-json\/wp\/v2\/types\/post"}],"author":[{"embeddable":true,"href":"https:\/\/www.europesays.com\/pl\/wp-json\/wp\/v2\/users\/2"}],"replies":[{"embeddable":true,"href":"https:\/\/www.europesays.com\/pl\/wp-json\/wp\/v2\/comments?post=152831"}],"version-history":[{"count":0,"href":"https:\/\/www.europesays.com\/pl\/wp-json\/wp\/v2\/posts\/152831\/revisions"}],"wp:featuredmedia":[{"embeddable":true,"href":"https:\/\/www.europesays.com\/pl\/wp-json\/wp\/v2\/media\/152832"}],"wp:attachment":[{"href":"https:\/\/www.europesays.com\/pl\/wp-json\/wp\/v2\/media?parent=152831"}],"wp:term":[{"taxonomy":"category","embeddable":true,"href":"https:\/\/www.europesays.com\/pl\/wp-json\/wp\/v2\/categories?post=152831"},{"taxonomy":"post_tag","embeddable":true,"href":"https:\/\/www.europesays.com\/pl\/wp-json\/wp\/v2\/tags?post=152831"}],"curies":[{"name":"wp","href":"https:\/\/api.w.org\/{rel}","templated":true}]}}