{"id":152838,"date":"2025-12-15T21:06:12","date_gmt":"2025-12-15T21:06:12","guid":{"rendered":"https:\/\/www.europesays.com\/pl\/152838\/"},"modified":"2025-12-15T21:06:12","modified_gmt":"2025-12-15T21:06:12","slug":"umowa-z-krajami-mercosur-kluczowe-glosowanie-zostanie-przelozone","status":"publish","type":"post","link":"https:\/\/www.europesays.com\/pl\/152838\/","title":{"rendered":"Umowa z krajami Mercosur. Kluczowe g\u0142osowanie zostanie prze\u0142o\u017cone?"},"content":{"rendered":"<p>\u200bIstnieje potrzeba prze\u0142o\u017cenia ostatecznego g\u0142osowania w Parlamencie Europejskim w sprawie porozumienia handlowego z krajami Mercosur &#8211; stwierdzili zgodnie premier W\u0142och Giorgia Meloni i prezydent Francji Emmanuel Macron. Tymczasem przewodnicz\u0105ca Komisji Europejskiej Ursula von der Leyen liczy na to, \u017ce przeg\u0142osowan\u0105 przez PE umow\u0119 przedstawi 20 grudnia na szczycie z krajami Mercosur w Brazylii.<\/p>\n<p>                         &#13;<br \/>\n        &#13;<\/p>\n<p>                                        &#13;<br \/>\n                        &#13;<br \/>\n                            <img decoding=\"async\" src=\"https:\/\/www.europesays.com\/pl\/wp-content\/uploads\/2025\/12\/000M2VCIKBVHTP4C-C123-F4.jpg\" title=\"Macron i Meloni zgodni. Plan von der Leyen nie wypali?\" alt=\"Prezydent Francji Emmanuel Macron (L) i premier W\u0142och Giorgia Meloni (P) \/MANDEL NGAN\/AFP \/East News\" class=\"img-responsive\"\/>&#13;<\/p>\n<p>                            &#13;<\/p>\n<p>      &#13;<br \/>\n                            Prezydent Francji Emmanuel Macron (L) i premier W\u0142och Giorgia Meloni (P)&#13;<br \/>\n                                    \/MANDEL NGAN\/AFP \/East News  &#13;\n                                    <\/p>\n<p>&#13;<\/p>\n<p>Francja pr\u00f3buje zbudowa\u0107 mniejszo\u015b\u0107 blokuj\u0105c\u0105 z kraj\u00f3w cz\u0142onkowskich, kt\u00f3re sprzeciwiaj\u0105 si\u0119 porozumieniu wynegocjowanemu przez Komisj\u0119 Europejsk\u0105 &#8211; przekaza\u0142a agencja Reutera, powo\u0142uj\u0105c si\u0119 na \u017ar\u00f3d\u0142a zaznajomione z rozmowami.<\/p>\n<p>Tymczasem KE liczy na to, \u017ce do podpisania porozumienia dojdzie na szczycie kraj\u00f3w Mercosur 20 grudnia w Brazylii. Zanim to jednak nast\u0105pi, w tym tygodniu umowa ma by\u0107 poddana pod g\u0142osowanie w Parlamencie Europejskim. Francja, a tak\u017ce Polska, s\u0105 najbardziej krytyczne wobec umowy, ale by zablokowa\u0107 porozumienie, potrzebne s\u0105 cztery kraje (tzw. mniejszo\u015b\u0107 blokuj\u0105ca).<\/p>\n<p>Jak si\u0119 okaza\u0142o, W\u0142ochy i Francja mia\u0142y by\u0107 zgodne, \u017ce istnieje potrzeba, aby prze\u0142o\u017cy\u0107 kluczowe g\u0142osowanie w PE &#8211; stwierdzi\u0142a agencja Reutera. W\u0142oska premier Giorgia Meloni i francuski prezydent Emmanuel Macron mieli by\u0107 zgodni w tym zakresie.<\/p>\n<p>  Umowa z blokiem kraj\u00f3w Mercosur (Argentyna, Brazylia, Paragwaj, Boliwia i Urugwaj) ma ustanowi\u0107 preferencje celne dla niekt\u00f3rych produkt\u00f3w rolnych z tych pa\u0144stw, takich jak wo\u0142owina, dr\u00f3b, nabia\u0142, cukier i etanol.\u00a0Francja w minion\u0105 \u015brod\u0119 informowa\u0142a, \u017ce wci\u0105\u017c oczekuje odpowiedzi na trzy swoje \u017c\u0105dania dotycz\u0105ce tego porozumienia. Chodzi o mechanizmy zabezpieczaj\u0105ce, kontrole i dzia\u0142ania symetryczne.<\/p>\n<p>Mechanizmy zabezpieczaj\u0105ce mia\u0142yby sprawi\u0107, \u017ce preferencje dla produkt\u00f3w z kraj\u00f3w Mercosur b\u0119dzie mo\u017cna wycofa\u0107, je\u015bli dojdzie do gwa\u0142townego wzrostu importu lub spadku cen. Pary\u017c domaga si\u0119 r\u00f3wnie\u017c skuteczniejszych kontroli, aby zapewni\u0107, \u017ce produkty z importu spe\u0142niaj\u0105 normy europejskie. Francja chce ponadto krok\u00f3w symetrycznych, kt\u00f3re mia\u0142yby zapewni\u0107, \u017ce pestycydy niedozwolone w UE b\u0119d\u0105 te\u017c zakazane w produktach pochodz\u0105cych z kraj\u00f3w bloku Mercosur.<\/p>\n","protected":false},"excerpt":{"rendered":"\u200bIstnieje potrzeba prze\u0142o\u017cenia ostatecznego g\u0142osowania w Parlamencie Europejskim w sprawie porozumienia handlowego z krajami Mercosur &#8211; stwierdzili zgodnie&hellip;\n","protected":false},"author":2,"featured_media":152839,"comment_status":"","ping_status":"","sticky":false,"template":"","format":"standard","meta":{"footnotes":""},"categories":[14],"tags":[32,33,27,34,35,28,31,25,40,41,80,29,30,26,82,83,84],"class_list":{"0":"post-152838","1":"post","2":"type-post","3":"status-publish","4":"format-standard","5":"has-post-thumbnail","7":"category-swiat","8":"tag-breaking-news","9":"tag-breakingnews","10":"tag-headlines","11":"tag-latest-news","12":"tag-latestnews","13":"tag-naglowki","14":"tag-najwazniejsze-artykuly","15":"tag-news","16":"tag-polish","17":"tag-polski","18":"tag-swiat","19":"tag-top-stories","20":"tag-topstories","21":"tag-wiadomosci","22":"tag-world","23":"tag-world-news","24":"tag-worldnews"},"share_on_mastodon":{"url":"https:\/\/pubeurope.com\/@pl\/115725624432114772","error":""},"_links":{"self":[{"href":"https:\/\/www.europesays.com\/pl\/wp-json\/wp\/v2\/posts\/152838","targetHints":{"allow":["GET"]}}],"collection":[{"href":"https:\/\/www.europesays.com\/pl\/wp-json\/wp\/v2\/posts"}],"about":[{"href":"https:\/\/www.europesays.com\/pl\/wp-json\/wp\/v2\/types\/post"}],"author":[{"embeddable":true,"href":"https:\/\/www.europesays.com\/pl\/wp-json\/wp\/v2\/users\/2"}],"replies":[{"embeddable":true,"href":"https:\/\/www.europesays.com\/pl\/wp-json\/wp\/v2\/comments?post=152838"}],"version-history":[{"count":0,"href":"https:\/\/www.europesays.com\/pl\/wp-json\/wp\/v2\/posts\/152838\/revisions"}],"wp:featuredmedia":[{"embeddable":true,"href":"https:\/\/www.europesays.com\/pl\/wp-json\/wp\/v2\/media\/152839"}],"wp:attachment":[{"href":"https:\/\/www.europesays.com\/pl\/wp-json\/wp\/v2\/media?parent=152838"}],"wp:term":[{"taxonomy":"category","embeddable":true,"href":"https:\/\/www.europesays.com\/pl\/wp-json\/wp\/v2\/categories?post=152838"},{"taxonomy":"post_tag","embeddable":true,"href":"https:\/\/www.europesays.com\/pl\/wp-json\/wp\/v2\/tags?post=152838"}],"curies":[{"name":"wp","href":"https:\/\/api.w.org\/{rel}","templated":true}]}}