{"id":152843,"date":"2025-12-15T21:09:11","date_gmt":"2025-12-15T21:09:11","guid":{"rendered":"https:\/\/www.europesays.com\/pl\/152843\/"},"modified":"2025-12-15T21:09:11","modified_gmt":"2025-12-15T21:09:11","slug":"pilka-nozna-dariusz-mioduski-wycenil-legie-warszawa","status":"publish","type":"post","link":"https:\/\/www.europesays.com\/pl\/152843\/","title":{"rendered":"Pi\u0142ka no\u017cna: Dariusz Mioduski wyceni\u0142 Legi\u0119 Warszawa"},"content":{"rendered":"<p class=\"typography ids-typeset-body ids-typeset-body--preset-large link paragraph ids-paragraph ids-paragraph--default\">Legia Warszawa, a w\u0142a\u015bciwie jej dzia\u0142acze, co roku zapewniaj\u0105, \u017ce celem jest walka o mistrzostwo Polski. Tego w Warszawie nie widzieli ju\u017c naprawd\u0119 d\u0142ugo jak na standardy tego klubu. Ostatnie mistrzostwo PKO BP Ekstraklasy trafi\u0142o w r\u0119ce &#8222;Wojskowych&#8221; w sezonie 2020\/2021.\u00a0<\/p>\n<p class=\"typography ids-typeset-body ids-typeset-body--preset-large link paragraph ids-paragraph ids-paragraph--default\">Min\u0119\u0142o wi\u0119c bardzo du\u017co czasu, a kibice zdaj\u0105 si\u0119 traci\u0107 cierpliwo\u015b\u0107 w szczeg\u00f3lno\u015bci do Dariusza Mioduskiego. Dali temu bardzo wyra\u017any wyraz podczas spotkania Legii z Piastem Gliwice w ostatniej kolejce Ekstraklasy. Na trybunach pojawi\u0142 si\u0119 protest skierowany w\u0142a\u015bnie przeciwko Mioduskiemu.\u00a0<\/p>\n<p>Mioduski w ogniu krytyki. Wyceni\u0142 Legi\u0119<\/p>\n<p class=\"typography ids-typeset-body ids-typeset-body--preset-large link paragraph ids-paragraph ids-paragraph--default\">Ten wielokrotnie podkre\u015bla\u0142, \u017ce nie my\u015bli o sprzeda\u017cy Legii i wydaje si\u0119, \u017ce w ostatnich tygodniach nic w tej kwestii si\u0119 nie zmieni\u0142o. Niemniej w biznesie trzeba by\u0107 gotowym na wszystko i w\u0142a\u015bciciel klubu z Warszawy zdaje si\u0119 mie\u0107 tego \u015bwiadomo\u015b\u0107, bo wedle informacji medialnych okre\u015bli\u0142 on warto\u015b\u0107 potencjalnej sprzeda\u017cy.<\/p>\n<p class=\"typography ids-typeset-body ids-typeset-body--preset-large link paragraph ids-paragraph ids-paragraph--default\">O wszystkim poinformowa\u0142 Roman Ko\u0142to\u0144. &#8211; Marek J\u00f3\u017awiak powiedzia\u0142 mi, \u017ce dzisiaj\u00a0Legia wyceniana jest na 80 mln euro, tyle by chcia\u0142 Mioduski. Wcze\u015bniej podobno chcia\u0142 grubo ponad 100 mln &#8211; przekaza\u0142 w rozmowie w &#8222;Programie Pi\u0142karskim&#8221; na kanale YouTube &#8222;Meczyki.pl&#8221; dziennikarz Polsat Sport.<\/p>\n<p class=\"typography ids-typeset-body ids-typeset-body--preset-large link paragraph ids-paragraph ids-paragraph--default\">80 milion\u00f3w euro po obecnym kursie wymiany walut to kwota oko\u0142o 340 milion\u00f3w z\u0142otych. &#8211; Mioduski nie zrezygnuje, on nie ma ch\u0119ci, by sprzeda\u0107 klub &#8211; doda\u0142 stanowczo Tomasz W\u0142odarczyk, dziennikarz &#8222;Meczyki.pl&#8221;. W 2017 roku Mioduski wykupi\u0142 udzia\u0142y w Legii od Le\u015bnodorskiego i Wandzla za oko\u0142o 50 milion\u00f3w z\u0142otych.<\/p>\n<p>Roman Kosecki i Tomasz Hajto mocno o sytuacji w Legii WarszawaPolsat SportPolsat Sport<\/p>\n<p><img decoding=\"async\" class=\"ids-image-holder__img\" loading=\"lazy\" alt=\"Dariusz Mioduski, prezes Legii Warszawa\" title=\"Dariusz Mioduski, prezes Legii Warszawa\" width=\"2802\" height=\"2185\" src=\"https:\/\/www.europesays.com\/pl\/wp-content\/uploads\/2025\/12\/000JU68Y8SDHC7YC-C323-F4.webp.webp\"\/><\/p>\n<p>Dariusz Mioduski, prezes Legii WarszawaAFP<\/p>\n<p><img decoding=\"async\" class=\"ids-image-holder__img\" loading=\"lazy\" alt=\"Legia Warszawa jest na musiku\" title=\"Legia Warszawa jest na musiku\" width=\"2000\" height=\"1333\" src=\"https:\/\/www.europesays.com\/pl\/wp-content\/uploads\/2025\/12\/000KZH6L99ITLL4U-C323-F4.webp.webp\"\/><\/p>\n<p>Legia Warszawa jest na musikuSebastian FrejEast News<\/p>\n<p><img decoding=\"async\" class=\"ids-image-holder__img\" loading=\"lazy\" alt=\"Dariusz Mioduski\/ Fredi Bobic\/Nico Paetzel\/DeFodi Images via Getty Images\" title=\"Dariusz Mioduski\/ Fredi Bobic\/Nico Paetzel\/DeFodi Images via Getty Images\" width=\"1748\" height=\"1240\" src=\"https:\/\/www.europesays.com\/pl\/wp-content\/uploads\/2025\/12\/000KWRBZORTVX3KL-C323-F4.webp.webp\"\/><\/p>\n<p>Dariusz Mioduski\/ Fredi Bobic\/Nico Paetzel\/DeFodi Images via Getty ImagesStach Antkowiak\/REPORTEREast News<\/p>\n<p><a class=\"ids-undecorated-link source ids-page-info--source__link\" href=\"https:\/\/www.interia.pl\" rel=\"nofollow noopener\" target=\"_blank\"><img decoding=\"async\" class=\"ids-image-holder__img\" loading=\"lazy\" alt=\"\" title=\"\" height=\"24px\" src=\"https:\/\/www.europesays.com\/pl\/wp-content\/uploads\/2025\/12\/1765825632_127_0009A60QQ5I2TYF7-C202-F4.webp.webp\"\/><\/a><\/p>\n<p>Masz sugestie, uwagi albo widzisz b\u0142\u0105d? Napisz do nas<\/p>\n","protected":false},"excerpt":{"rendered":"Legia Warszawa, a w\u0142a\u015bciwie jej dzia\u0142acze, co roku zapewniaj\u0105, \u017ce celem jest walka o mistrzostwo Polski. Tego w&hellip;\n","protected":false},"author":2,"featured_media":152844,"comment_status":"","ping_status":"","sticky":false,"template":"","format":"standard","meta":{"footnotes":""},"categories":[24],"tags":[42,38,40,39,41,127,126],"class_list":{"0":"post-152843","1":"post","2":"type-post","3":"status-publish","4":"format-standard","5":"has-post-thumbnail","7":"category-sport","8":"tag-pl","9":"tag-poland","10":"tag-polish","11":"tag-polska","12":"tag-polski","13":"tag-sport","14":"tag-sports"},"share_on_mastodon":{"url":"https:\/\/pubeurope.com\/@pl\/115725635919151687","error":""},"_links":{"self":[{"href":"https:\/\/www.europesays.com\/pl\/wp-json\/wp\/v2\/posts\/152843","targetHints":{"allow":["GET"]}}],"collection":[{"href":"https:\/\/www.europesays.com\/pl\/wp-json\/wp\/v2\/posts"}],"about":[{"href":"https:\/\/www.europesays.com\/pl\/wp-json\/wp\/v2\/types\/post"}],"author":[{"embeddable":true,"href":"https:\/\/www.europesays.com\/pl\/wp-json\/wp\/v2\/users\/2"}],"replies":[{"embeddable":true,"href":"https:\/\/www.europesays.com\/pl\/wp-json\/wp\/v2\/comments?post=152843"}],"version-history":[{"count":0,"href":"https:\/\/www.europesays.com\/pl\/wp-json\/wp\/v2\/posts\/152843\/revisions"}],"wp:featuredmedia":[{"embeddable":true,"href":"https:\/\/www.europesays.com\/pl\/wp-json\/wp\/v2\/media\/152844"}],"wp:attachment":[{"href":"https:\/\/www.europesays.com\/pl\/wp-json\/wp\/v2\/media?parent=152843"}],"wp:term":[{"taxonomy":"category","embeddable":true,"href":"https:\/\/www.europesays.com\/pl\/wp-json\/wp\/v2\/categories?post=152843"},{"taxonomy":"post_tag","embeddable":true,"href":"https:\/\/www.europesays.com\/pl\/wp-json\/wp\/v2\/tags?post=152843"}],"curies":[{"name":"wp","href":"https:\/\/api.w.org\/{rel}","templated":true}]}}