{"id":152849,"date":"2025-12-15T21:16:09","date_gmt":"2025-12-15T21:16:09","guid":{"rendered":"https:\/\/www.europesays.com\/pl\/152849\/"},"modified":"2025-12-15T21:16:09","modified_gmt":"2025-12-15T21:16:09","slug":"absolutna-kompromitacja-legii-oto-ostatnia-nadzieja","status":"publish","type":"post","link":"https:\/\/www.europesays.com\/pl\/152849\/","title":{"rendered":"Absolutna kompromitacja Legii. Oto ostatnia nadzieja"},"content":{"rendered":"<p class=\"art_paragraph\">Rok 2025 by\u0142 jednym z najgorszych okres\u00f3w w historii <a href=\"https:\/\/www.sport.pl\/pilka\/0,0.html#anchorLink\" rel=\"nofollow noopener\" target=\"_blank\">Legii Warszawa<\/a>. Mimo \u017ce wiosn\u0105 dru\u017cyna Goncalo Feio najpierw dosz\u0142a do \u0107wier\u0107fina\u0142u <a href=\"https:\/\/www.sport.pl\/pilka\/7,64946,32429086,liga-konferencji-o-ktorej-mecze-polskich-druzyn-gdzie-ogladac.html#anchorLink\" rel=\"nofollow noopener\" target=\"_blank\">Ligi Konferencji<\/a>, a p\u00f3\u017aniej zdoby\u0142a Puchar Polski, to i tak nikomu nie przyjdzie do g\u0142owy, by minione 12 miesi\u0119cy ocenia\u0107 pozytywnie.<\/p>\n<p class=\"art_paragraph\">Wszystko przez to, co dzia\u0142o si\u0119 w ekstraklasie. Poprzedni sezon Legia sko\u0144czy\u0142a dopiero na 5. miejscu ze strat\u0105 a\u017c 16 punkt\u00f3w do mistrza &#8211; Lecha Pozna\u0144. W tym jest jeszcze gorzej.<\/p>\n<p class=\"art_paragraph\">Wszystko przez kiepskie wyniki uzyskiwane przez dru\u017cyn\u0119 Edwarda Iordanescu i koszmarne za kadencji Inakiego Astiza, kt\u00f3ry tymczasowo zast\u0105pi\u0142 zwolnionego pod koniec pa\u017adziernika Rumuna. Legia nie wygra\u0142a od 11 <a href=\"https:\/\/www.sport.pl\/euro\/7,154862,31079522,kto-dzis-gra-na-euro-2024-jakie-mecze-dzisiaj-piatek-21-czerwca.html#anchorLink\" rel=\"nofollow noopener\" target=\"_blank\">mecz\u00f3w<\/a>, czym ustanowi\u0142a nowy niechlubny rekord klubu. Poprzedni, kt\u00f3ry wynosi\u0142 10 mecz\u00f3w bez zwyci\u0119stwa, pochodzi\u0142 z 1966 r.<\/p>\n<p> Legia szura po dnie. Totalna degrengolada<\/p>\n<p class=\"art_paragraph\">Najwi\u0119ksz\u0105 odpowiedzialno\u015b\u0107 za miejsce, w kt\u00f3rym znalaz\u0142a si\u0119 Legia, ponosi jej w\u0142a\u015bciciel i prezes &#8211; Dariusz Mioduski. To on od 2017 r., kiedy przej\u0105\u0142 samodzielne rz\u0105dy w klubie, sprawia, \u017ce Legia jest coraz s\u0142absza i dzisiaj szura po dnie. Ale obwinienie tylko Mioduskiego za tegoroczn\u0105 degrengolad\u0119 by\u0142oby niesprawiedliwe.<\/p>\n<p class=\"art_paragraph\">Za to, co dzieje si\u0119 obecnie w Legii, odpowiadaj\u0105 te\u017c inne osoby. Wszystkim winowajcom sytuacji warszawskiego klubu przyznali\u015bmy r\u00f3zgi. I jeden prezent, kt\u00f3rym jest <a href=\"https:\/\/www.sport.pl\/pilka\/7,65039,32435932,marek-papszun-odpowiedzial-kibicom-rakowa-krociutko.html#anchorLink\" rel=\"nofollow noopener\" target=\"_blank\">Marek Papszun<\/a>. To w nim nadzieja Legii, \u017ce 2026 r. b\u0119dzie niepor\u00f3wnywalnie lepszy od poprzedniego.<\/p>\n<p class=\"art_paragraph\">O tym wszystkim m\u00f3wimy w komentarzu do sytuacji Legii, kt\u00f3ry mo\u017cna obejrze\u0107 na kanale Sport.pl na YouTube.<\/p>\n<p>\n    Zobacz wideo Totalna degrengolada w Legii\n  <\/p>\n","protected":false},"excerpt":{"rendered":"Rok 2025 by\u0142 jednym z najgorszych okres\u00f3w w historii Legii Warszawa. Mimo \u017ce wiosn\u0105 dru\u017cyna Goncalo Feio najpierw&hellip;\n","protected":false},"author":2,"featured_media":152850,"comment_status":"","ping_status":"","sticky":false,"template":"","format":"standard","meta":{"footnotes":""},"categories":[24],"tags":[42,38,40,39,41,127,126],"class_list":{"0":"post-152849","1":"post","2":"type-post","3":"status-publish","4":"format-standard","5":"has-post-thumbnail","7":"category-sport","8":"tag-pl","9":"tag-poland","10":"tag-polish","11":"tag-polska","12":"tag-polski","13":"tag-sport","14":"tag-sports"},"share_on_mastodon":{"url":"https:\/\/pubeurope.com\/@pl\/115725663132601964","error":""},"_links":{"self":[{"href":"https:\/\/www.europesays.com\/pl\/wp-json\/wp\/v2\/posts\/152849","targetHints":{"allow":["GET"]}}],"collection":[{"href":"https:\/\/www.europesays.com\/pl\/wp-json\/wp\/v2\/posts"}],"about":[{"href":"https:\/\/www.europesays.com\/pl\/wp-json\/wp\/v2\/types\/post"}],"author":[{"embeddable":true,"href":"https:\/\/www.europesays.com\/pl\/wp-json\/wp\/v2\/users\/2"}],"replies":[{"embeddable":true,"href":"https:\/\/www.europesays.com\/pl\/wp-json\/wp\/v2\/comments?post=152849"}],"version-history":[{"count":0,"href":"https:\/\/www.europesays.com\/pl\/wp-json\/wp\/v2\/posts\/152849\/revisions"}],"wp:featuredmedia":[{"embeddable":true,"href":"https:\/\/www.europesays.com\/pl\/wp-json\/wp\/v2\/media\/152850"}],"wp:attachment":[{"href":"https:\/\/www.europesays.com\/pl\/wp-json\/wp\/v2\/media?parent=152849"}],"wp:term":[{"taxonomy":"category","embeddable":true,"href":"https:\/\/www.europesays.com\/pl\/wp-json\/wp\/v2\/categories?post=152849"},{"taxonomy":"post_tag","embeddable":true,"href":"https:\/\/www.europesays.com\/pl\/wp-json\/wp\/v2\/tags?post=152849"}],"curies":[{"name":"wp","href":"https:\/\/api.w.org\/{rel}","templated":true}]}}