{"id":152854,"date":"2025-12-15T21:23:08","date_gmt":"2025-12-15T21:23:08","guid":{"rendered":"https:\/\/www.europesays.com\/pl\/152854\/"},"modified":"2025-12-15T21:23:08","modified_gmt":"2025-12-15T21:23:08","slug":"ms-w-darcie-cameron-menzies-wpadl-w-furie-po-porazce-z-debiutantem-sport-tvp-pl","status":"publish","type":"post","link":"https:\/\/www.europesays.com\/pl\/152854\/","title":{"rendered":"M\u015a w darcie. Cameron Menzies wpad\u0142 w furi\u0119 po pora\u017cce z debiutantem &#8211; sport.tvp.pl"},"content":{"rendered":"<ol>\n<li><a href=\"https:\/\/news.google.com\/rss\/articles\/CBMinAFBVV95cUxPLTAtRHo0c1dvRURCUGJKZi1SMTFSVGlEa1cwY0NVa1dyTTJIZzlKT051d1ZpbFFmck80QVN5TGZVRWZKQWU1V25rMjNNZklsTDMwV2lubWx1YkpveEZfdWN1MmZFdWg1eDlMS0k2S0pDNGNGRnIyYUNMQTFKMl96d0swNEpvYUJRbTlNOWUyOVVlNVJUbmtjZUE5SU3SAaIBQVVfeXFMT0ZZR3MtVExCaFNOUlU1N29ZNHlqWlF5eExuR1lvR2RXMGc2OWw4OUtmR3UwYnJKQ2RKeEJDMy1WdFNVNTRpcFBPNXF0aGhocE1jQ051VjRORlRsTFFWc0VFQmtQeDZNY3BWUmh0UGtKd0xBOWFfckJxYVVIaEYzOEFZWFotTUNGVk1KNU9leDVIWkFsMGpkdGUyOWhWVGdKakFn?oc=5\" target=\"_blank\" rel=\"nofollow noopener\">M\u015a w darcie. Cameron Menzies wpad\u0142 w furi\u0119 po pora\u017cce z debiutantem<\/a>&nbsp;&nbsp;sport.tvp.pl<\/li>\n<li><a href=\"https:\/\/news.google.com\/rss\/articles\/CBMilgJBVV95cUxPNUtFSk9QazVSc0RraTI1TmJfdjVRN0RhaTkyQ0Ytc2ZFQmlBVlhKNWFzbXlFYjNMdE9TR2MxNTBLSDg3RUtRUFRuT0RpQW1vSThoUURZOFRnQmN0bU9QaExCWm0ydUlqVTZteG93cnNfaldDMmJ1Sm5EWlNfUFZ4cHhGXzJFZkxlOWN0UTJ5QVU0U2RndTQ1c1VBUS1oeDJhU29PWlZ5YlgyUGRTRlhNSVdkMkVFbmMtM2Ewc25HTTVmMlhfZTRHODVVSF9DSFp3ZFgxUU1hTGMxQ0xfVV9GMDhQN0w3bmxfTGZUWjBLUnRtSWZvUF83THB5RTl2dlJ2RC16LTJFQTdjR0tRX204b28zOExhZw?oc=5\" target=\"_blank\" rel=\"nofollow noopener\">Przegra\u0142 mecz i zaj\u0105\u0142 si\u0119 demolowaniem stolika<\/a>&nbsp;&nbsp;Eurosport Polska<\/li>\n<li><a href=\"https:\/\/news.google.com\/rss\/articles\/CBMiqgFBVV95cUxNaFgwU3NVYm9SOWQ1VEkwek1yeHFIM3FWMEczTXRrN1NfWU9nMUdVV3JaR19SQkhzeE13bVVkWlRXNjI3dTlPR21LSFhqbmFzWHpJckVBUlpzY3lDUVRTaVR4MWk4N2F0bm9uaXN5S0ZqeHRQd1pBMkh3a2RYSVhFcHJRVkFqZzdfNElUVklTTl90NXN5NnUxbVJiNzRTUk1XMV9pdW5wTXZaQQ?oc=5\" target=\"_blank\" rel=\"nofollow noopener\">M\u0142ody Polak zaskoczy\u0142 na M\u015a. Niespodziewana pora\u017cka \u017ale si\u0119 sko\u0144czy\u0142a<\/a>&nbsp;&nbsp;Sport.pl<\/li>\n<li><a href=\"https:\/\/news.google.com\/rss\/articles\/CBMilgFBVV95cUxOaDM0RTROQllBYUc4aTMxbHktTHhJYzZ5VGk0djFqNDNKUHh5c28xTHVFSzdWTUgtMVprS0lXUzZnazZjM1Bnb3pJSnpKU0Y4VWpkV1d3ZDl2ZkZ5dVd5QXh0eDJ6UDg4Tjg4bDN6MXJHNXlOdlQyMVROSGN3aThEcFdtTDhwZ3JMMXFOZmpYN3BiTEh4d3c?oc=5\" target=\"_blank\" rel=\"nofollow noopener\">Szokuj\u0105ce obrazki na M\u015a. Przegra\u0142 i&#8230; pola\u0142a si\u0119 krew<\/a>&nbsp;&nbsp;SportoweFakty<\/li>\n<li><a href=\"https:\/\/news.google.com\/rss\/articles\/CBMiogFBVV95cUxOcG54N3J6ZVplWkl0MDc0b29TU25hcldndzBGSHZPQWpOVTNDLXIweTlIZWZOTTFoOTFlMkhOOURIX1NoVHhhUVBNZ2tSaG1lTF80M3lYOUkyanBGUUd3ekJNZTB6ekJ3aG5lMDFNR052M1pqRzE2dnZNdVg1VjRhSS1hZVhZdk1ZdVMzTXpIeHM2M0d5Z055LXhHSkw5Mi1WT0E?oc=5\" target=\"_blank\" rel=\"nofollow noopener\">Kuriozum na M\u015a. Przegra\u0142 z debiutantem i wpad\u0142 w furi\u0119 [WIDEO]<\/a>&nbsp;&nbsp;Meczyki.pl<\/li>\n<\/ol>\n","protected":false},"excerpt":{"rendered":"M\u015a w darcie. Cameron Menzies wpad\u0142 w furi\u0119 po pora\u017cce z debiutantem&nbsp;&nbsp;sport.tvp.pl Przegra\u0142 mecz i zaj\u0105\u0142 si\u0119 demolowaniem&hellip;\n","protected":false},"author":2,"featured_media":152855,"comment_status":"","ping_status":"","sticky":false,"template":"","format":"standard","meta":{"footnotes":""},"categories":[24],"tags":[30673,30674,25321,30049,42,38,40,39,41,127,334,126],"class_list":{"0":"post-152854","1":"post","2":"type-post","3":"status-publish","4":"format-standard","5":"has-post-thumbnail","7":"category-sport","8":"tag-cameron-menzies","9":"tag-charlie-manby","10":"tag-dart","11":"tag-ms-w-darcie","12":"tag-pl","13":"tag-poland","14":"tag-polish","15":"tag-polska","16":"tag-polski","17":"tag-sport","18":"tag-sport-tvp-pl","19":"tag-sports"},"share_on_mastodon":{"url":"https:\/\/pubeurope.com\/@pl\/115725690884096246","error":""},"_links":{"self":[{"href":"https:\/\/www.europesays.com\/pl\/wp-json\/wp\/v2\/posts\/152854","targetHints":{"allow":["GET"]}}],"collection":[{"href":"https:\/\/www.europesays.com\/pl\/wp-json\/wp\/v2\/posts"}],"about":[{"href":"https:\/\/www.europesays.com\/pl\/wp-json\/wp\/v2\/types\/post"}],"author":[{"embeddable":true,"href":"https:\/\/www.europesays.com\/pl\/wp-json\/wp\/v2\/users\/2"}],"replies":[{"embeddable":true,"href":"https:\/\/www.europesays.com\/pl\/wp-json\/wp\/v2\/comments?post=152854"}],"version-history":[{"count":0,"href":"https:\/\/www.europesays.com\/pl\/wp-json\/wp\/v2\/posts\/152854\/revisions"}],"wp:featuredmedia":[{"embeddable":true,"href":"https:\/\/www.europesays.com\/pl\/wp-json\/wp\/v2\/media\/152855"}],"wp:attachment":[{"href":"https:\/\/www.europesays.com\/pl\/wp-json\/wp\/v2\/media?parent=152854"}],"wp:term":[{"taxonomy":"category","embeddable":true,"href":"https:\/\/www.europesays.com\/pl\/wp-json\/wp\/v2\/categories?post=152854"},{"taxonomy":"post_tag","embeddable":true,"href":"https:\/\/www.europesays.com\/pl\/wp-json\/wp\/v2\/tags?post=152854"}],"curies":[{"name":"wp","href":"https:\/\/api.w.org\/{rel}","templated":true}]}}