{"id":152862,"date":"2025-12-15T21:27:07","date_gmt":"2025-12-15T21:27:07","guid":{"rendered":"https:\/\/www.europesays.com\/pl\/152862\/"},"modified":"2025-12-15T21:27:07","modified_gmt":"2025-12-15T21:27:07","slug":"donald-trump-o-rozmowach-w-berlinie-jestesmy-blizej-niz-kiedykolwiek","status":"publish","type":"post","link":"https:\/\/www.europesays.com\/pl\/152862\/","title":{"rendered":"Donald Trump o rozmowach w Berlinie. &#8222;Jeste\u015bmy bli\u017cej ni\u017c kiedykolwiek&#8221;"},"content":{"rendered":"<p class=\"ods-c-paragraph \">\u2014 Odby\u0142em d\u0142ug\u0105 rozmow\u0119 z prezydentem Ukrainy Wo\u0142odymyrem Ze\u0142enskim. Rozmawia\u0142em tak\u017ce z przyw\u00f3dcami Niemiec, W\u0142och, NATO, Finlandii, Francji, Wielkiej Brytanii, Polski, Norwegii, Danii i Holandii. Mieli\u015bmy d\u0142ugie i dobre rozmowy \u2014 opisa\u0142 w poniedzia\u0142ek na konferencji prasowej prezydent Donald Trump.<\/p>\n<p class=\"ods-c-paragraph \">Przyw\u00f3dca USA zaznaczy\u0142, \u017ce &#8222;sprawy id\u0105 bardzo dobrze&#8221;. \u2014 W ubieg\u0142ym miesi\u0105cu zgin\u0119\u0142o 27 tys. \u017co\u0142nierzy. Nie powinno si\u0119 to wydarzy\u0107, ta wojna nigdy nie powinna si\u0119 wydarzy\u0107. Wydarzy\u0142a si\u0119 jednak i pr\u00f3bujemy to naprawi\u0107. Pr\u00f3bujemy rozwi\u0105za\u0107 problem Joego Bidena. \u2014 podkre\u015bli\u0142.<\/p>\n<p class=\"ods-c-paragraph \">\u2014 Jeste\u015bmy bli\u017cej ni\u017c wcze\u015bniej. Mieli\u015bmy wiele konwersacji, tak\u017ce z prezydentem Rosji W\u0142adimirem Putinem. My\u015bl\u0119, \u017ce jeste\u015bmy teraz bli\u017cej [rozwi\u0105zania] ni\u017c kiedykolwiek wcze\u015bniej i zobaczymy, co da si\u0119 zrobi\u0107 \u2014 doda\u0142.<\/p>\n<p>Dalszy ci\u0105g artyku\u0142u pod materia\u0142em wideo<\/p>\n<p> Jakie by\u0142y g\u0142\u00f3wne tematy rozm\u00f3w Trumpa w Berlinie? <\/p>\n<p> Kto uczestniczy\u0142 w rozmowach w Berlinie? <\/p>\n<p> Jakie wsparcie dla Ukrainy zosta\u0142o uzgodnione? <\/p>\n<p> Co powiedzia\u0142 Ze\u0142enski po spotkaniu? <\/p>\n<p>  Donald Trump o sytuacji w Ukrainie. &#8222;Mamy wsparcie europejskich przyw\u00f3dc\u00f3w&#8221;   <\/p>\n<p class=\"ods-c-paragraph \">Donald Trump oceni\u0142 tak\u017ce, \u017ce poprzez zatrzymanie konfliktu &#8222;uratowanych zostanie wiele \u017cy\u0107&#8221;. \u2014 Wysy\u0142amy uzbrojenie NATO. Nie wydajemy pieni\u0119dzy, ale wysy\u0142amy [uzbrojenie]. Zobaczymy, chcemy uratowa\u0107 wiele \u017cy\u0107 \u2014 podkre\u015bli\u0142.<\/p>\n<p class=\"ods-c-paragraph \">\u2014 Kiedy tracisz 25-30 tys. ludzi, w wi\u0119kszo\u015bci \u017co\u0142nierzy, ale tak\u017ce mieszka\u0144c\u00f3w miast, z Kijowa i innych miejscowo\u015bci&#8230; Sytuacja na Ukrainie jest dosy\u0107 z\u0142a. Nikt nie widzia\u0142 czego\u015b takiego wcze\u015bniej od II wojny \u015bwiatowej \u2014 stwierdzi\u0142.<\/p>\n<p class=\"ods-c-paragraph \">Prezydent USA stwierdzi\u0142, \u017ce porozumienie jest jednak coraz bli\u017cej. \u2014 Mamy wspania\u0142e wsparcie od europejskich przyw\u00f3dc\u00f3w, kt\u00f3rzy tak\u017ce chc\u0105 to zako\u0144czy\u0107 \u2014 opisa\u0142 Donald Trump.<\/p>\n<p class=\"ods-c-paragraph \">\u2014 W tej chwili Rosja te\u017c to chce zako\u0144czy\u0107. Problem w tym, \u017ce [Rosjanie] chc\u0105 to zako\u0144czy\u0107, a potem nagle nie chc\u0105. Potem Ukraina chce to zako\u0144czy\u0107, a potem nagle nie chce. Musimy sprawi\u0107, \u017ceby si\u0119 dogadali. To si\u0119 na razie udaje \u2014 podsumowa\u0142.<\/p>\n<p> Negocjacje pokojowe w Berlinie. B\u0119dzie misja pokojowa<\/p>\n<p class=\"ods-c-paragraph \">W\u015br\u00f3d gwarancji bezpiecze\u0144stwa dla Ukrainy, uzgodnionych mi\u0119dzy USA i Europ\u0105, znajduje si\u0119 kierowana przez Europ\u0119 i wspierana przez USA wojskowa misja ch\u0119tnych do tego kraj\u00f3w, dzia\u0142aj\u0105ca tak\u017ce na terytorium Ukrainy \u2014 <a href=\"https:\/\/wiadomosci.onet.pl\/swiat\/gwarancje-bezpieczenstwa-dla-ukrainy-znamy-szczegoly-misji-wojskowej\/9q2t50m\" id=\"75da6df4-942a-4694-aa96-3a4dad3870eb\" rel=\"nofollow noopener\" target=\"_blank\">wynika z poniedzia\u0142kowego o\u015bwiadczenia kraj\u00f3w europejskich na szczycie w Berlinie<\/a>. Uczestnicy rozm\u00f3w zgodzili si\u0119 tak\u017ce, \u017ce zapewni\u0105 Ukrainie wsparcie w utrzymaniu liczebno\u015bci armii na poziomie 800 tys. \u017co\u0142nierzy w czasie pokoju.<\/p>\n<p class=\"ods-c-paragraph \">&#8222;Bardzo wa\u017cne jest, \u017ce nasi partnerzy ze Stan\u00f3w Zjednoczonych Ameryki us\u0142yszeli wszystkie szczeg\u00f3\u0142y dotycz\u0105ce wojny. Gdyby te spotkania odby\u0142y si\u0119 wcze\u015bniej, post\u0119p by\u0142by jeszcze wi\u0119kszy&#8221; \u2014 <a href=\"https:\/\/wiadomosci.onet.pl\/swiat\/prezydent-ukrainy-liczy-na-usa-sa-pewne-kwestie-ktore-sa-destrukcyjne\/kpnk0bq\" id=\"a40219a9-eb78-4ef5-83d0-e425816c9219\" rel=\"nofollow noopener\" target=\"_blank\">stwierdzi\u0142 po spotkaniu Wo\u0142odymyr Ze\u0142enski<\/a>. Ukrai\u0144ski prezydent doda\u0142, \u017ce wci\u0105\u017c istniej\u0105 r\u00f3\u017cne stanowiska wobec Rosji w kwestii terytori\u00f3w. &#8222;Wierz\u0119, \u017ce strona ameryka\u0144ska, dzia\u0142aj\u0105c jako mediator, zaproponuje r\u00f3\u017cne kroki, aby spr\u00f3bowa\u0107 znale\u017a\u0107 przynajmniej jak\u0105\u015b form\u0119 konsensusu&#8221; \u2014 doda\u0142.<\/p>\n<p class=\"ods-c-paragraph \">W Berlinie odby\u0142o si\u0119 w poniedzia\u0142ek wieczorem <a href=\"https:\/\/wiadomosci.onet.pl\/kraj\/ruszyly-negocjacje-w-berlinie-donald-tusk-rozmawial-z-wolodymyrem-zelenskim\/wyx736w\" id=\"f7066bd3-9d0d-4db9-996d-f3e04281d29f\" rel=\"nofollow noopener\" target=\"_blank\">spotkanie europejskich polityk\u00f3w najwy\u017cszego szczebla z prezydentem Ukrainy Wo\u0142odymyrem Ze\u0142enskim<\/a>. Z przyw\u00f3dcami po\u0142\u0105czy\u0142 si\u0119 telefonicznie prezydent USA Donald Trump. Polsk\u0119 na szczycie reprezentowa\u0142 Donald Tusk. Szczyt w Berlinie poprzedzi\u0142y <a href=\"https:\/\/wiadomosci.onet.pl\/swiat\/w-berlinie-zakonczyla-sie-druga-runda-rozmow-zelenskiego-z-wyslannikami-trumpa\/w4nd6zv\" id=\"6c39f8fc-8f1c-42ee-9488-92e4e1a7fa78\" rel=\"nofollow noopener\" target=\"_blank\">dwudniowe negocjacje mi\u0119dzy delegacjami ukrai\u0144sk\u0105 oraz ameryka\u0144sk\u0105<\/a>.<\/p>\n","protected":false},"excerpt":{"rendered":"\u2014 Odby\u0142em d\u0142ug\u0105 rozmow\u0119 z prezydentem Ukrainy Wo\u0142odymyrem Ze\u0142enskim. Rozmawia\u0142em tak\u017ce z przyw\u00f3dcami Niemiec, W\u0142och, NATO, Finlandii, Francji,&hellip;\n","protected":false},"author":2,"featured_media":152863,"comment_status":"","ping_status":"","sticky":false,"template":"","format":"standard","meta":{"footnotes":""},"categories":[14],"tags":[32,33,44,189,27,34,35,28,31,48,25,46,40,41,87,47,80,29,30,415,26,408,309,82,83,84],"class_list":{"0":"post-152862","1":"post","2":"type-post","3":"status-publish","4":"format-standard","5":"has-post-thumbnail","7":"category-swiat","8":"tag-breaking-news","9":"tag-breakingnews","10":"tag-donald_trump","11":"tag-europa","12":"tag-headlines","13":"tag-latest-news","14":"tag-latestnews","15":"tag-naglowki","16":"tag-najwazniejsze-artykuly","17":"tag-nat_styl","18":"tag-news","19":"tag-omp","20":"tag-polish","21":"tag-polski","22":"tag-rosja","23":"tag-screening_general","24":"tag-swiat","25":"tag-top-stories","26":"tag-topstories","27":"tag-ukraina","28":"tag-wiadomosci","29":"tag-wladimir_putin","30":"tag-wolodymyr_zelenski","31":"tag-world","32":"tag-world-news","33":"tag-worldnews"},"share_on_mastodon":{"url":"https:\/\/pubeurope.com\/@pl\/115725706493134652","error":""},"_links":{"self":[{"href":"https:\/\/www.europesays.com\/pl\/wp-json\/wp\/v2\/posts\/152862","targetHints":{"allow":["GET"]}}],"collection":[{"href":"https:\/\/www.europesays.com\/pl\/wp-json\/wp\/v2\/posts"}],"about":[{"href":"https:\/\/www.europesays.com\/pl\/wp-json\/wp\/v2\/types\/post"}],"author":[{"embeddable":true,"href":"https:\/\/www.europesays.com\/pl\/wp-json\/wp\/v2\/users\/2"}],"replies":[{"embeddable":true,"href":"https:\/\/www.europesays.com\/pl\/wp-json\/wp\/v2\/comments?post=152862"}],"version-history":[{"count":0,"href":"https:\/\/www.europesays.com\/pl\/wp-json\/wp\/v2\/posts\/152862\/revisions"}],"wp:featuredmedia":[{"embeddable":true,"href":"https:\/\/www.europesays.com\/pl\/wp-json\/wp\/v2\/media\/152863"}],"wp:attachment":[{"href":"https:\/\/www.europesays.com\/pl\/wp-json\/wp\/v2\/media?parent=152862"}],"wp:term":[{"taxonomy":"category","embeddable":true,"href":"https:\/\/www.europesays.com\/pl\/wp-json\/wp\/v2\/categories?post=152862"},{"taxonomy":"post_tag","embeddable":true,"href":"https:\/\/www.europesays.com\/pl\/wp-json\/wp\/v2\/tags?post=152862"}],"curies":[{"name":"wp","href":"https:\/\/api.w.org\/{rel}","templated":true}]}}