{"id":152866,"date":"2025-12-15T21:29:08","date_gmt":"2025-12-15T21:29:08","guid":{"rendered":"https:\/\/www.europesays.com\/pl\/152866\/"},"modified":"2025-12-15T21:29:08","modified_gmt":"2025-12-15T21:29:08","slug":"astronomiczna-kwota-dla-szalonego-reportera-za-walke-z-waldusiem-ujawnil-ja","status":"publish","type":"post","link":"https:\/\/www.europesays.com\/pl\/152866\/","title":{"rendered":"Astronomiczna kwota dla &#8222;Szalonego Reportera&#8221; za walk\u0119 z &#8222;Waldusiem&#8221;. Ujawni\u0142 j\u0105"},"content":{"rendered":"<p class=\"Paragraph_desktopParagraph__Fd2e9\">Pod koniec listopada w Warszawie odby\u0142o si\u0119 Fame 28: Armagedon, a jedn\u0105 z walk, kt\u00f3ra przyci\u0105ga\u0142a najwi\u0119ksz\u0105 uwag\u0119, by\u0142 pojedynek &#8222;Szalonego Reportera&#8221; z Bartoszem \u017bukowskim, kt\u00f3ry najwi\u0119ksz\u0105 s\u0142aw\u0119 zdoby\u0142, dzi\u0119ki roli Waldka Kiepskiego w &#8222;\u015awiecie wed\u0142ug Kiepskich&#8221;.<\/p>\n<p class=\"VideoPlayerText_videoPlayerText__zrtJk\">Dalszy ci\u0105g materia\u0142u pod wideo<\/p>\n<p class=\"Paragraph_desktopParagraph__Fd2e9\">Walka trwa\u0142a zaledwie 47 s. Wygra\u0142 &#8222;Szalony Reporter&#8221;, a po gali na jaw zacz\u0119\u0142y wychodzi\u0107 <a href=\"https:\/\/przegladsportowy.onet.pl\/esportmania\/niebywale-oto-co-zrobil-waldus-przed-walka-w-fame-mma\/wlb4zl5\" id=\"a932d67b-3333-409a-8ed5-d1412f9445b8\" rel=\"nofollow noopener\" target=\"_blank\">nowe fakty dotycz\u0105ce oczekiwa\u0144 popularnego Waldusia<\/a>. Matysiak by\u0142 go\u015bciem w podca\u015bcie &#8222;Wojew\u00f3dzki&amp;K\u0119dzierski&#8221;, a Kuba Wojew\u00f3dzki ju\u017c na starcie zapyta\u0142 o to, ile youtuber dosta\u0142 za walk\u0119 z \u017bukowski.<\/p>\n<p class=\"Paragraph_desktopParagraph__Fd2e9\">\u2014 To by\u0142o 150 tys. z\u0142? \u2014 zapyta\u0142 Wojew\u00f3dzki wprost.<\/p>\n<p class=\"Paragraph_desktopParagraph__Fd2e9\">\u2014 O nie, zdecydowanie wi\u0119cej \u2014 odpowiedzia\u0142 &#8222;Szalony Reporter&#8221;.<\/p>\n<p class=\"Paragraph_desktopParagraph__Fd2e9\">\u2014 300 tys. z\u0142? \u2014 kontynuowa\u0142 Wojew\u00f3dzki.<\/p>\n<p class=\"Paragraph_desktopParagraph__Fd2e9\">\u2014 Wi\u0119cej \u2014 stwierdzi\u0142 youtuber.<\/p>\n<p class=\"Paragraph_desktopParagraph__Fd2e9\">\u2014 M\u00f3wimy o 1 mln z\u0142? \u2014 dopytywa\u0142 jeden ze wsp\u00f3\u0142pracownik\u00f3w.<\/p>\n<p class=\"Paragraph_desktopParagraph__Fd2e9\">\u2014 Obowi\u0105zuje mnie nadal kontrakt, ale zosta\u0144my przy tym ponad 300 tys. z\u0142. W 30 s. z Rze\u017aniczakiem zgarn\u0105\u0142em ponad 200 tys. z\u0142, ale wtedy to ja le\u017ca\u0142em \u2014 zdradzi\u0142.<\/p>\n<p>Oto ca\u0142a prawda o walce &#8222;Szalonego Reportera&#8221; z &#8222;Waldusiem&#8221;<\/p>\n<p class=\"Paragraph_desktopParagraph__Fd2e9\">To jednak nie wszystko, bo Matysiak opowiedzia\u0142 te\u017c, co dzia\u0142o si\u0119 tu\u017c przed walk\u0105 za kulisami. Jak stwierdzi\u0142, \u017bukowski by\u0142 roztrz\u0119siony, a &#8222;Szalony Reporter&#8221; musia\u0142 uspokaja\u0107 aktora.<\/p>\n<p class=\"Paragraph_desktopParagraph__Fd2e9\">\u2014 By\u0142 w pe\u0142ni \u015bwiadomy, co robi i po co tam idzie. Trzeba zrozumie\u0107, \u017ce robi\u0142 to dla pieni\u0119dzy. Mia\u0142em z tym problem i nie by\u0142o to dla mnie przyjemne, ale jak ju\u017c zamkn\u0119\u0142a si\u0119 klatka, to my poszli\u015bmy si\u0119 tam po prostu pobi\u0107 i z regu\u0142y jak komu\u015b odpuszczasz, to nara\u017casz siebie \u2014 oznajmi\u0142.<\/p>\n<p class=\"Paragraph_desktopParagraph__Fd2e9\">\u2014 Przed wej\u015bciem na hal\u0119 ja go uspokaja\u0142em. Uwierzcie, \u017ce ja by\u0142em jego matk\u0105 i opiekunk\u0105. By\u0142em pewien, \u017ce on ucieknie i nie zarobi\u0119 tych pieni\u0119dzy \u2014 powiedzia\u0142.<\/p>\n<p class=\"Paragraph_desktopParagraph__Fd2e9\">\u2014 Tam musia\u0142 by\u0107 jaki\u015b problem finansowy, bo co\u015b musia\u0142o go popchn\u0105\u0107 do takiego ruchu. To by\u0142a kompromitacja na ka\u017cdym polu, bo co dziwne oni brali go tam jako Waldka Kiepskiego, a nie Bartosza \u017bukowskiego. Na ka\u017cdym polu zawi\u00f3d\u0142, ale pieni\u0105dze wzi\u0105\u0142, a jego stawka by\u0142a niewiele mniejsza od mojej \u2014 zako\u0144czy\u0142 temat.<\/p>\n","protected":false},"excerpt":{"rendered":"Pod koniec listopada w Warszawie odby\u0142o si\u0119 Fame 28: Armagedon, a jedn\u0105 z walk, kt\u00f3ra przyci\u0105ga\u0142a najwi\u0119ksz\u0105 uwag\u0119,&hellip;\n","protected":false},"author":2,"featured_media":152867,"comment_status":"","ping_status":"","sticky":false,"template":"","format":"standard","meta":{"footnotes":""},"categories":[5],"tags":[32,33,28928,36,37,27,4328,67,34,35,28,31,25,42,38,40,39,41,136,128,47,655,30675,29,30,26],"class_list":{"0":"post-152866","1":"post","2":"type-post","3":"status-publish","4":"format-standard","5":"has-post-thumbnail","7":"category-naglowki","8":"tag-breaking-news","9":"tag-breakingnews","10":"tag-esportmania","11":"tag-featured-news","12":"tag-featurednews","13":"tag-headlines","14":"tag-influencerzy","15":"tag-intextvideo_splayer","16":"tag-latest-news","17":"tag-latestnews","18":"tag-naglowki","19":"tag-najwazniejsze-artykuly","20":"tag-news","21":"tag-pl","22":"tag-poland","23":"tag-polish","24":"tag-polska","25":"tag-polski","26":"tag-ps_detal_new","27":"tag-psv2","28":"tag-screening_general","29":"tag-styl_zycia_lifestyle_","30":"tag-tomasz_szalony_reporter_matysiak","31":"tag-top-stories","32":"tag-topstories","33":"tag-wiadomosci"},"share_on_mastodon":{"url":"https:\/\/pubeurope.com\/@pl\/115725714477363820","error":""},"_links":{"self":[{"href":"https:\/\/www.europesays.com\/pl\/wp-json\/wp\/v2\/posts\/152866","targetHints":{"allow":["GET"]}}],"collection":[{"href":"https:\/\/www.europesays.com\/pl\/wp-json\/wp\/v2\/posts"}],"about":[{"href":"https:\/\/www.europesays.com\/pl\/wp-json\/wp\/v2\/types\/post"}],"author":[{"embeddable":true,"href":"https:\/\/www.europesays.com\/pl\/wp-json\/wp\/v2\/users\/2"}],"replies":[{"embeddable":true,"href":"https:\/\/www.europesays.com\/pl\/wp-json\/wp\/v2\/comments?post=152866"}],"version-history":[{"count":0,"href":"https:\/\/www.europesays.com\/pl\/wp-json\/wp\/v2\/posts\/152866\/revisions"}],"wp:featuredmedia":[{"embeddable":true,"href":"https:\/\/www.europesays.com\/pl\/wp-json\/wp\/v2\/media\/152867"}],"wp:attachment":[{"href":"https:\/\/www.europesays.com\/pl\/wp-json\/wp\/v2\/media?parent=152866"}],"wp:term":[{"taxonomy":"category","embeddable":true,"href":"https:\/\/www.europesays.com\/pl\/wp-json\/wp\/v2\/categories?post=152866"},{"taxonomy":"post_tag","embeddable":true,"href":"https:\/\/www.europesays.com\/pl\/wp-json\/wp\/v2\/tags?post=152866"}],"curies":[{"name":"wp","href":"https:\/\/api.w.org\/{rel}","templated":true}]}}