{"id":152868,"date":"2025-12-15T21:30:14","date_gmt":"2025-12-15T21:30:14","guid":{"rendered":"https:\/\/www.europesays.com\/pl\/152868\/"},"modified":"2025-12-15T21:30:14","modified_gmt":"2025-12-15T21:30:14","slug":"swiatek-pominieta-wta-przyznala-nagrody-za-sezon-2025","status":"publish","type":"post","link":"https:\/\/www.europesays.com\/pl\/152868\/","title":{"rendered":"\u015awi\u0105tek pomini\u0119ta. WTA przyzna\u0142a nagrody za sezon 2025"},"content":{"rendered":"\n<p class=\"contentpart contentpart--default contentpart--text\" data-position=\"0\">W poniedzia\u0142ek WTA og\u0142osi\u0142a laureatki cz\u0119\u015bci nagr\u00f3d za sezon 2025. Dziennikarze uznali, \u017ce najlepsz\u0105 tenisistk\u0105 ko\u0144cz\u0105cego si\u0119 roku by\u0142a\u00a0<a href=\"https:\/\/sportowefakty.wp.pl\/tenis\/aryna-sabalenka\" rel=\"nofollow noopener\" target=\"_blank\">Aryna Sabalenka<\/a>. Bia\u0142orusinka wygra\u0142a wielkoszlemowy US Open oraz by\u0142a w finale Australian Open i Rolanda Garrosa.<\/p>\n<p class=\"contentpart contentpart--default contentpart--text\" data-position=\"1\">Sabalenka to aktualna liderka rankingu WTA. W \u015bwiatowej klasyfikacji wyprzedzi\u0142a m.in.\u00a0<a href=\"https:\/\/sportowefakty.wp.pl\/tenis\/iga-swiatek\" rel=\"nofollow noopener\" target=\"_blank\">Ig\u0119 \u015awi\u0105tek<\/a>. W sezonie 2025 Polka triumfowa\u0142a w Wimbledonie, Cincinnati oraz Seulu. Zaj\u0119\u0142a ostatecznie drug\u0105 pozycj\u0119 w zestawieniu.<\/p>\n<p> <img role=\"presentation\" src=\"https:\/\/std.wpcdn.pl\/images\/adv\/placeholder_wp.svg\" loading=\"lazy\" alt=\"\" decoding=\"async\"\/>  <\/p>\n<p class=\"contentpart contentpart--default contentpart--text\" data-position=\"2\">ZOBACZ WIDEO: Jakub Kiwior i jego \u017cona zachwycili. Nagranie robi wra\u017cenie<\/p>\n<p class=\"contentpart contentpart--default contentpart--text\" data-position=\"4\">Dziennikarze wybrali r\u00f3wnie\u017c najlepsz\u0105 par\u0119 deblow\u0105 sezonu 2025. Zaszczytu tego dost\u0105pi\u0142y Amerykanka\u00a0<a href=\"https:\/\/sportowefakty.wp.pl\/tenis\/taylor-townsend\" rel=\"nofollow noopener\" target=\"_blank\">Taylor Townsend<\/a>\u00a0i Czeszka\u00a0<a href=\"https:\/\/sportowefakty.wp.pl\/tenis\/katerina-siniakova\" rel=\"nofollow noopener\" target=\"_blank\">Katerina Siniakova<\/a>, kt\u00f3re ju\u017c drugi rok gra\u0142y z powodzeniem w kobiecym tourze. W zako\u0144czonym sezonie triumfowa\u0142y m.in. w Australian Open i by\u0142y w finale US Open.<\/p>\n<p class=\"contentpart contentpart--default contentpart--text\" data-position=\"5\">Tenisistk\u0105, kt\u00f3ra w 2025 roku wykona\u0142a najwi\u0119kszy post\u0119p, zosta\u0142a uznana\u00a0<a href=\"https:\/\/sportowefakty.wp.pl\/tenis\/amanda-anisimova\" rel=\"nofollow noopener\" target=\"_blank\">Amanda Anisimova<\/a>. Amerykanka osi\u0105gn\u0119\u0142a fina\u0142y Wimbledonu (pora\u017cka ze \u015awi\u0105tek) i US Open (pora\u017cka z Sabalenk\u0105) i przebojem wdar\u0142a si\u0119 do \u015bwiatowej czo\u0142\u00f3wki. Triumfowa\u0142a w turniejach WTA 1000 w Dosze i Pekinie, dzi\u0119ki czemu zako\u0144czy\u0142a sezon na wysokiej czwartej pozycji.<\/p>\n<p class=\"contentpart contentpart--default contentpart--text\" data-position=\"6\">Nagrod\u0119 w kategorii &#8222;Powr\u00f3t Roku&#8221; otrzyma\u0142a\u00a0<a href=\"https:\/\/sportowefakty.wp.pl\/tenis\/belinda-bencic\" rel=\"nofollow noopener\" target=\"_blank\">Belinda Benci\u0107<\/a>. W styczniu Szwajcarka powr\u00f3ci\u0142a do touru po urodzeniu dziecka. W sezonie 2025 zwyci\u0119\u017cy\u0142a w Abu Zabi i Tokio, ko\u0144cz\u0105c zmagania na wysokim 11. miejscu w rankingu WTA. By\u0142a tak\u017ce w p\u00f3\u0142finale Wimbledonu, w kt\u00f3rym zatrzyma\u0142a j\u0105 \u015awi\u0105tek.<\/p>\n<p> <img role=\"presentation\" src=\"https:\/\/std.wpcdn.pl\/images\/adv\/placeholder_wp.svg\" loading=\"lazy\" alt=\"\" decoding=\"async\"\/>  <\/p>\n<p class=\"contentpart contentpart--default contentpart--text\" data-position=\"7\">Wyr\u00f3\u017cnienie dla &#8222;Debiutantki Roku&#8221; zgarn\u0119\u0142a\u00a0<a href=\"https:\/\/sportowefakty.wp.pl\/tenis\/victoria-mboko\" rel=\"nofollow noopener\" target=\"_blank\">Victoria Mboko<\/a>. To nagroda dla tenisistki ni\u017cej notowanej, kt\u00f3re przebojem wdar\u0142a si\u0119 do Top 100. 19-letnia Kanadyjka dokona\u0142a tego, triumfuj\u0105c w Montrealu i Hongkongu. Kapitalne wyniki w cyklu ITF World Tennis Tour oraz WTA Tour pozwoli\u0142y jej awansowa\u0107 o ponad 300 miejsc. Aktualnie Mboko jest 18. rakiet\u0105 \u015bwiata.<\/p>\n","protected":false},"excerpt":{"rendered":"W poniedzia\u0142ek WTA og\u0142osi\u0142a laureatki cz\u0119\u015bci nagr\u00f3d za sezon 2025. Dziennikarze uznali, \u017ce najlepsz\u0105 tenisistk\u0105 ko\u0144cz\u0105cego si\u0119 roku&hellip;\n","protected":false},"author":2,"featured_media":152869,"comment_status":"","ping_status":"","sticky":false,"template":"","format":"standard","meta":{"footnotes":""},"categories":[24],"tags":[3879,517,6074,158,3876,42,38,40,39,41,127,126,3875,156,30676,157],"class_list":{"0":"post-152868","1":"post","2":"type-post","3":"status-publish","4":"format-standard","5":"has-post-thumbnail","7":"category-sport","8":"tag-amanda-anisimova","9":"tag-aryna-sabalenka","10":"tag-belinda-bencic","11":"tag-iga-swiatek","12":"tag-katerina-siniakova","13":"tag-pl","14":"tag-poland","15":"tag-polish","16":"tag-polska","17":"tag-polski","18":"tag-sport","19":"tag-sports","20":"tag-taylor-townsend","21":"tag-tenis","22":"tag-victoria-mboko","23":"tag-wta"},"share_on_mastodon":{"url":"https:\/\/pubeurope.com\/@pl\/115725718653853638","error":""},"_links":{"self":[{"href":"https:\/\/www.europesays.com\/pl\/wp-json\/wp\/v2\/posts\/152868","targetHints":{"allow":["GET"]}}],"collection":[{"href":"https:\/\/www.europesays.com\/pl\/wp-json\/wp\/v2\/posts"}],"about":[{"href":"https:\/\/www.europesays.com\/pl\/wp-json\/wp\/v2\/types\/post"}],"author":[{"embeddable":true,"href":"https:\/\/www.europesays.com\/pl\/wp-json\/wp\/v2\/users\/2"}],"replies":[{"embeddable":true,"href":"https:\/\/www.europesays.com\/pl\/wp-json\/wp\/v2\/comments?post=152868"}],"version-history":[{"count":0,"href":"https:\/\/www.europesays.com\/pl\/wp-json\/wp\/v2\/posts\/152868\/revisions"}],"wp:featuredmedia":[{"embeddable":true,"href":"https:\/\/www.europesays.com\/pl\/wp-json\/wp\/v2\/media\/152869"}],"wp:attachment":[{"href":"https:\/\/www.europesays.com\/pl\/wp-json\/wp\/v2\/media?parent=152868"}],"wp:term":[{"taxonomy":"category","embeddable":true,"href":"https:\/\/www.europesays.com\/pl\/wp-json\/wp\/v2\/categories?post=152868"},{"taxonomy":"post_tag","embeddable":true,"href":"https:\/\/www.europesays.com\/pl\/wp-json\/wp\/v2\/tags?post=152868"}],"curies":[{"name":"wp","href":"https:\/\/api.w.org\/{rel}","templated":true}]}}