{"id":152882,"date":"2025-12-15T21:37:11","date_gmt":"2025-12-15T21:37:11","guid":{"rendered":"https:\/\/www.europesays.com\/pl\/152882\/"},"modified":"2025-12-15T21:37:11","modified_gmt":"2025-12-15T21:37:11","slug":"puchar-krola-hansi-flick-nie-wykluczyl-wystepu-wojciecha-szczesnego-oraz-roberta-lewandowskiego-z-guadalajara-sport-tvp-pl","status":"publish","type":"post","link":"https:\/\/www.europesays.com\/pl\/152882\/","title":{"rendered":"Puchar Kr\u00f3la. Hansi Flick nie wykluczy\u0142 wyst\u0119pu Wojciecha Szcz\u0119snego oraz Roberta Lewandowskiego z Guadalajar\u0105 &#8211; sport.tvp.pl"},"content":{"rendered":"<ol>\n<li><a href=\"https:\/\/news.google.com\/rss\/articles\/CBMixgFBVV95cUxNdHM1UUlMUE1vbWhTUFFLNVhtWHE4bDYwWFJ2ZGFTbkxOUVlib2RVa1I1LWVZdGhBejllNnJuczVxWFRoeHZGdGRQUjhCRHM5aUdqZnViNC12R0NYNkhzQUpSclM5RzV2b1ZXWDdLemdFNjFXaDFEMURoX0JKaFVDZklPZ3JES1h4cGRUZHRxOTlJVml0bE9HU0RBQktuRmJWVmVhNVgyakt0TDd6WlF0UEJGVnNIR3FiQ192QXVQbzV1emZoYWfSAcsBQVVfeXFMUGNQeTlTRWhZUjBjb1ZnSW00eUwzZmZTSjVXRG5SSzRvUldxeDNjcXBTRlhlVmJ1VTBFQmhTbGRrWUpCV0d1LTkzZVgySlVCaFFPS2NCTkRfSDVxbUxCc0x2Rm9qb3JGUnNHa3dIZXptd1F2OWJfN1kyNFhUS0VFZUM5N29pVVAxeHBJR1lpcjRQcl9jSWQwdTVOM3k0NzEyWkt6bkh5U3hZV3dJcGF6UmRZd2tSNEFtZDBnQ3IyRXlTZmUyWHJybzkxUnc?oc=5\" target=\"_blank\" rel=\"nofollow noopener\">Puchar Kr\u00f3la. Hansi Flick nie wykluczy\u0142 wyst\u0119pu Wojciecha Szcz\u0119snego oraz Roberta Lewandowskiego z Guadalajar\u0105<\/a>&nbsp;&nbsp;sport.tvp.pl<\/li>\n<li><a href=\"https:\/\/news.google.com\/rss\/articles\/CBMiwAFBVV95cUxON1pISnFmVkV6MTdJY1NWamNKYTVsRzB4d3prN2duZjhnd3I2R1oyVi11eG5YN2JDa1dJYlBBVGdFb1pqOHRpd1dBLXlEX0RpUWJmOGt3bGVFb1ZCMUIwMUdFWUZqTDVncThubWZLcWI5aVpwT1d0bFpFQmNsQmd3Zkx3YXdydmVVdE5QQWI2aVFnVFRUdDBiYmhueklUTzB4N1FZS2dIM0xNLWdtZG5iUWxOTUxJYnhCb2RyV2h1Ulg?oc=5\" target=\"_blank\" rel=\"nofollow noopener\">Hansi Flick nawet si\u0119 nie kryje. Tak nazwa\u0142 Wojciecha Szcz\u0119snego<\/a>&nbsp;&nbsp;Przegl\u0105d Sportowy Onet<\/li>\n<li><a href=\"https:\/\/news.google.com\/rss\/articles\/CBMitgFBVV95cUxPWXBSU3VndHNKak45OGpmLUoxM0NFQnAtRU1GTm5sUU84WS1lRjc2QXJhOFVPNExsS09ES08wSTFDaWZsU2gtUFR0LXllbmJsLW9nOTdHcWpkdWt5YnpZT0FORlhlS2JkODVKamtIM0stb0pMd2pVV3ZYbFJtVXRLNGJSbDBKRnRYeVRVSXJKNS1wNGtBTWIxZDF4S05qdnhPMnp1cElwU3Z1UkUyTTNKTEIyUzBFQQ?oc=5\" target=\"_blank\" rel=\"nofollow noopener\">Media: kapitalne informacje ws. Szcz\u0119snego<\/a>&nbsp;&nbsp;SportoweFakty<\/li>\n<li><a href=\"https:\/\/news.google.com\/rss\/articles\/CBMiwAFBVV95cUxQT1k0REVRSlM5YWtpLUZaU0gyd1BESHdDcTRZNmhDNV9JT2NxLXpwSnRuRm1HUEJqcWRhX0hGSzVxSUhqblVIQTV2VW1VQkRLMUxxLXZ1ME5MMVFab0xtMTZNX0M3WmtIVFY2emZ5VmF6UjRsd2g2Q01WQlo5bVFkWThGSDVldlljSFk4dFVPeElOWlVONEktaDEzSTV4ZkR4MkkwY3FfZVRjbDdYeWxkWHo2T0VpeUdHYXF6N18tVHg?oc=5\" target=\"_blank\" rel=\"nofollow noopener\">Niemcy rozgrzani tematem Szcz\u0119snego i ter Stegena. &#8222;To niemo\u017cliwe&#8221;. Nie puszcz\u0105 tego p\u0142azem<\/a>&nbsp;&nbsp;Sport w INTERIA.PL<\/li>\n<li><a href=\"https:\/\/news.google.com\/rss\/articles\/CBMingJBVV95cUxPSlh0STNRY0ktMG9lY3FHZ2pCUUNNTWF6WmlfR3hVTzRLQUIyTXJsZTBLdVNNVUdXelc4NDhZczl3U3RsUVJXLTNmYWRVQ0VGeFBsNEZkQ3lHVnBxZ2ljY2NFX3dPWGlBOWpHWHB6ZDNyQXlnblVERjhuM2Y4dmcyN2t3NW5RMFZkcm5DVmFPLVJXTTBRWHFzMVI2LTFTRVpWbU9yM0ZxaVRfcXZFXzJJeDNhZUJwZTA1cm12WHEwcExIbWVCd3JsOVBISWUwbGxMMi1ESmpmOEIyZ2NoSWNESUFXOG1ZUU9OQU5CZ2lLVEkxaUdmbDV4cUs3Rm55VXU2RE1GUVctaVQ3RFJQQktLbUEwR1RJdXFtZXJyU3d3?oc=5\" target=\"_blank\" rel=\"nofollow noopener\">Polacy zn\u00f3w na murawie? Tajemniczy trener Barcelony<\/a>&nbsp;&nbsp;Eurosport Polska<\/li>\n<\/ol>\n","protected":false},"excerpt":{"rendered":"Puchar Kr\u00f3la. Hansi Flick nie wykluczy\u0142 wyst\u0119pu Wojciecha Szcz\u0119snego oraz Roberta Lewandowskiego z Guadalajar\u0105&nbsp;&nbsp;sport.tvp.pl Hansi Flick nawet si\u0119&hellip;\n","protected":false},"author":2,"featured_media":152883,"comment_status":"","ping_status":"","sticky":false,"template":"","format":"standard","meta":{"footnotes":""},"categories":[24],"tags":[272,267,5761,42,38,40,39,41,30677,273,127,334,126,1876],"class_list":{"0":"post-152882","1":"post","2":"type-post","3":"status-publish","4":"format-standard","5":"has-post-thumbnail","7":"category-sport","8":"tag-fc-barcelona","9":"tag-hiszpania","10":"tag-marc-andre-ter-stegen","11":"tag-pl","12":"tag-poland","13":"tag-polish","14":"tag-polska","15":"tag-polski","16":"tag-puchar-krla","17":"tag-robert-lewandowski","18":"tag-sport","19":"tag-sport-tvp-pl","20":"tag-sports","21":"tag-wojciech-szczesny"},"share_on_mastodon":{"url":"https:\/\/pubeurope.com\/@pl\/115725746094939070","error":""},"_links":{"self":[{"href":"https:\/\/www.europesays.com\/pl\/wp-json\/wp\/v2\/posts\/152882","targetHints":{"allow":["GET"]}}],"collection":[{"href":"https:\/\/www.europesays.com\/pl\/wp-json\/wp\/v2\/posts"}],"about":[{"href":"https:\/\/www.europesays.com\/pl\/wp-json\/wp\/v2\/types\/post"}],"author":[{"embeddable":true,"href":"https:\/\/www.europesays.com\/pl\/wp-json\/wp\/v2\/users\/2"}],"replies":[{"embeddable":true,"href":"https:\/\/www.europesays.com\/pl\/wp-json\/wp\/v2\/comments?post=152882"}],"version-history":[{"count":0,"href":"https:\/\/www.europesays.com\/pl\/wp-json\/wp\/v2\/posts\/152882\/revisions"}],"wp:featuredmedia":[{"embeddable":true,"href":"https:\/\/www.europesays.com\/pl\/wp-json\/wp\/v2\/media\/152883"}],"wp:attachment":[{"href":"https:\/\/www.europesays.com\/pl\/wp-json\/wp\/v2\/media?parent=152882"}],"wp:term":[{"taxonomy":"category","embeddable":true,"href":"https:\/\/www.europesays.com\/pl\/wp-json\/wp\/v2\/categories?post=152882"},{"taxonomy":"post_tag","embeddable":true,"href":"https:\/\/www.europesays.com\/pl\/wp-json\/wp\/v2\/tags?post=152882"}],"curies":[{"name":"wp","href":"https:\/\/api.w.org\/{rel}","templated":true}]}}