{"id":152884,"date":"2025-12-15T21:38:09","date_gmt":"2025-12-15T21:38:09","guid":{"rendered":"https:\/\/www.europesays.com\/pl\/152884\/"},"modified":"2025-12-15T21:38:09","modified_gmt":"2025-12-15T21:38:09","slug":"niepewne-swieta-macieja-peli-czekam-na-decyzje-ktore-nie-zaleza-ode-mnie","status":"publish","type":"post","link":"https:\/\/www.europesays.com\/pl\/152884\/","title":{"rendered":"Niepewne \u015bwi\u0119ta Macieja Peli. &#8222;Czekam na decyzje, kt\u00f3re nie zale\u017c\u0105 ode mnie&#8221;"},"content":{"rendered":"<p class=\"ods-c-paragraph \">W ostatnich tygodniach c\u00f3rki sp\u0119dza\u0142y czas z <a href=\"https:\/\/plejada.pl\/temat\/agnieszka-kaczorowska\/gllmqk9\" id=\"aa387b50-8c23-4e1d-8582-b31d8d96d527\" rel=\"nofollow noopener\" target=\"_blank\">Agnieszk\u0105 Kaczorowsk\u0105<\/a>. Na swoim profilu na Instagramie tancerka dzieli\u0142a si\u0119 zdj\u0119ciami z rodzinnych aktywno\u015bci, takich jak odwiedziny na \u015bwi\u0105tecznym jarmarku w Warszawie czy pieczenie pierniczk\u00f3w. Serwis Jastrz\u0105b Post poprosi\u0142 Macieja Pel\u0119 o komentarz, pytaj\u0105c, jak b\u0119d\u0105 wygl\u0105da\u0142y jego \u015bwi\u0119ta. W wywiadzie tancerz wyja\u015bni\u0142, \u017ce cho\u0107 kwestie \u015bwi\u0105teczne s\u0105 okre\u015blone przez obowi\u0105zuj\u0105c\u0105 ugod\u0119, jego sytuacja w tym roku b\u0119dzie wyj\u0105tkowo trudna i dynamiczna.<\/p>\n<p>Dalszy ci\u0105g artyku\u0142u pod materia\u0142em wideo<\/p>\n<p> Kiedy Maciej Pela i Agnieszka Kaczorowska si\u0119 rozwiedli? <\/p>\n<p> Jakie s\u0105 plany Macieja Peli na \u015bwi\u0119ta? <\/p>\n<p> Z kim sp\u0119dzaj\u0105 czas c\u00f3rki Macieja Peli? <\/p>\n<p> Co m\u00f3wi\u0142a Agnieszka Kaczorowska o \u015bwi\u0119tach dla dzieci? <\/p>\n<p>  Maciej Pela o sytuacji rodziny na \u015bwi\u0119ta   <\/p>\n<p class=\"ods-c-paragraph \">&#8222;Wiele rzeczy rozstrzyga si\u0119 dos\u0142ownie z dnia na dzie\u0144&#8221; \u2014 powiedzia\u0142 Pela, komentuj\u0105c \u015bwi\u0105teczne plany. <a href=\"https:\/\/plejada.pl\/temat\/maciej-pela\/nslrn2k\" id=\"a20257f7-1106-4bc2-9849-3b3191496039\" rel=\"nofollow noopener\" target=\"_blank\">Pela<\/a> zaznaczy\u0142, \u017ce sp\u0119dzi pewn\u0105 cz\u0119\u015b\u0107 \u015bwi\u0105t z c\u00f3rkami, ale dok\u0142adny plan pozostawa\u0142 niepewny.<\/p>\n<blockquote class=\"ods-o-quota\">\n<p class=\"ods-o-quota__paragraph\">Czekam na decyzje, kt\u00f3re nie zale\u017c\u0105 ode mnie, dlatego na ten moment nie jestem w stanie niczego przes\u0105dzi\u0107<\/p>\n<\/blockquote>\n<p class=\"ods-c-paragraph \">\u2014 m\u00f3wi\u0142 w wywiadzie.<\/p>\n<p><img decoding=\"async\" src=\"https:\/\/cdn.plejada.pl\/1\/1zwk9lBaHR0cHM6Ly9vY2RuLmV1L3B1bHNjbXMvTURBXy85MzM4NmIyMWRlNGQxNTAxZTE2NDdjNDNiMTNjYjliMy5qcGeRlQLNAhXNAyDCw94AAqEwB6ExBA\" height=\"529\" width=\"940\" alt=\"Maciej Pela i Agnieszka Kaczorowska (2023 r.)\" loading=\"lazy\" class=\"ods-c-image__img ods-c-image__img--vertical\"\/><\/p>\n<p>Maciej Pela i Agnieszka Kaczorowska (2023 r.)Andras Szilagyi \/ MW Media<\/p>\n<p class=\"ods-c-paragraph \">W zesz\u0142ym roku w rozmowie z &#8222;Faktem&#8221; Agnieszka Kaczorowska przyzna\u0142a, \u017ce stara si\u0119 zafundowa\u0107 swoim dzieciom \u015bwi\u0119ta marze\u0144, niezale\u017cnie od relacji z jej by\u0142ym m\u0119\u017cem.<\/p>\n<blockquote class=\"ods-o-quota\">\n<p class=\"ods-o-quota__paragraph\">Dziewczyny jednak s\u0105 najwa\u017cniejsze w moim \u017cyciu, tak by\u0142o i b\u0119dzie. Zrobi\u0119 wszystko, by by\u0142y szcz\u0119\u015bliwe i czu\u0142y si\u0119 kochane. Wi\u0119c zale\u017cy mi na tym, by czu\u0142y magi\u0119 \u015bwi\u0105t jak zawsze<\/p>\n<\/blockquote>\n<p class=\"ods-c-paragraph \">\u2014 wyzna\u0142a.<\/p>\n<p><img decoding=\"async\" src=\"https:\/\/cdn.plejada.pl\/1\/J2Vk9lBaHR0cHM6Ly9vY2RuLmV1L3B1bHNjbXMvTURBXy81OGQzNmFlYTlhNDE1YjAwYjc2ODdkNDdkZTA3ZjE1OC5qcGeRlQLNAhXNAyDCw94AAqEwB6ExBA\" height=\"529\" width=\"940\" alt=\"Agnieszka Kaczorowska i Marcin Rogacewicz\" loading=\"lazy\" class=\"ods-c-image__img ods-c-image__img--vertical\"\/><\/p>\n<p>Agnieszka Kaczorowska i Marcin RogacewiczAndras Szilagyi \/ MW Media<\/p>\n<p class=\"ods-c-paragraph \">Dzi\u0119kujemy, \u017ce przeczyta\u0142a\u015b\/e\u015b nasz artyku\u0142 do ko\u0144ca. W serwisie Plejada.pl ka\u017cdego dnia piszemy o najwa\u017cniejszych wydarzeniach show-biznesowych. B\u0105d\u017a na bie\u017c\u0105co! <a rel=\"nofollow noopener\" href=\"https:\/\/profile.google.com\/cp\/Cg0vZy8xMWJ6X19wdHBx\" id=\"a6c7bfb0-4263-4d23-a77e-79779246a170\" target=\"_blank\">Obserwuj<\/a> Plejad\u0119 w Google. Odwied\u017a nas tak\u017ce na <a rel=\"nofollow noopener\" href=\"https:\/\/www.facebook.com\/plejadapl\" id=\"72de3416-3ddc-46c1-a185-5216e10efd9b\" target=\"_blank\">Facebooku<\/a>, <a rel=\"nofollow noopener\" href=\"https:\/\/www.instagram.com\/plejadapl\/\" id=\"efb794bd-1966-4c7d-9596-b175706f0326\" target=\"_blank\">Instagramie<\/a>, <a rel=\"nofollow noopener\" href=\"https:\/\/www.youtube.com\/c\/plejada\" id=\"dbf1262d-d4b9-449e-af8f-b2357c1bd6d9\" target=\"_blank\">YouTubie<\/a> oraz <a rel=\"nofollow noopener\" href=\"https:\/\/www.tiktok.com\/@plejada_pl\" id=\"2088d5b0-f463-4605-88ab-a43a97c9883a\" target=\"_blank\">TikToku<\/a>.<\/p>\n<p class=\"ods-c-paragraph \">Chcesz podzieli\u0107 si\u0119 ciekawym newsem lub zaproponowa\u0107 temat? Skontaktuj si\u0119 z nami, pisz\u0105c maila na adres: <a rel=\"nofollow noopener\" href=\"https:\/\/plejada.pl\/newsy\/niepewne-swieta-macieja-peli-czekam-na-decyzje-ktore-nie-zaleza-ode-mnie\/mailto:plejada@redakcjaonet.pl\" id=\"ac9180cc-2a70-47e7-8bc6-266c0207c877\" target=\"_blank\">plejada@redakcjaon<\/a><a href=\"https:\/\/et.pl\" id=\"81d1886b-6705-4605-8c97-acd4e4e745bb\" rel=\"nofollow noopener\" target=\"_blank\">et.pl<\/a>.<\/p>\n<p><script async src=\"\/\/www.instagram.com\/embed.js\"><\/script><script async src=\"\/\/www.tiktok.com\/embed.js\"><\/script><\/p>\n","protected":false},"excerpt":{"rendered":"W ostatnich tygodniach c\u00f3rki sp\u0119dza\u0142y czas z Agnieszk\u0105 Kaczorowsk\u0105. Na swoim profilu na Instagramie tancerka dzieli\u0142a si\u0119 zdj\u0119ciami&hellip;\n","protected":false},"author":2,"featured_media":152885,"comment_status":"","ping_status":"","sticky":false,"template":"","format":"standard","meta":{"footnotes":""},"categories":[22],"tags":[172,122,2156,48,125,46,42,38,40,39,41,25199,123,47],"class_list":{"0":"post-152884","1":"post","2":"type-post","3":"status-publish","4":"format-standard","5":"has-post-thumbnail","7":"category-rozrywka","8":"tag-agnieszka_kaczorowska","9":"tag-entertainment","10":"tag-maciej_pela","11":"tag-nat_styl","12":"tag-newsy","13":"tag-omp","14":"tag-pl","15":"tag-poland","16":"tag-polish","17":"tag-polska","18":"tag-polski","19":"tag-rebrand_ai_tst1","20":"tag-rozrywka","21":"tag-screening_general"},"share_on_mastodon":{"url":"https:\/\/pubeurope.com\/@pl\/115725750330467221","error":""},"_links":{"self":[{"href":"https:\/\/www.europesays.com\/pl\/wp-json\/wp\/v2\/posts\/152884","targetHints":{"allow":["GET"]}}],"collection":[{"href":"https:\/\/www.europesays.com\/pl\/wp-json\/wp\/v2\/posts"}],"about":[{"href":"https:\/\/www.europesays.com\/pl\/wp-json\/wp\/v2\/types\/post"}],"author":[{"embeddable":true,"href":"https:\/\/www.europesays.com\/pl\/wp-json\/wp\/v2\/users\/2"}],"replies":[{"embeddable":true,"href":"https:\/\/www.europesays.com\/pl\/wp-json\/wp\/v2\/comments?post=152884"}],"version-history":[{"count":0,"href":"https:\/\/www.europesays.com\/pl\/wp-json\/wp\/v2\/posts\/152884\/revisions"}],"wp:featuredmedia":[{"embeddable":true,"href":"https:\/\/www.europesays.com\/pl\/wp-json\/wp\/v2\/media\/152885"}],"wp:attachment":[{"href":"https:\/\/www.europesays.com\/pl\/wp-json\/wp\/v2\/media?parent=152884"}],"wp:term":[{"taxonomy":"category","embeddable":true,"href":"https:\/\/www.europesays.com\/pl\/wp-json\/wp\/v2\/categories?post=152884"},{"taxonomy":"post_tag","embeddable":true,"href":"https:\/\/www.europesays.com\/pl\/wp-json\/wp\/v2\/tags?post=152884"}],"curies":[{"name":"wp","href":"https:\/\/api.w.org\/{rel}","templated":true}]}}