{"id":152919,"date":"2025-12-15T21:56:07","date_gmt":"2025-12-15T21:56:07","guid":{"rendered":"https:\/\/www.europesays.com\/pl\/152919\/"},"modified":"2025-12-15T21:56:07","modified_gmt":"2025-12-15T21:56:07","slug":"karol-nawrocki-dal-zielone-swiatlo-ustawa-gornicza-wejdzie-w-zycie","status":"publish","type":"post","link":"https:\/\/www.europesays.com\/pl\/152919\/","title":{"rendered":"Karol Nawrocki da\u0142 zielone \u015bwiat\u0142o. Ustawa g\u00f3rnicza wejdzie w \u017cycie"},"content":{"rendered":"<p class=\"art_paragraph\">Prezydent Karol Nawrocki podpisa\u0142\u00a0nowelizacj\u0119 tzw. ustawy g\u00f3rniczej, kt\u00f3ra\u00a0wprowadza szerokie os\u0142ony dla odchodz\u0105cych z pracy pracownik\u00f3w przedsi\u0119biorstw g\u00f3rniczych. &#8222;To bardzo wa\u017cne nie tylko dla \u015al\u0105ska, ale r\u00f3wnie\u017c dla funkcjonowania strategicznego sektora gospodarki, jakim jest g\u00f3rnictwo. Ustawa nie jest idealna, mamy tego \u015bwiadomo\u015b\u0107&#8221; &#8211; poinformowa\u0142 w mediach spo\u0142eczno\u015bciowych\u00a0prezydencki minister Karol Rabenda. <a href=\"https:\/\/next.gazeta.pl\/next\/0,0.html#anchorLink\" rel=\"nofollow noopener\" target=\"_blank\">Nowe<\/a> przepisy maj\u0105 u\u0142atwi\u0107 stopniowe wygaszanie dzia\u0142alno\u015bci kopal\u0144 wydobywaj\u0105cych w\u0119giel kamienny inny ni\u017c koksowy.\u00a0<\/p>\n<p> G\u00f3rnicy dostan\u0105 ogromne wsparcie. Jest zielone \u015bwiat\u0142o<\/p>\n<p class=\"art_paragraph\">Pomimo podpisu Karol Nawrocki ma\u00a0wyst\u0105pi\u0107 z inicjatyw\u0105 zmiany tej ustawy, by obj\u0119\u0142a wszystkich g\u00f3rnik\u00f3w. Zdecydowa\u0142 o tym po rozmowach ze zwi\u0105zkami. &#8222;Nie mo\u017cna doprowadzi\u0107 do sytuacji, gdzie pracownicy jednej bran\u017cy b\u0119d\u0105 r\u00f3\u017cnie traktowani w Polsce&#8221; &#8211; podkre\u015bla\u0142 prezydencki minister. Nowelizacja przewiduje bowiem, \u017ce z program\u00f3w os\u0142onowych b\u0119d\u0105 mogli skorzysta\u0107 wy\u0142\u0105cznie pracownicy: Polskiej Grupy G\u00f3rniczej, Po\u0142udniowego Koncernu W\u0119glowego i W\u0119glokoksu Kraj, Jastrz\u0119bskiej Sp\u00f3\u0142ki W\u0119glowej i Bogdanki.<\/p>\n<p class=\"art_paragraph\">Ustawa gwarantuje wysokie odprawy\u00a0pracownikom wspomnianych przedsi\u0119biorstw &#8211; zar\u00f3wno w kopalniach, jak i strukturach centrali. G\u00f3rnikom, kt\u00f3rzy przepracowali co najmniej trzy lata w zawodzie, zapewnia zwolnion\u0105 z podatku\u00a0odpraw\u0119 w wysoko\u015bci 170 tys. z\u0142.\u00a0Pracownikom, kt\u00f3rym do <a href=\"https:\/\/next.gazeta.pl\/emerytura#anchorLink\" rel=\"nofollow noopener\" target=\"_blank\">emerytury<\/a> pozosta\u0142o pi\u0119\u0107 lat, przys\u0142uguj\u0105 tzw. urlopy g\u00f3rnicze &#8211; nie b\u0119d\u0105 oni \u015bwiadczy\u0107 pracy, zachowuj\u0105c 80 proc. dotychczasowego wynagrodzenia.\u00a0Te programy os\u0142onowe zaczn\u0105 dzia\u0142a\u0107 ju\u017c w przysz\u0142ym roku. Ustawa wchodzi bowiem w \u017cycie 1 stycznia 2026 r.\u00a0<\/p>\n<p>\n    Zobacz wideo Transformacja energetyczna musi przej\u015b\u0107 bezpiecznie tak\u017ce dla ludzi\n  <\/p>\n<p> Polska powoli odchodzi od w\u0119gla. Kluczowa data coraz bli\u017cej<\/p>\n<p class=\"art_paragraph\">&#8211;\u00a0Nowelizacja umo\u017cliwia realizacj\u0119 za\u0142o\u017ce\u0144 Umowy Spo\u0142ecznej i dotrzymanie zobowi\u0105za\u0144 wobec pracownik\u00f3w sektora oraz region\u00f3w g\u00f3rniczych. Proces jest prowadzony w spos\u00f3b przemy\u015blany i stopniowy. Tak, aby zachowa\u0107 stabilno\u015b\u0107 sp\u00f3\u0142ek i bezpiecze\u0144stwo energetyczne pa\u0144stwa &#8211; przekaza\u0142 minister energii Mi\u0142osz Motyka. W wydanym przez resort komunikacie zapewniono te\u017c, \u017ce &#8222;nowe regulacje umo\u017cliwiaj\u0105 kontrolowane i roz\u0142o\u017cone w czasie odchodzenie od wydobycia <a href=\"https:\/\/next.gazeta.pl\/w-giel#anchorLink\" rel=\"nofollow noopener\" target=\"_blank\">w\u0119gla<\/a> energetycznego z poszanowaniem potrzeb spo\u0142ecznych, praw pracowniczych i specyfiki region\u00f3w g\u00f3rniczych&#8221;.\u00a0<\/p>\n<p class=\"art_paragraph\">Obecny harmonogram transformacji sektora zak\u0142ada, \u017ce\u00a0w perspektywie 10 lat planowane jest zako\u0144czenie dzia\u0142alno\u015bci pi\u0119ciu kopal\u0144. Ca\u0142kowite odej\u015bcie od wydobycia w\u0119gla energetycznego przewidziano do 2049 roku. Podpisana przez Karola Nawrockiego ustawa zak\u0142ada te\u017c przekazywanie mienia zwi\u0105zanego z wygaszanymi zak\u0142adami m.in. jednostkom samorz\u0105du jako darowizny. <a href=\"https:\/\/next.gazeta.pl\/next\/0,151003.html#anchorLink\" rel=\"nofollow noopener\" target=\"_blank\">Koszt<\/a> likwidacji kopal\u0144 w\u0119gla kamiennego w ci\u0105gu najbli\u017cszych 10 lat ma wynie\u015b\u0107 11,275 mld z\u0142.\u00a0<\/p>\n<p class=\"art_paragraph\">Przeczytaj te\u017c: <a href=\"https:\/\/next.gazeta.pl\/next\/7,151003,32472353,prezydent-karol-nawrocki-tlumaczy-sie-z-wet-czasami-lapie.html\" class=\"art_link\" rel=\"dofollow noopener\" target=\"_blank\">Prezydent Karol Nawrocki t\u0142umaczy si\u0119 z wet. &#8222;Czasami \u0142api\u0119 si\u0119 za g\u0142ow\u0119&#8221;<\/a>.<\/p>\n","protected":false},"excerpt":{"rendered":"Prezydent Karol Nawrocki podpisa\u0142\u00a0nowelizacj\u0119 tzw. ustawy g\u00f3rniczej, kt\u00f3ra\u00a0wprowadza szerokie os\u0142ony dla odchodz\u0105cych z pracy pracownik\u00f3w przedsi\u0119biorstw g\u00f3rniczych. &#8222;To&hellip;\n","protected":false},"author":2,"featured_media":152920,"comment_status":"","ping_status":"","sticky":false,"template":"","format":"standard","meta":{"footnotes":""},"categories":[12],"tags":[32,33,36,37,27,34,35,28,31,25,42,38,40,39,41,29,30,26],"class_list":{"0":"post-152919","1":"post","2":"type-post","3":"status-publish","4":"format-standard","5":"has-post-thumbnail","7":"category-polska","8":"tag-breaking-news","9":"tag-breakingnews","10":"tag-featured-news","11":"tag-featurednews","12":"tag-headlines","13":"tag-latest-news","14":"tag-latestnews","15":"tag-naglowki","16":"tag-najwazniejsze-artykuly","17":"tag-news","18":"tag-pl","19":"tag-poland","20":"tag-polish","21":"tag-polska","22":"tag-polski","23":"tag-top-stories","24":"tag-topstories","25":"tag-wiadomosci"},"share_on_mastodon":{"url":"https:\/\/pubeurope.com\/@pl\/115725820509549481","error":""},"_links":{"self":[{"href":"https:\/\/www.europesays.com\/pl\/wp-json\/wp\/v2\/posts\/152919","targetHints":{"allow":["GET"]}}],"collection":[{"href":"https:\/\/www.europesays.com\/pl\/wp-json\/wp\/v2\/posts"}],"about":[{"href":"https:\/\/www.europesays.com\/pl\/wp-json\/wp\/v2\/types\/post"}],"author":[{"embeddable":true,"href":"https:\/\/www.europesays.com\/pl\/wp-json\/wp\/v2\/users\/2"}],"replies":[{"embeddable":true,"href":"https:\/\/www.europesays.com\/pl\/wp-json\/wp\/v2\/comments?post=152919"}],"version-history":[{"count":0,"href":"https:\/\/www.europesays.com\/pl\/wp-json\/wp\/v2\/posts\/152919\/revisions"}],"wp:featuredmedia":[{"embeddable":true,"href":"https:\/\/www.europesays.com\/pl\/wp-json\/wp\/v2\/media\/152920"}],"wp:attachment":[{"href":"https:\/\/www.europesays.com\/pl\/wp-json\/wp\/v2\/media?parent=152919"}],"wp:term":[{"taxonomy":"category","embeddable":true,"href":"https:\/\/www.europesays.com\/pl\/wp-json\/wp\/v2\/categories?post=152919"},{"taxonomy":"post_tag","embeddable":true,"href":"https:\/\/www.europesays.com\/pl\/wp-json\/wp\/v2\/tags?post=152919"}],"curies":[{"name":"wp","href":"https:\/\/api.w.org\/{rel}","templated":true}]}}