{"id":15292,"date":"2025-09-25T12:45:09","date_gmt":"2025-09-25T12:45:09","guid":{"rendered":"https:\/\/www.europesays.com\/pl\/15292\/"},"modified":"2025-09-25T12:45:09","modified_gmt":"2025-09-25T12:45:09","slug":"kultowy-casio-moze-byc-smartwatchem-wystarczy-prosta-modyfikacja","status":"publish","type":"post","link":"https:\/\/www.europesays.com\/pl\/15292\/","title":{"rendered":"Kultowy Casio mo\u017ce by\u0107 smartwatchem. Wystarczy prosta modyfikacja"},"content":{"rendered":"<p>Sw\u00f3j sukces zawdzi\u0119cza temu, \u017ce jest to po prostu \u015bwietny i funkcjonalny zegarek elektroniczny o d\u0142ugim, bo a\u017c 7-letnim czasie pracy, bogatej gamie funkcji. Dodatkowo wygl\u0105da po prostu dobrze i pasuje jednakowo do koszuli hawajskiej, jak i do garnituru. Firma Ollee Watch postanowi\u0142a go jednak nieco ulepszy\u0107, dodaj\u0105c do niego szereg funkcji typowych dla smartwatchy.<\/p>\n<p>    Dalsza cz\u0119\u015b\u0107 tekstu pod wideo<\/p>\n<p>\n                                Casio F-91W Ollee Watch\n            <\/p>\n<p>W jaki spos\u00f3b? To bardzo proste: poprzez wymian\u0119 p\u0142yty g\u0142\u00f3wnej urz\u0105dzenia na t\u0119 od Olle. I chocia\u017c brzmi to jak powa\u017cne wyzwanie, to tak naprawd\u0119 proces ten jest niewiele trudniejszy, ni\u017c zwyk\u0142a wymiana baterii w zegarku. Nie wymaga te\u017c bardziej zaawansowanych narz\u0119dzi, ni\u017c zestaw wkr\u0119tak\u00f3w do otwarcia koperty zegarka, co mo\u017cecie zobaczy\u0107 na tym filmie instrukta\u017cowym.<\/p>\n<p>        <img loading=\"lazy\" decoding=\"async\" src=\"https:\/\/www.europesays.com\/pl\/wp-content\/uploads\/2025\/09\/1758755058_308_B32963402.414688363;dc_trk_aid=607216972;dc_trk_cid=228291445;ord=[timestamp];dc_lat=;dc_rdid=;tag_f.gif\" attributionsrc=\"\" border=\"0\" height=\"1\" width=\"1\" alt=\"Advertisement\"\/><\/p>\n<p>Sama p\u0142yta g\u0142\u00f3wna jest oparta na mikrokontrolerze korzystaj\u0105cym z rdzenia Cortex M4\/M0+ i korzysta z Bluetooth LE i modu\u0142u NFC NTAG213. Pozwala ona na mierzenie krok\u00f3w i sygnalizowaniu powiadomie\u0144. Oferuje tak\u017ce pod\u015bwietlenie RGB i tryb latarki, kt\u00f3ry jednak zu\u017cywa du\u017co pr\u0105du, wi\u0119c lepiej u\u017cywa\u0107 go tylko w sytuacjach awaryjnych. Sama bateria ma wytrzyma\u0107 oko\u0142o 10 miesi\u0119cy normalnej pracy, lub 3 lata w trybie oszcz\u0119dnym bez mierzenia krok\u00f3w.\u00a0<\/p>\n<p>Warto tu pami\u0119ta\u0107, \u017ce zegarek wci\u0105\u017c korzysta z segmentowego ekranu, wi\u0119c jego mo\u017cliwo\u015bci do wy\u015bwietlania tre\u015bci s\u0105 do\u015b\u0107 umowne. Firma chwali si\u0119 tak\u017ce pulsometrem, ten jednak polega na mierzeniu pulsu samemu przy pomocy stopera. Zestaw do modyfikacji zegarka mo\u017cna kupi\u0107 na stronie producenta za 54,99 USD, czyli za oko\u0142o 190 z\u0142 + VAT.\u00a0<\/p>\n","protected":false},"excerpt":{"rendered":"Sw\u00f3j sukces zawdzi\u0119cza temu, \u017ce jest to po prostu \u015bwietny i funkcjonalny zegarek elektroniczny o d\u0142ugim, bo a\u017c&hellip;\n","protected":false},"author":2,"featured_media":15293,"comment_status":"","ping_status":"","sticky":false,"template":"","format":"standard","meta":{"footnotes":""},"categories":[20],"tags":[5539,120,118,119,5541,42,38,40,39,41,116,114,115,5540,121,117],"class_list":{"0":"post-15292","1":"post","2":"type-post","3":"status-publish","4":"format-standard","5":"has-post-thumbnail","7":"category-nauka-i-technika","8":"tag-casio","9":"tag-nauka","10":"tag-nauka-i-technika","11":"tag-naukatechnika","12":"tag-ollee-watch","13":"tag-pl","14":"tag-poland","15":"tag-polish","16":"tag-polska","17":"tag-polski","18":"tag-science","19":"tag-science-and-technology","20":"tag-sciencetechnology","21":"tag-smartwatche","22":"tag-technika","23":"tag-technology"},"share_on_mastodon":{"url":"","error":""},"_links":{"self":[{"href":"https:\/\/www.europesays.com\/pl\/wp-json\/wp\/v2\/posts\/15292","targetHints":{"allow":["GET"]}}],"collection":[{"href":"https:\/\/www.europesays.com\/pl\/wp-json\/wp\/v2\/posts"}],"about":[{"href":"https:\/\/www.europesays.com\/pl\/wp-json\/wp\/v2\/types\/post"}],"author":[{"embeddable":true,"href":"https:\/\/www.europesays.com\/pl\/wp-json\/wp\/v2\/users\/2"}],"replies":[{"embeddable":true,"href":"https:\/\/www.europesays.com\/pl\/wp-json\/wp\/v2\/comments?post=15292"}],"version-history":[{"count":0,"href":"https:\/\/www.europesays.com\/pl\/wp-json\/wp\/v2\/posts\/15292\/revisions"}],"wp:featuredmedia":[{"embeddable":true,"href":"https:\/\/www.europesays.com\/pl\/wp-json\/wp\/v2\/media\/15293"}],"wp:attachment":[{"href":"https:\/\/www.europesays.com\/pl\/wp-json\/wp\/v2\/media?parent=15292"}],"wp:term":[{"taxonomy":"category","embeddable":true,"href":"https:\/\/www.europesays.com\/pl\/wp-json\/wp\/v2\/categories?post=15292"},{"taxonomy":"post_tag","embeddable":true,"href":"https:\/\/www.europesays.com\/pl\/wp-json\/wp\/v2\/tags?post=15292"}],"curies":[{"name":"wp","href":"https:\/\/api.w.org\/{rel}","templated":true}]}}