{"id":152923,"date":"2025-12-15T21:58:08","date_gmt":"2025-12-15T21:58:08","guid":{"rendered":"https:\/\/www.europesays.com\/pl\/152923\/"},"modified":"2025-12-15T21:58:08","modified_gmt":"2025-12-15T21:58:08","slug":"odwazna-deklaracja-winiarskiego-przed-kms-cel-jest-jeden","status":"publish","type":"post","link":"https:\/\/www.europesays.com\/pl\/152923\/","title":{"rendered":"Odwa\u017cna deklaracja Winiarskiego przed KM\u015a. Cel jest jeden"},"content":{"rendered":"<p>Klubowe Mistrzostwa \u015awiata odbywaj\u0105 si\u0119 w brazylijskim Belem. Turniej potrwa od 16 do 21 grudnia. Jednym z o\u015bmiu uczestnik\u00f3w jest Aluron CMC Warta Zawiercie.<\/p>\n<p>\u00a0<\/p>\n<p>ZOBACZ TAK\u017bE: <a href=\"https:\/\/www.polsatsport.pl\/wiadomosc\/2025-12-15\/popiwczak-polecial-do-brazylii-i-postawil-sprawe-jasno-nawet-sie-nie-zawahal\/\" target=\"_blank\" rel=\"noopener noreferrer nofollow\">Popiwczak polecia\u0142 do Brazylii i postawi\u0142 spraw\u0119 jasno. Nawet si\u0119 nie zawaha\u0142<\/a><\/p>\n<p>\u00a0<\/p>\n<p>Wicemistrzowie Polski oraz druga dru\u017cyna zesz\u0142ego sezonu Ligi Mistrz\u00f3w ma ambitne cele. W wywiadzie z Adrianem Brzozowskim z Polsatu Sport trener Micha\u0142 Winiarski zapowiedzia\u0142, \u017ce celem jego dru\u017cyny jest ko\u0144cowy triumf. Podkre\u015bli\u0142 jednak, \u017ce nie b\u0119dzie o niego \u0142atwo.\u00a0<\/p>\n<p>\u00a0<\/p>\n<p>&#8211; Bardzo chcieliby\u015bmy tutaj namiesza\u0107. Chcieliby\u015bmy zdoby\u0107 tytu\u0142. Zdajemy sobie spraw\u0119, \u017ce b\u0119dzie to trudne, \u017ce wszystko, co si\u0119 dzieje dooko\u0142a, nie jest \u0142atwe, szczeg\u00f3lnie dla zespo\u0142\u00f3w z Europy. Nam przy\u015bwieca jeden cel &#8211; wyjawi\u0142 szkoleniowiec.<\/p>\n<p>\u00a0<\/p>\n<p>Sporym utrudnieniem dla &#8222;Jurajskich Rycerzy&#8221; mo\u017ce by\u0107 panuj\u0105ca w Brazylii aura. Wysoka temperatura, wilgotno\u015b\u0107 powietrza oraz jet lag czasami stanowi\u0105 zapor\u0119 nie do przej\u015bcia. Winiarski doskonale o tym wie.<\/p>\n<p>\u00a0<\/p>\n<p>&#8211; To nie jest tak, \u017ce wyjdziemy i mamy zwyci\u0119stwo w kieszeni. W wielkich turniejach to, co jest dooko\u0142a, jest najwi\u0119kszym problemem. Trenowanie, zmiana czasu, klimat w pewnym sensie b\u0119d\u0105 naszymi najwi\u0119kszymi wrogami. Licz\u0119, \u017ce ten pierwszy mecz, mimo \u017ce b\u0119dzie trudny, b\u0119dzie tez zwyci\u0119ski &#8211; doda\u0142.\u00a0<\/p>\n<p>\u00a0<\/p>\n<p>Zawiercianie najpierw rozegraj\u0105 faz\u0119 grupow\u0105. Ich pierwszym rywalem b\u0119dzie Volei Renata z Brazylii. To spotkanie rozpocznie si\u0119 w \u015brod\u0119 o godzinie 00:20. P\u00f3\u017aniej zmierz\u0105 si\u0119 jeszcze w grupie z Al-Rayyan Sports Club i Praia Clube.<\/p>\n<p>2025-12-17: Volei Renata \u2013 Aluron CMC Warta Zawiercie (\u015broda, godzina 0.20; transmisja \u2013 Polsat Sport 1)<\/p>\n<p>2025-12-17: Al-Rayyan Sports Club \u2013 Aluron CMC Warta Zawiercie (\u015broda, godzina 20.50; transmisja \u2013 Polsat Sport 1)<\/p>\n<p>2025-12-18: Praia Clube \u2013 Aluron CMC Warta Zawiercie (czwartek, godzina 20.50; transmisja \u2013 Polsat Sport 2)<\/p>\n<p>KP, Polsat Sport<\/p>\n<p><a class=\"news__read-more-button\" href=\"https:\/\/www.polsatsport.pl\/\" rel=\"nofollow noopener\" target=\"_blank\">Przejd\u017a na Polsatsport.pl<\/a><\/p>\n","protected":false},"excerpt":{"rendered":"Klubowe Mistrzostwa \u015awiata odbywaj\u0105 si\u0119 w brazylijskim Belem. Turniej potrwa od 16 do 21 grudnia. Jednym z o\u015bmiu&hellip;\n","protected":false},"author":2,"featured_media":152924,"comment_status":"","ping_status":"","sticky":false,"template":"","format":"standard","meta":{"footnotes":""},"categories":[24],"tags":[42,38,40,39,41,127,126],"class_list":{"0":"post-152923","1":"post","2":"type-post","3":"status-publish","4":"format-standard","5":"has-post-thumbnail","7":"category-sport","8":"tag-pl","9":"tag-poland","10":"tag-polish","11":"tag-polska","12":"tag-polski","13":"tag-sport","14":"tag-sports"},"share_on_mastodon":{"url":"https:\/\/pubeurope.com\/@pl\/115725828472313582","error":""},"_links":{"self":[{"href":"https:\/\/www.europesays.com\/pl\/wp-json\/wp\/v2\/posts\/152923","targetHints":{"allow":["GET"]}}],"collection":[{"href":"https:\/\/www.europesays.com\/pl\/wp-json\/wp\/v2\/posts"}],"about":[{"href":"https:\/\/www.europesays.com\/pl\/wp-json\/wp\/v2\/types\/post"}],"author":[{"embeddable":true,"href":"https:\/\/www.europesays.com\/pl\/wp-json\/wp\/v2\/users\/2"}],"replies":[{"embeddable":true,"href":"https:\/\/www.europesays.com\/pl\/wp-json\/wp\/v2\/comments?post=152923"}],"version-history":[{"count":0,"href":"https:\/\/www.europesays.com\/pl\/wp-json\/wp\/v2\/posts\/152923\/revisions"}],"wp:featuredmedia":[{"embeddable":true,"href":"https:\/\/www.europesays.com\/pl\/wp-json\/wp\/v2\/media\/152924"}],"wp:attachment":[{"href":"https:\/\/www.europesays.com\/pl\/wp-json\/wp\/v2\/media?parent=152923"}],"wp:term":[{"taxonomy":"category","embeddable":true,"href":"https:\/\/www.europesays.com\/pl\/wp-json\/wp\/v2\/categories?post=152923"},{"taxonomy":"post_tag","embeddable":true,"href":"https:\/\/www.europesays.com\/pl\/wp-json\/wp\/v2\/tags?post=152923"}],"curies":[{"name":"wp","href":"https:\/\/api.w.org\/{rel}","templated":true}]}}