{"id":152925,"date":"2025-12-15T21:59:09","date_gmt":"2025-12-15T21:59:09","guid":{"rendered":"https:\/\/www.europesays.com\/pl\/152925\/"},"modified":"2025-12-15T21:59:09","modified_gmt":"2025-12-15T21:59:09","slug":"bob-odenkirk-znow-kopie-tylki-zwiastun-akcyjniaka-normal-z-gwiazda-serii-nikt","status":"publish","type":"post","link":"https:\/\/www.europesays.com\/pl\/152925\/","title":{"rendered":"Bob Odenkirk zn\u00f3w kopie ty\u0142ki. Zwiastun akcyjniaka Normal z gwiazd\u0105 serii Nikt"},"content":{"rendered":"<p>                    <img loading=\"lazy\" decoding=\"async\" width=\"800\" height=\"450\" alt=\"Normal\" src=\"https:\/\/cdn1.naekranie.pl\/media%2Fcache%2Farticle-cover%2F2025%2F12%2Fnormal_69402fedb03cb.webp\" class=\"cover-fit img-fluid exclude-from-sen-gallery\" style=\"aspect-ratio: 1.7777777777778\" onerror=\"this.onerror=null;this.src=\" https:=\"\"\/><\/p>\n<p>                            fot. materia\u0142y prasowe<\/p>\n<p>Do sieci trafi\u0142 pierwszy zwiastun filmu akcji Normal, w kt\u00f3rym Bob Odenkirk gra szeryfa w ma\u0142ym, spokojnym miasteczku, kt\u00f3re staje si\u0119 centrum wielkiego konfliktu z przest\u0119pcz\u0105 organizacj\u0105. \u015awiatowa premiera akcyjniaka odby\u0142a si\u0119 we wrze\u015bniu 2025 roku podczas festiwalu filmowego w Toronto, gdzie produkcja zebra\u0142a dobre recenzje &#8211; 83% krytyk\u00f3w filmowych wystawi\u0142o jej pozytywn\u0105 ocen\u0119.<\/p>\n<p>Normal &#8211; zwiastun<\/p>\n<p>Autorem scenariusza jest Derek Kolstad, kt\u00f3ry pracowa\u0142 przy pierwszych trzech cz\u0119\u015bciach serii John Wick oraz obu ods\u0142onach cyklu Nikt. Ma wi\u0119c du\u017ce do\u015bwiadczenie w kinie akcji. Re\u017cyserem filmu jest Ben Wheatley (Meg 2).<\/p>\n<p>Normal &#8211; opis fabu\u0142y<\/p>\n<p>Dla szeryfa Ulyssesa (Bob Odenkirk) tymczasowy przydzia\u0142 do ma\u0142ego i cichego miasteczka Normal mia\u0142 by\u0107 spokojn\u0105 prac\u0105 po serii wyzwa\u0144 i kontuzji odniesionych na s\u0142u\u017cbie. Kiedy jednak napad na bank idzie nie pomy\u015blnie, przypadkiem na jaw wychodzi pewna tajemnica, kt\u00f3ra sprawia, \u017ce Ulysses odkrywa, i\u017c to miasteczko wcale nie jest normalne. Nagle wszyscy chc\u0105 zabi\u0107 szeryfa &#8211; nawet jego zast\u0119pcy &#8211; wi\u0119c bohater musi polega\u0107 na swoich umiej\u0119tno\u015bciach, aby przetrwa\u0107 noc przed przybyciem Yakuzy.<\/p>\n<p><a rel=\"nofollow noopener\" href=\"https:\/\/naekranie.pl\/filmy\/normal-5\" title=\"Normal\" data-pl-title=\"Normal\" data-en-title=\"Normal\" class=\"swap-title\" data-pl- data-en- target=\"_blank\">Normal<\/a> \u2013 premiera w ameryka\u0144skich kinach 17 kwietnia 2026 roku. Data premiery w Polsce nie jest jeszcze znana.<\/p>\n","protected":false},"excerpt":{"rendered":"fot. materia\u0142y prasowe Do sieci trafi\u0142 pierwszy zwiastun filmu akcji Normal, w kt\u00f3rym Bob Odenkirk gra szeryfa w&hellip;\n","protected":false},"author":2,"featured_media":152926,"comment_status":"","ping_status":"","sticky":false,"template":"","format":"standard","meta":{"footnotes":""},"categories":[22],"tags":[122,42,38,40,39,41,123],"class_list":{"0":"post-152925","1":"post","2":"type-post","3":"status-publish","4":"format-standard","5":"has-post-thumbnail","7":"category-rozrywka","8":"tag-entertainment","9":"tag-pl","10":"tag-poland","11":"tag-polish","12":"tag-polska","13":"tag-polski","14":"tag-rozrywka"},"share_on_mastodon":{"url":"https:\/\/pubeurope.com\/@pl\/115725832594436664","error":""},"_links":{"self":[{"href":"https:\/\/www.europesays.com\/pl\/wp-json\/wp\/v2\/posts\/152925","targetHints":{"allow":["GET"]}}],"collection":[{"href":"https:\/\/www.europesays.com\/pl\/wp-json\/wp\/v2\/posts"}],"about":[{"href":"https:\/\/www.europesays.com\/pl\/wp-json\/wp\/v2\/types\/post"}],"author":[{"embeddable":true,"href":"https:\/\/www.europesays.com\/pl\/wp-json\/wp\/v2\/users\/2"}],"replies":[{"embeddable":true,"href":"https:\/\/www.europesays.com\/pl\/wp-json\/wp\/v2\/comments?post=152925"}],"version-history":[{"count":0,"href":"https:\/\/www.europesays.com\/pl\/wp-json\/wp\/v2\/posts\/152925\/revisions"}],"wp:featuredmedia":[{"embeddable":true,"href":"https:\/\/www.europesays.com\/pl\/wp-json\/wp\/v2\/media\/152926"}],"wp:attachment":[{"href":"https:\/\/www.europesays.com\/pl\/wp-json\/wp\/v2\/media?parent=152925"}],"wp:term":[{"taxonomy":"category","embeddable":true,"href":"https:\/\/www.europesays.com\/pl\/wp-json\/wp\/v2\/categories?post=152925"},{"taxonomy":"post_tag","embeddable":true,"href":"https:\/\/www.europesays.com\/pl\/wp-json\/wp\/v2\/tags?post=152925"}],"curies":[{"name":"wp","href":"https:\/\/api.w.org\/{rel}","templated":true}]}}