{"id":152939,"date":"2025-12-15T22:06:15","date_gmt":"2025-12-15T22:06:15","guid":{"rendered":"https:\/\/www.europesays.com\/pl\/152939\/"},"modified":"2025-12-15T22:06:15","modified_gmt":"2025-12-15T22:06:15","slug":"rob-reiner-nie-zyje-syn-rezysera-zostal-aresztowany","status":"publish","type":"post","link":"https:\/\/www.europesays.com\/pl\/152939\/","title":{"rendered":"Rob Reiner nie \u017cyje. Syn re\u017cysera zosta\u0142 aresztowany"},"content":{"rendered":"<p>Re\u017cyser Rob Reiner i jego \u017cona Michele Singer Reiner zostali w niedziel\u0119 znalezieni martwi w swoim domu w Brentwood w Los Angeles. Para mia\u0142a poder\u017cni\u0119te gard\u0142a &#8211; podaje &#8222;The New York Post&#8221;. Znalaz\u0142a ich c\u00f3rka, Romy, kt\u00f3ra poinformowa\u0142a policj\u0119, \u017ce zab\u00f3jc\u0105 mo\u017ce by\u0107 &#8222;niebezpieczny krewny&#8221;. Syn pary, 32-letni scenarzysta Nick Reiner, zosta\u0142 aresztowany pod zarzutem morderstwa i przebywa w areszcie.<\/p>\n<p>                         &#13;<br \/>\n        &#13;<\/p>\n<p>                                        &#13;<br \/>\n                        &#13;<br \/>\n                            <img decoding=\"async\" src=\"https:\/\/www.europesays.com\/pl\/wp-content\/uploads\/2025\/12\/000M2SZY7AUFLOM7-C123-F4.jpg\" title=\"Rob Reiner i jego \u017cona znalezieni martwi. Syn pary aresztowany\" alt=\"Rob Reiner z rodzin\u0105. Ostatni po prawej Nick Reiner \/AFP \/East News\" class=\"img-responsive\"\/>&#13;<\/p>\n<p>                            &#13;<\/p>\n<p>      &#13;<br \/>\n                            Rob Reiner z rodzin\u0105. Ostatni po prawej Nick Reiner&#13;<br \/>\n                                    \/AFP \/East News  &#13;\n                                    <\/p>\n<p>&#13;<\/p>\n<ul class=\"bullet\">\n<li>Chcesz by\u0107 na bie\u017c\u0105co? Odwied\u017a stron\u0119 g\u0142\u00f3wn\u0105\u00a0<a href=\"https:\/\/www.rmf24.pl\/\" target=\"_blank\" rel=\"noreferrer noopener nofollow\">RMF24.pl<\/a>.<\/li>\n<\/ul>\n<p>Policjanci zostali wezwani do rezydencji 78-letniego re\u017cysera filmu &#8222;Kiedy Harry pozna\u0142 Sally&#8221; w niedzielne popo\u0142udnie. Na miejscu znale\u017ali m\u0119\u017cczyzn\u0119 i kobiet\u0119 z poder\u017cni\u0119tymi gard\u0142ami.\u00a0Obecnie prowadzone jest dochodzenie w sprawie zab\u00f3jstwa.<\/p>\n<p>Do tragedii odnios\u0142a si\u0119 burmistrz Los Angeles Karen Bass: To druzgoc\u0105ca strata dla naszego miasta i kraju &#8211; powiedzia\u0142a w niedziel\u0119 wieczorem. Jego wk\u0142ad w ameryka\u0144sk\u0105 kultur\u0119 jest ogromny. Dzi\u0119ki swojej tw\u00f3rczej pracy oraz zaanga\u017cowaniu w walk\u0119 o sprawiedliwo\u015b\u0107 spo\u0142eczn\u0105 i ekonomiczn\u0105 poprawi\u0142 \u017cycie niezliczonej liczby os\u00f3b.\u00a0Osobi\u015bcie jestem zrozpaczona tragiczn\u0105 strat\u0105 Roba i jego \u017cony Michele. Zna\u0142am ich i darzy\u0142am ogromnym szacunkiem.\u00a0<\/p>\n<p>Magazyn &#8222;People&#8221; poinformowa\u0142, \u017ce cia\u0142a znalaz\u0142a c\u00f3rka pary, Romy. Reinerowie pobrali si\u0119 w 1989 roku i maj\u0105 troje dzieci: Jake\u2019a, Nicka i Romy. Rob Reiner ma tak\u017ce adoptowan\u0105 c\u00f3rk\u0119 Tracy ze swoj\u0105 zmar\u0142\u0105 by\u0142\u0105 \u017con\u0105, Penny Marshall.<\/p>\n<p>Pochodz\u0119 z najlepszej rodziny. Nie wiem, co powiedzie\u0107. Jestem w szoku &#8211; wyzna\u0142a Tracy Reiner w rozmowie z NBC.<\/p>\n<p><a href=\"https:\/\/www.rmf.fm\/rozrywka\/filmy-i-seriale\/news,86446,rob-reiner-nie-zyje-to-najlepszy-film-w-jego-karierze-wszyscy-go-widzieli.html\" target=\"_blank\" rel=\"noreferrer noopener nofollow\">Czytaj te\u017c: Rob Reiner nie \u017cyje. To najlepszy film w jego karierze, wszyscy go widzieli<\/a><\/p>\n<p>    &#13;<br \/>\n        &#13;<\/p>\n<p>                                        &#13;<br \/>\n                        &#13;<br \/>\n                            <img decoding=\"async\" src=\"https:\/\/www.europesays.com\/pl\/wp-content\/uploads\/2025\/12\/000M2T1D3H9UHW50-C123-F4.jpg\" title=\"Rob Reiner i jego \u017cona znalezieni martwi. Syn pary aresztowany\" alt=\"Policja przed domem Roba Reinera \/East News\" class=\"img-responsive\"\/>&#13;<\/p>\n<p>                            &#13;<\/p>\n<p>      &#13;<br \/>\n                            Policja przed domem Roba Reinera&#13;<br \/>\n                                    \/East News  &#13;\n                                    <\/p>\n<p>&#13;<br \/>\n    &#13;<br \/>\n\u00a0<\/p>\n<p>Jak podaje portal TMZ, 32-letni syn pary, scenarzysta Nick Reiner,\u00a0zosta\u0142 aresztowany &#8211; na wolno\u015b\u0107 mo\u017ce wyj\u015b\u0107 po wp\u0142aceniu kaucji w wysoko\u015bci 4 mln dol.\u00a0<\/p>\n<p>Portal podaje, \u017ce Rob Reiner, jego \u017cona Michele\u00a0i\u00a0ich syn Nick uczestniczyli w sobot\u0119 w przyj\u0119ciu bo\u017conarodzeniowym Conana O-Briena, na kt\u00f3rym &#8222;Rob i Nick mocno si\u0119 pok\u0142\u00f3cili&#8221;. Przyj\u0119cie opu\u015bcili osobno.<\/p>\n<p>&#8222;Michele przez ostatnie kilka miesi\u0119cy \u017cali\u0142a si\u0119 przyjacio\u0142om, \u017ce ona i Rob s\u0105 u kresu si\u0142 z powodu choroby psychicznej Nicka i rzekomego uzale\u017cnienia od substancji psychoaktywnych; nie wiedz\u0105, co robi\u0107. 'Pr\u00f3bowali\u015bmy wszystkiego&#8217; &#8211; mieli stwierdzi\u0107&#8221; &#8211; ujawniaj\u0105 TMZ osoby z bliskiego otoczenie Reiner\u00f3w.<\/p>\n<p>W przesz\u0142o\u015bci m\u0119\u017cczyzna otwarcie m\u00f3wi\u0142 o swoich problemach z uzale\u017cnieniem od narkotyk\u00f3w i bezdomno\u015bci\u0105. Po raz pierwszy trafi\u0142 na odwyk w wieku zaledwie 15 lat.\u00a0\u0141\u0105cznie przeszed\u0142 a\u017c 17 program\u00f3w leczenia.<\/p>\n<p>By\u0142em bezdomny w Maine, New Jersey i Teksasie. Sp\u0119dza\u0142em noce i tygodnie na ulicy. To nie by\u0142o przyjemne\u00a0&#8211; powiedzia\u0142 magazynowi &#8222;People&#8221; w wywiadzie z 2016 roku.<\/p>\n<p>Podczas konferencji prasowej przed domem Reiner\u00f3w szef wydzia\u0142u \u015bledczego policji w Los Angeles Alan Hamilton poinformowa\u0142, \u017ce departament &#8211; sze\u015b\u0107 godzin po zg\u0142oszeniu sprawy pod numer 911 &#8211; wci\u0105\u017c stara si\u0119 o nakaz przeszukania posesji, aby w pe\u0142ni zbada\u0107 okoliczno\u015bci zbrodni.<\/p>\n<p>Hamilton zapewni\u0142, \u017ce mieszka\u0144cy Brentwood s\u0105 bezpieczni, ale zaznaczy\u0142, \u017ce na razie nie dokonano \u017cadnych aresztowa\u0144. \u015aledztwo trwa, a policja podkre\u015bla, \u017ce wszystkie okoliczno\u015bci zdarzenia s\u0105 nadal wyja\u015bniane.<\/p>\n","protected":false},"excerpt":{"rendered":"Re\u017cyser Rob Reiner i jego \u017cona Michele Singer Reiner zostali w niedziel\u0119 znalezieni martwi w swoim domu w&hellip;\n","protected":false},"author":2,"featured_media":152448,"comment_status":"","ping_status":"","sticky":false,"template":"","format":"standard","meta":{"footnotes":""},"categories":[22],"tags":[122,42,38,40,39,41,123],"class_list":{"0":"post-152939","1":"post","2":"type-post","3":"status-publish","4":"format-standard","5":"has-post-thumbnail","7":"category-rozrywka","8":"tag-entertainment","9":"tag-pl","10":"tag-poland","11":"tag-polish","12":"tag-polska","13":"tag-polski","14":"tag-rozrywka"},"share_on_mastodon":{"url":"https:\/\/pubeurope.com\/@pl\/115725860335851335","error":""},"_links":{"self":[{"href":"https:\/\/www.europesays.com\/pl\/wp-json\/wp\/v2\/posts\/152939","targetHints":{"allow":["GET"]}}],"collection":[{"href":"https:\/\/www.europesays.com\/pl\/wp-json\/wp\/v2\/posts"}],"about":[{"href":"https:\/\/www.europesays.com\/pl\/wp-json\/wp\/v2\/types\/post"}],"author":[{"embeddable":true,"href":"https:\/\/www.europesays.com\/pl\/wp-json\/wp\/v2\/users\/2"}],"replies":[{"embeddable":true,"href":"https:\/\/www.europesays.com\/pl\/wp-json\/wp\/v2\/comments?post=152939"}],"version-history":[{"count":0,"href":"https:\/\/www.europesays.com\/pl\/wp-json\/wp\/v2\/posts\/152939\/revisions"}],"wp:featuredmedia":[{"embeddable":true,"href":"https:\/\/www.europesays.com\/pl\/wp-json\/wp\/v2\/media\/152448"}],"wp:attachment":[{"href":"https:\/\/www.europesays.com\/pl\/wp-json\/wp\/v2\/media?parent=152939"}],"wp:term":[{"taxonomy":"category","embeddable":true,"href":"https:\/\/www.europesays.com\/pl\/wp-json\/wp\/v2\/categories?post=152939"},{"taxonomy":"post_tag","embeddable":true,"href":"https:\/\/www.europesays.com\/pl\/wp-json\/wp\/v2\/tags?post=152939"}],"curies":[{"name":"wp","href":"https:\/\/api.w.org\/{rel}","templated":true}]}}