{"id":152946,"date":"2025-12-15T22:10:09","date_gmt":"2025-12-15T22:10:09","guid":{"rendered":"https:\/\/www.europesays.com\/pl\/152946\/"},"modified":"2025-12-15T22:10:09","modified_gmt":"2025-12-15T22:10:09","slug":"wzorowa-uczennica-wspaniala-pogodna-jelenia-gora-w-szoku-po-zabojstwie-12-latki","status":"publish","type":"post","link":"https:\/\/www.europesays.com\/pl\/152946\/","title":{"rendered":"&#8222;Wzorowa uczennica, wspania\u0142a, pogodna&#8221;. Jelenia G\u00f3ra w szoku po zab\u00f3jstwie 12-latki"},"content":{"rendered":"<p class=\"article-p\" data-section=\"detail-body\">Do tragedii dosz\u0142o w poniedzia\u0142ek, 12 grudnia. <a href=\"https:\/\/www.fakt.pl\/wydarzenia\/polska\/wroclaw\/zabojstwo-12-letniej-dziewczynki-pojawil-sie-szokujacy-komunikat-policji\/rm8sxg3\" id=\"6306ccee-0579-4e2c-9792-6b9a8c4db48a\" rel=\"nofollow noopener\" target=\"_blank\">By\u0142o przed godz. 15, gdy s\u0142u\u017cby zosta\u0142y poinformowane o znalezieniu cia\u0142a dziecka w rejonie ul. Wyspia\u0144skiego w Jeleniej G\u00f3rze. <\/a><\/p>\n<p>        Zab\u00f3jstwo 12-latki w Jeleniej G\u00f3rze. Zatrzymano uczennic\u0119 VII klasy<\/p>\n<p class=\"article-p\" data-section=\"detail-body\">Policja jeleniog\u00f3rska o tej tragedii dowiedzia\u0142a si\u0119 dzisiaj ok. godz. 14.50. Przy ul. Wyspia\u0144skiego zosta\u0142o znalezione cia\u0142o 12-letniej dziewczynki. Najprawdopodobniej dosz\u0142o do zab\u00f3jstwa. W tej sprawie prowadzimy czynno\u015bci procesowe pod nadzorem Prokuratury Rejonowej w Jeleniej G\u00f3rze. Ustalono nieletni\u0105, kt\u00f3ra mo\u017ce mie\u0107 zwi\u0105zek z tym zdarzeniem. W tej chwili policja i prokuratura wyja\u015bnia szczeg\u00f3\u0142owo wszystkie okoliczno\u015bci dotycz\u0105ce tej tragedii<\/p>\n<p class=\"article-p\" data-section=\"detail-body\">\u2014 m\u00f3wi podinsp. Edyta Bagrowska, rzeczniczka Komendy Miejskiej Policji w Jeleniej G\u00f3rze.<\/p>\n<p class=\"article-p\" data-section=\"detail-body\">Wiadomo, \u017ce zatrzyman\u0105 jest 14-latka, uczennica VII klasy szko\u0142y podstawowej.<\/p>\n<p>        &#8222;Wspania\u0142a dziewczynka, pogodna, osi\u0105gaj\u0105ca bardzo wysokie wyniki w nauce&#8221;<\/p>\n<p class=\"article-p\" data-section=\"detail-body\">P\u00f3\u017anym popo\u0142udniem zebra\u0142 si\u0119 sztab kryzysowy w tej sprawie. Tu\u017c po tym posiedzeniu g\u0142os zabra\u0142 m.in. Pawe\u0142 Domaga\u0142a, dyrektor Szko\u0142y Podstawowej nr 10 w Jeleniej G\u00f3rze, do kt\u00f3rej chodzi\u0142a 12-latka wspomnia\u0142 zmar\u0142\u0105 dziewczynk\u0119.<\/p>\n<p class=\"article-p\" data-section=\"detail-body\">Wspania\u0142a dziewczynka, pogodna, osi\u0105gaj\u0105ca bardzo wysokie wyniki w nauce, wzorowa uczennica, kt\u00f3ra bra\u0142a udzia\u0142 zar\u00f3wno w zaj\u0119ciach wolontariatu szkolnego, wsparcia dla innych uczni\u00f3w, anga\u017cowa\u0142a si\u0119 we wszelkiego rodzaju konkursy, zawody sportowe. Wszechstronnie uzdolniona. Bardzo pogodna uczennica. Jest to dla nas wszystkich ogromna strata<\/p>\n<p class=\"article-p\" data-section=\"detail-body\">\u2014 m\u00f3wi\u0142 dyr. Pawe\u0142 Domaga\u0142a.<\/p>\n<p>        Tragedia w Jeleniej G\u00f3rze. Rozpacz po \u015bmierci 12-latki. &#8222;Jeste\u015bmy wszyscy wstrz\u0105\u015bni\u0119ci&#8221;<\/p>\n<p class=\"article-p\" data-section=\"detail-body\">Przekaza\u0142 tak\u017ce, \u017ce to wielka tragedia dla ca\u0142ej szkolnej spo\u0142eczno\u015bci.<\/p>\n<p class=\"article-p\" data-section=\"detail-body\">We wczesnych godzinach popo\u0142udniowych dowiedzieli\u015bmy si\u0119 o tym, \u017ce jedna z naszych uczennic nie \u017cyje. Jeste\u015bmy wszyscy wstrz\u0105\u015bni\u0119ci. Natomiast naszym celem w bie\u017c\u0105cej sytuacji jest zapewnienie w\u0142a\u015bciwej opieki psychologiczno-pedagogicznej zar\u00f3wno dzieciom, jak i rodzicom oraz nauczycielom. To s\u0105 dzia\u0142ania szeroko zakrojone. Bior\u0105 w nich udzia\u0142 psychologowie z jeleniog\u00f3rskiego szpitala. Mamy tak\u017ce wsparcie z poradni psychologiczno-pedagogicznej i naszym celem jest w\u0142a\u015bciwe wsparcie przede wszystkim dzieci<\/p>\n<p class=\"article-p\" data-section=\"detail-body\">\u2014 podkre\u015bla\u0142 dyrektor Szko\u0142y Podstawowej nr 10 w Jeleniej G\u00f3rze.<\/p>\n<p class=\"article-p\" data-section=\"detail-body\">Zapowiedzia\u0142, \u017ce we wtorek, 16 grudnia, lekcje w szkole b\u0119d\u0105 skr\u00f3cone, a rozpoczn\u0105 si\u0119 specjalnymi pogadankami.<\/p>\n<p>        Prezydent Jeleniej G\u00f3ry zabra\u0142 g\u0142os po zab\u00f3jstwie 12-letniej uczennicy<\/p>\n<p class=\"article-p\" data-section=\"detail-body\">\u2014 Rozpoczniemy zaj\u0119cia od spotka\u0144 z wychowawcami, kt\u00f3rzy w towarzystwie psycholog\u00f3w przeprowadz\u0105 w\u0142a\u015bciwe pogadanki wspieraj\u0105ce dla uczni\u00f3w. Natomiast w kolejnych dniach b\u0119dziemy organizowa\u0107 tak\u017ce dy\u017cury i pomoc, wsparcie zar\u00f3wno dla rodzic\u00f3w, jak i uczni\u00f3w oraz nauczycieli \u2014 przekaza\u0142 Pawe\u0142 Domaga\u0142a.<\/p>\n<p class=\"article-p\" data-section=\"detail-body\">G\u0142os w sprawie tragedii zaj\u0105\u0142 te\u017c prezydent Jeleniej G\u00f3ry. Po posiedzeniu sztabu kryzysowego wyg\u0142osi\u0142 specjalne o\u015bwiadczenie.<\/p>\n<p class=\"article-p\" data-section=\"detail-body\">\u2014 15 grudnia 2025 r., oko\u0142o godz. 14.50 w Jeleniej G\u00f3rze przy ul. Wyspia\u0144skiego znalezione zosta\u0142o cia\u0142o 12-letniej uczennicy Szko\u0142y Podstawowej nr 10 w Jeleniej G\u00f3rze. Na miejscu zdarzenia od razu podj\u0119to czynno\u015bci pod nadzorem Prokuratury Rejonowej w Jeleniej G\u00f3rze. Ze wst\u0119pnych ustale\u0144 policji i prokuratury wynika, \u017ce do \u015bmierci dziecka mog\u0142o doj\u015b\u0107 w wyniku dzia\u0142a\u0144 os\u00f3b trzecich. W toku prowadzonych czynno\u015bci ustalono osob\u0119 nieletni\u0105, kt\u00f3ra mo\u017ce mie\u0107 zwi\u0105zek z tym zdarzeniem \u2014 m\u00f3wi\u0142 Jerzy \u0141u\u017cniak, prezydent Jeleniej G\u00f3ry.<\/p>\n<p>        Lekcje rozpoczn\u0105 si\u0119 od pogadanek z wychowawcami i psychologami<\/p>\n<p class=\"article-p\" data-section=\"detail-body\">Potwierdzi\u0142, \u017ce 16 grudnia w Szkole Podstawowej nr 10, w ka\u017cdej klasie, na pierwszych lekcjach odb\u0119d\u0105 si\u0119 spotkania wychowawc\u00f3w przy wsparciu psycholog\u00f3w i pedagog\u00f3w z terenu miasta.<\/p>\n<p class=\"article-p\" data-section=\"detail-body\">Dodatkowo, w plac\u00f3wce tej zorganizowane zostan\u0105 dy\u017cury pracownik\u00f3w Poradni Psychologiczno-Pedagogicznej dla nauczycieli i rodzic\u00f3w uczni\u00f3w szko\u0142y. Opiek\u0105 psychologiczn\u0105 obj\u0119to ju\u017c rodzic\u00f3w zmar\u0142ej dziewczynki<\/p>\n<p class=\"article-p\" data-section=\"detail-body\">\u2014 zaznaczy\u0142 pan prezydent.<\/p>\n<p class=\"article-p\" data-section=\"detail-body\">Podkre\u015bli\u0142, \u017ce takie spotkania odb\u0119d\u0105 si\u0119 tak\u017ce w innych jeleniog\u00f3rskich szko\u0142ach.<\/p>\n<p class=\"article-p\" data-section=\"detail-body\">Ponadto, w dniach 22\u201323 grudnia, kiedy w szko\u0142ach rozpoczn\u0105 si\u0119 ferie \u015bwi\u0105teczne, Poradnia Psychologiczno-Pedagogiczna w swojej siedzibie w Jeleniej G\u00f3rze przy ul. Wolno\u015bci 259 uruchomi dy\u017cury dla os\u00f3b, kt\u00f3re w zwi\u0105zku z dzisiejszym wydarzeniem potrzebowa\u0107 b\u0119d\u0105 wsparcia psychologicznego<\/p>\n<p class=\"article-p\" data-section=\"detail-body\">\u2014 doda\u0142 Jerzy \u0141u\u017cniak.<\/p>\n<p>        \/7<\/p>\n<p>                    <img decoding=\"async\" class=\"article-image-img\" loading=\"lazy\" alt=\"\" src=\"https:\/\/www.europesays.com\/pl\/wp-content\/uploads\/2025\/12\/kJbk9kuTURBXy9jZTdjODBlNC1lZGYzLTQ0MWUtYjBiZS0zMmE1N2U2YWQ5MDYuanBlZ5GTAs0DSM0B2N4AAqEwAaExAQ.jpeg\" width=\"840\" height=\"472\"\/><\/p>\n<p>                  Jerzy \u0141u\u017cniak &#8211; Prezydent Miasta Jeleniej G\u00f3ry  \/ Facebook \/ Wojciech Kami\u0144ski \/ PAP<\/p>\n<p class=\"article-gallery-p\">\n        Jelenia G\u00f3ra w szoku po zab\u00f3jstwie 12-latki. G\u0142os zabra\u0142 prezydent miasta.\n    <\/p>\n<p>        \/7<\/p>\n<p>                    <img decoding=\"async\" class=\"article-image-img\" loading=\"lazy\" alt=\"\" src=\"https:\/\/www.europesays.com\/pl\/wp-content\/uploads\/2025\/12\/MV6k9kuTURBXy84ZTY1NTBmNS04NjM4LTQ4NDgtYTg4YS1kYjRlZDkxZjMzMDUuanBlZ5GTAs0DSM0B2N4AAqEwAaExAQ.jpeg\" width=\"840\" height=\"472\"\/><\/p>\n<p>                  Jerzy \u0141u\u017cniak &#8211; Prezydent Miasta Jeleniej G\u00f3ry \/ Facebook<\/p>\n<p class=\"article-gallery-p\">\n        Jelenia G\u00f3ra w szoku po zab\u00f3jstwie 12-latki. G\u0142os zabra\u0142 prezydent miasta.\n    <\/p>\n","protected":false},"excerpt":{"rendered":"Do tragedii dosz\u0142o w poniedzia\u0142ek, 12 grudnia. By\u0142o przed godz. 15, gdy s\u0142u\u017cby zosta\u0142y poinformowane o znalezieniu cia\u0142a&hellip;\n","protected":false},"author":2,"featured_media":152947,"comment_status":"","ping_status":"","sticky":false,"template":"","format":"standard","meta":{"footnotes":""},"categories":[12],"tags":[32,33,36,37,27,34,35,28,31,25,42,38,40,39,41,29,30,26],"class_list":{"0":"post-152946","1":"post","2":"type-post","3":"status-publish","4":"format-standard","5":"has-post-thumbnail","7":"category-polska","8":"tag-breaking-news","9":"tag-breakingnews","10":"tag-featured-news","11":"tag-featurednews","12":"tag-headlines","13":"tag-latest-news","14":"tag-latestnews","15":"tag-naglowki","16":"tag-najwazniejsze-artykuly","17":"tag-news","18":"tag-pl","19":"tag-poland","20":"tag-polish","21":"tag-polska","22":"tag-polski","23":"tag-top-stories","24":"tag-topstories","25":"tag-wiadomosci"},"share_on_mastodon":{"url":"https:\/\/pubeurope.com\/@pl\/115725875657201906","error":""},"_links":{"self":[{"href":"https:\/\/www.europesays.com\/pl\/wp-json\/wp\/v2\/posts\/152946","targetHints":{"allow":["GET"]}}],"collection":[{"href":"https:\/\/www.europesays.com\/pl\/wp-json\/wp\/v2\/posts"}],"about":[{"href":"https:\/\/www.europesays.com\/pl\/wp-json\/wp\/v2\/types\/post"}],"author":[{"embeddable":true,"href":"https:\/\/www.europesays.com\/pl\/wp-json\/wp\/v2\/users\/2"}],"replies":[{"embeddable":true,"href":"https:\/\/www.europesays.com\/pl\/wp-json\/wp\/v2\/comments?post=152946"}],"version-history":[{"count":0,"href":"https:\/\/www.europesays.com\/pl\/wp-json\/wp\/v2\/posts\/152946\/revisions"}],"wp:featuredmedia":[{"embeddable":true,"href":"https:\/\/www.europesays.com\/pl\/wp-json\/wp\/v2\/media\/152947"}],"wp:attachment":[{"href":"https:\/\/www.europesays.com\/pl\/wp-json\/wp\/v2\/media?parent=152946"}],"wp:term":[{"taxonomy":"category","embeddable":true,"href":"https:\/\/www.europesays.com\/pl\/wp-json\/wp\/v2\/categories?post=152946"},{"taxonomy":"post_tag","embeddable":true,"href":"https:\/\/www.europesays.com\/pl\/wp-json\/wp\/v2\/tags?post=152946"}],"curies":[{"name":"wp","href":"https:\/\/api.w.org\/{rel}","templated":true}]}}