{"id":152948,"date":"2025-12-15T22:11:17","date_gmt":"2025-12-15T22:11:17","guid":{"rendered":"https:\/\/www.europesays.com\/pl\/152948\/"},"modified":"2025-12-15T22:11:17","modified_gmt":"2025-12-15T22:11:17","slug":"rpp-reaguje-na-publikacje-gw-cenckiewicz-nie-bedzie-zadowolony","status":"publish","type":"post","link":"https:\/\/www.europesays.com\/pl\/152948\/","title":{"rendered":"RPP reaguje na publikacj\u0119 &#8222;GW&#8221;. Cenckiewicz nie b\u0119dzie zadowolony"},"content":{"rendered":"\n<p>PAP zwr\u00f3ci\u0142a si\u0119 do RPP z\u00a0pytaniem, czy podejmie dzia\u0142ania w\u00a0zwi\u0105zku z\u00a0publikacj\u0105 &#8222;Gazety Wyborczej&#8221;. Biuro RPP odpowiedzia\u0142o, \u017ce sprawa dotyczy g\u0142\u00f3wnie procedur dost\u0119pu do informacji niejawnych i\u00a0zasadniczo nie le\u017cy w\u00a0zakresie kompetencji Rzecznika Praw Pacjenta.<\/p>\n<p>Biuro Rzecznika Praw Pacjenta reaguje na\u00a0artyku\u0142 &#8222;Wyborczej&#8221; <\/p>\n<p>&#8222;RPP podejmuje dzia\u0142ania wy\u0142\u0105cznie w\u00a0sprawach, w\u00a0kt\u00f3rych mo\u017ce wszczyna\u0107 post\u0119powania i\u00a0kierowa\u0107 wyst\u0105pienia do podmiot\u00f3w leczniczych oraz w\u00a0odniesieniu do dzia\u0142a\u0144 personelu medycznego&#8221; &#8211;\u00a0przekazano agencji prasowej w\u00a0komunikacie. <\/p>\n<p>Kawa\u0142ek Polski, kt\u00f3ry znikn\u0105\u0142. Tury\u015bci nadal pr\u00f3buj\u0105 go\u00a0znale\u017a\u0107 <\/p>\n<p>Biuro RPP zaznaczy\u0142o jednocze\u015bnie, \u017ce chodzi o\u00a0przypadki narusze\u0144 praw pacjenta zwi\u0105zane z\u00a0udzielaniem \u015bwiadcze\u0144 zdrowotnych oraz praktyki mog\u0105ce narusza\u0107 zbiorowe prawa pacjent\u00f3w w\u00a0podmiotach leczniczych.<\/p>\n<p> <img role=\"presentation\" class=\"absolute left-1\/2 top-1\/2 max-h-[80%] max-w-[100px] -translate-x-1\/2 -translate-y-1\/2\" src=\"https:\/\/v.wpimg.pl\/ZXJfd3AudTkrBBIAbg54LGhcRlAxHQUrPgJGH2MAeGJoSQ1eIBI_K2UHAEVuBTY5KQMMXC0RPyoVERQdMgM9ejc\" loading=\"lazy\" decoding=\"async\"\/> <\/p>\n<p>Biuro RPP zastrzeg\u0142o, \u017ce dane dotycz\u0105ce zdrowia, w\u00a0tym informacje wynikaj\u0105ce z\u00a0dokumentacji medycznej, niezale\u017cnie od miejsca i\u00a0celu ich przetwarzania, tak\u017ce poza dzia\u0142alno\u015bci\u0105 podmiot\u00f3w leczniczych, stanowi\u0105 dane podlegaj\u0105ce szczeg\u00f3lnej ochronie i\u00a0wymagaj\u0105 szczeg\u00f3lnej staranno\u015bci w\u00a0zakresie dost\u0119pu, udost\u0119pniania i\u00a0zabezpiecze\u0144. <\/p>\n<p>&#8222;Kwestie ochrony danych osobowych, w\u00a0tym danych dotycz\u0105cych zdrowia, podlegaj\u0105 nadzorowi Prezesa Urz\u0119du Ochrony Danych Osobowych; sprawa powinna zosta\u0107 szczeg\u00f3lnie zbadana r\u00f3wnie\u017c z\u00a0perspektywy inspektora ochrony danych w\u00a0podmiotach, kt\u00f3re przetwarzaj\u0105 tego rodzaju informacje&#8221; &#8211;\u00a0napisano w\u00a0informacji Biura RPP.<\/p>\n<p><a href=\"https:\/\/wiadomosci.wp.pl\/wyborcza-pisze-o-lekach-cenckiewicza-w-sieci-wybuchla-dyskusja-7232640563121056a\" rel=\"noopener noreferrer nofollow\" target=\"_blank\">&#8222;Gazeta Wyborcza&#8221; twierdzi, \u017ce S\u0142awomir Cenckiewicz nie wpisa\u0142 w\u00a0ankiecie bezpiecze\u0144stwa, \u017ce za\u017cywa\u0142 przez pewien czas leki dzia\u0142aj\u0105ce na o\u015brodkowy uk\u0142ad nerwowy.<\/a> Gazeta nie publikuje nazw lek\u00f3w, a\u00a0jedynie opisy dzia\u0142ania: jeden klasyfikowany jest jako psychotrop, drugi jako psycholeptyk. To mia\u0142o kosztowa\u0107 go certyfikat dost\u0119pu do tajemnic.<\/p>\n<p> <img role=\"presentation\" class=\"absolute left-1\/2 top-1\/2 max-h-[80%] max-w-[100px] -translate-x-1\/2 -translate-y-1\/2\" src=\"https:\/\/v.wpimg.pl\/ZXJfd3AudTkrBBIAbg54LGhcRlAxHQUrPgJGH2MAeGJoSQ1eIBI_K2UHAEVuBTY5KQMMXC0RPyoVERQdMgM9ejc\" loading=\"lazy\" decoding=\"async\"\/><\/p>\n<p>Publikacja &#8222;GW&#8221; i\u00a0komentarz szefa BBN <\/p>\n<p>Cenckiewicz odpowiedzia\u0142 na artyku\u0142 obszernym wpisem w\u00a0serwisie X. Jak zaznaczy\u0142, &#8222;<a href=\"https:\/\/wiadomosci.wp.pl\/cenckiewicz-ostro-reaguje-na-tekst-wyborczej-zapowiada-pozwy-7232750045170624a\" rel=\"noopener noreferrer nofollow\" target=\"_blank\">podejmie przewidziane prawem dzia\u0142ania w\u00a0celu poci\u0105gni\u0119cia do odpowiedzialno\u015bci cywilnej i\u00a0karnej autora tekstu zatytu\u0142owanego<\/a> 'Wiemy co bra\u0142 i\u00a0zatai\u0142 Cenckiewicz&#8217; za naruszenie moich d\u00f3br osobistych&#8221;. &#8222;Nie ma znaczenia, \u017ce autor powy\u017cszego tekstu nie poda\u0142 nazw dw\u00f3ch lek\u00f3w przepisanych mi przez profesora nauk medycznych podczas wywiadu lekarskiego. Ich identyfikacja &#8211;\u00a0dzi\u0119ki przywo\u0142anej specyfikacji, cytatom i\u00a0opisowi &#8211;\u00a0nie sprawia jakichkolwiek trudno\u015bci&#8221; &#8211;\u00a0doda\u0142.<\/p>\n<p>&#8222;Podobne kroki prawne zamierzam podj\u0105\u0107 w\u00a0stosunku do kierownictwa SKW, gdy\u017c informacje wykorzystane w\u00a0artykule &#8222;Gazety Wyborczej&#8221; pochodz\u0105 zar\u00f3wno z\u00a0ankiety bezpiecze\u0144stwa osobowego i\u00a0wywiad\u00f3w przeprowadzonych ze mn\u0105 przez oficer\u00f3w SKW w\u00a0zwi\u0105zku z\u00a0post\u0119powaniem sprawdzaj\u0105cym z\u00a02021 r., jak i\u00a0z\u00a0akt post\u0119powania kontrolnego&#8221; &#8211;\u00a0podkre\u015bli\u0142.<\/p>\n<p>Jak doda\u0142, &#8222;jest strasznym paradoksem, \u017ce politycznym nadzorc\u0105 s\u0142u\u017cby, kt\u00f3ra od dw\u00f3ch lat prowadzi t\u0119 nier\u00f3wn\u0105 wojn\u0119 ze mn\u0105, dysponuje wra\u017cliw\u0105 i\u00a0w\u00a0szczeg\u00f3lny spos\u00f3b chronion\u0105 wiedz\u0105 (w tym medyczn\u0105) jest lekarz &#8211;\u00a0wicepremier rz\u0105du RP i\u00a0minister obrony narodowej&#8221;.<\/p>\n<p> <img role=\"presentation\" class=\"absolute left-1\/2 top-1\/2 max-h-[80%] max-w-[100px] -translate-x-1\/2 -translate-y-1\/2\" src=\"https:\/\/v.wpimg.pl\/ZXJfd3AudTkrBBIAbg54LGhcRlAxHQUrPgJGH2MAeGJoSQ1eIBI_K2UHAEVuBTY5KQMMXC0RPyoVERQdMgM9ejc\" loading=\"lazy\" decoding=\"async\"\/> <\/p>\n","protected":false},"excerpt":{"rendered":"PAP zwr\u00f3ci\u0142a si\u0119 do RPP z\u00a0pytaniem, czy podejmie dzia\u0142ania w\u00a0zwi\u0105zku z\u00a0publikacj\u0105 &#8222;Gazety Wyborczej&#8221;. Biuro RPP odpowiedzia\u0142o, \u017ce sprawa&hellip;\n","protected":false},"author":2,"featured_media":152949,"comment_status":"","ping_status":"","sticky":false,"template":"","format":"standard","meta":{"footnotes":""},"categories":[5],"tags":[32,33,36,37,27,34,35,28,31,25,42,38,40,39,41,29,30,26],"class_list":{"0":"post-152948","1":"post","2":"type-post","3":"status-publish","4":"format-standard","5":"has-post-thumbnail","7":"category-naglowki","8":"tag-breaking-news","9":"tag-breakingnews","10":"tag-featured-news","11":"tag-featurednews","12":"tag-headlines","13":"tag-latest-news","14":"tag-latestnews","15":"tag-naglowki","16":"tag-najwazniejsze-artykuly","17":"tag-news","18":"tag-pl","19":"tag-poland","20":"tag-polish","21":"tag-polska","22":"tag-polski","23":"tag-top-stories","24":"tag-topstories","25":"tag-wiadomosci"},"share_on_mastodon":{"url":"https:\/\/pubeurope.com\/@pl\/115725879527954917","error":""},"_links":{"self":[{"href":"https:\/\/www.europesays.com\/pl\/wp-json\/wp\/v2\/posts\/152948","targetHints":{"allow":["GET"]}}],"collection":[{"href":"https:\/\/www.europesays.com\/pl\/wp-json\/wp\/v2\/posts"}],"about":[{"href":"https:\/\/www.europesays.com\/pl\/wp-json\/wp\/v2\/types\/post"}],"author":[{"embeddable":true,"href":"https:\/\/www.europesays.com\/pl\/wp-json\/wp\/v2\/users\/2"}],"replies":[{"embeddable":true,"href":"https:\/\/www.europesays.com\/pl\/wp-json\/wp\/v2\/comments?post=152948"}],"version-history":[{"count":0,"href":"https:\/\/www.europesays.com\/pl\/wp-json\/wp\/v2\/posts\/152948\/revisions"}],"wp:featuredmedia":[{"embeddable":true,"href":"https:\/\/www.europesays.com\/pl\/wp-json\/wp\/v2\/media\/152949"}],"wp:attachment":[{"href":"https:\/\/www.europesays.com\/pl\/wp-json\/wp\/v2\/media?parent=152948"}],"wp:term":[{"taxonomy":"category","embeddable":true,"href":"https:\/\/www.europesays.com\/pl\/wp-json\/wp\/v2\/categories?post=152948"},{"taxonomy":"post_tag","embeddable":true,"href":"https:\/\/www.europesays.com\/pl\/wp-json\/wp\/v2\/tags?post=152948"}],"curies":[{"name":"wp","href":"https:\/\/api.w.org\/{rel}","templated":true}]}}