{"id":152952,"date":"2025-12-15T22:13:10","date_gmt":"2025-12-15T22:13:10","guid":{"rendered":"https:\/\/www.europesays.com\/pl\/152952\/"},"modified":"2025-12-15T22:13:10","modified_gmt":"2025-12-15T22:13:10","slug":"eurowizja-opublikowala-liste-uczestnikow-frekwencja-w-konkursie-spada","status":"publish","type":"post","link":"https:\/\/www.europesays.com\/pl\/152952\/","title":{"rendered":"Eurowizja opublikowa\u0142a list\u0119 uczestnik\u00f3w. Frekwencja w konkursie spada"},"content":{"rendered":"<p class=\"Paragraph_desktopParagraph__U31Gm\">Od dw\u00f3ch lat w\u015br\u00f3d fan\u00f3w i uczestnik\u00f3w Eurowizji coraz g\u0142o\u015bniej s\u0142ycha\u0107 g\u0142osy sprzeciwu wobec udzia\u0142u Izraela w konkursie. W\u015br\u00f3d zarzut\u00f3w znajduj\u0105 si\u0119 kwestie polityczne \u2014 zarzucane Izraelowi dzia\u0142ania w Strefie Gazy, kt\u00f3re wielu okre\u015bla mianem ludob\u00f3jstwa. Po drugie, zwi\u0105zane z uczciwo\u015bci\u0105 rywalizacji \u2014 pojawi\u0142y si\u0119 oskar\u017cenia o manipulacje g\u0142osami i nieuczciw\u0105 promocj\u0119 izraelskich reprezentant\u00f3w.<\/p>\n<ul class=\"OchatFollowUps_wrapper__1ry7X\">\n<li class=\"OchatFollowUps_item__Dhyly OchatFollowUps_itemDesktop__R6aBv\">Jaka jest liczba uczestnik\u00f3w Eurowizji 2026?<\/li>\n<li class=\"OchatFollowUps_item__Dhyly OchatFollowUps_itemDesktop__R6aBv\">Kt\u00f3re kraje wycofa\u0142y si\u0119 z Eurowizji 2026?<\/li>\n<li class=\"OchatFollowUps_item__Dhyly OchatFollowUps_itemDesktop__R6aBv\">Co spowodowa\u0142o spadek frekwencji w Eurowizji?<\/li>\n<li class=\"OchatFollowUps_item__Dhyly OchatFollowUps_itemDesktop__R6aBv\">Jakie kontrowersje zwi\u0105zane s\u0105 z udzia\u0142em Izraela w Eurowizji?<\/li>\n<\/ul>\n<p>Jest lista pa\u0144stw, bior\u0105cych udzia\u0142 w Eurowizji 2026 <\/p>\n<p class=\"Paragraph_desktopParagraph__U31Gm\">Ju\u017c podczas tegorocznej edycji cz\u0119\u015b\u0107 pa\u0144stw zapowiada\u0142a, \u017ce je\u015bli Izrael ponownie znajdzie si\u0119 na li\u015bcie uczestnik\u00f3w, one same zrezygnuj\u0105 z udzia\u0142u. S\u0142owa dotrzyma\u0142y: Hiszpania, Irlandia, Holandia, S\u0142owenia i Islandia, kt\u00f3re oficjalnie wycofa\u0142y si\u0119 z Eurowizji 2026. W mi\u0119dzyczasie w Belgii i Szwecji odby\u0142y si\u0119 protesty, kt\u00f3rych uczestnicy apelowali do nadawc\u00f3w publicznych o podobne decyzje.<\/p>\n<p class=\"Paragraph_desktopParagraph__U31Gm\">Martin Green, dyrektor Konkursu Piosenki Eurowizji, jeszcze kilka miesi\u0119cy temu zapowiada\u0142 rekordow\u0105 frekwencj\u0119 w jubileuszowej edycji. Tymczasem rzeczywisto\u015b\u0107 okaza\u0142a si\u0119 inna \u2014 w 2026 r. w Wiedniu wyst\u0105pi jedynie 35 pa\u0144stw, co jest najni\u017csz\u0105 liczb\u0105 uczestnik\u00f3w od 2004 r. Powr\u00f3t Bu\u0142garii, Rumunii i Mo\u0142dawii nie zdo\u0142a\u0142 zrekompensowa\u0107 strat wynikaj\u0105cych z bojkotu pi\u0119ciu kraj\u00f3w, w tym Hiszpanii, b\u0119d\u0105cej cz\u0142onkiem tzw. Wielkiej Pi\u0105tki.<\/p>\n<p class=\"Paragraph_desktopParagraph__U31Gm\">Ju\u017c wiadomo, \u017ce w konkursie udzia\u0142 wezm\u0105 nast\u0119puj\u0105ce kraje: Albania, Armenia, Australia, Austria, Azerbejd\u017can, Belgia, Bu\u0142garia, Chorwacja, Cypr, Czarnog\u00f3ra, Czechy, Dania, Estonia, Finlandia, Francja, Grecja, Gruzja, Izrael, Litwa, Luksemburg, \u0141otwa, Malta, Mo\u0142dawia, Niemcy, Norwegia, Polska, Portugalia, Rumunia, San Marino, Serbia, Szwajcaria, Szwecja, Ukraina, Wielka Brytania, W\u0142ochy.<\/p>\n<p class=\"Paragraph_desktopParagraph__U31Gm\">Dzi\u0119kujemy, \u017ce przeczyta\u0142a\u015b\/e\u015b nasz artyku\u0142 do ko\u0144ca. W serwisie Plejada.pl ka\u017cdego dnia piszemy o najwa\u017cniejszych wydarzeniach show-biznesowych. B\u0105d\u017a na bie\u017c\u0105co! <a rel=\"nofollow noopener\" href=\"https:\/\/news.google.com\/publications\/CAAiEF0PeAlb7W1llpV_mwV2rL4qFAgKIhBdD3gJW-1tZZaVf5sFdqy-?hl=pl&amp;gl=PL&amp;ceid=PL%3Apl\" id=\"1085ab07-6e40-4334-920e-6b6492540ff9\" target=\"_blank\">Obserwuj<\/a> Plejad\u0119 w Wiadomo\u015bciach Google. Odwied\u017a nas tak\u017ce na <a rel=\"nofollow noopener\" href=\"https:\/\/www.facebook.com\/plejadapl\" id=\"3171f630-456a-467c-95ec-9fa67a7f25e0\" target=\"_blank\">Facebooku<\/a>, <a rel=\"nofollow noopener\" href=\"https:\/\/www.instagram.com\/plejadapl\/\" id=\"5e10926e-ce34-4df4-bd12-d3db4a76ea6d\" target=\"_blank\">Instagramie<\/a>, <a rel=\"nofollow noopener\" href=\"https:\/\/www.youtube.com\/c\/plejada\" id=\"78212c81-8f35-4b07-8953-dc94fd25839a\" target=\"_blank\">YouTubie<\/a> oraz <a rel=\"nofollow noopener\" href=\"https:\/\/www.tiktok.com\/@plejada_pl\" id=\"5c492520-b302-4504-bfde-cfed993b269d\" target=\"_blank\">TikToku<\/a>.<\/p>\n<p class=\"Paragraph_desktopParagraph__U31Gm\">Chcesz podzieli\u0107 si\u0119 ciekawym newsem lub zaproponowa\u0107 temat? Skontaktuj si\u0119 z nami, pisz\u0105c maila na adres: plejada@redakcjaonet.pl.<\/p>\n<p><script async src=\"\/\/www.instagram.com\/embed.js\"><\/script><script async src=\"\/\/www.tiktok.com\/embed.js\"><\/script><\/p>\n","protected":false},"excerpt":{"rendered":"Od dw\u00f3ch lat w\u015br\u00f3d fan\u00f3w i uczestnik\u00f3w Eurowizji coraz g\u0142o\u015bniej s\u0142ycha\u0107 g\u0142osy sprzeciwu wobec udzia\u0142u Izraela w konkursie.&hellip;\n","protected":false},"author":2,"featured_media":152953,"comment_status":"","ping_status":"","sticky":false,"template":"","format":"standard","meta":{"footnotes":""},"categories":[22],"tags":[122,416,67,479,261,1503,53,52,68,51,55,42,38,40,39,41,123,47,1607,65,50],"class_list":{"0":"post-152952","1":"post","2":"type-post","3":"status-publish","4":"format-standard","5":"has-post-thumbnail","7":"category-rozrywka","8":"tag-entertainment","9":"tag-europa_kontynent","10":"tag-intextvideo_splayer","11":"tag-konkurs_piosenki_eurowizji_eurowizja","12":"tag-kultura","13":"tag-muzyka_i_muzycy_muzyka_rozrywkowa_spiew","14":"tag-new_header","15":"tag-onet3","16":"tag-onet3d","17":"tag-onet3d_2i","18":"tag-phx","19":"tag-pl","20":"tag-poland","21":"tag-polish","22":"tag-polska","23":"tag-polski","24":"tag-rozrywka","25":"tag-screening_general","26":"tag-time_limited","27":"tag-update_me","28":"tag-v2021"},"share_on_mastodon":{"url":"https:\/\/pubeurope.com\/@pl\/115725887510269114","error":""},"_links":{"self":[{"href":"https:\/\/www.europesays.com\/pl\/wp-json\/wp\/v2\/posts\/152952","targetHints":{"allow":["GET"]}}],"collection":[{"href":"https:\/\/www.europesays.com\/pl\/wp-json\/wp\/v2\/posts"}],"about":[{"href":"https:\/\/www.europesays.com\/pl\/wp-json\/wp\/v2\/types\/post"}],"author":[{"embeddable":true,"href":"https:\/\/www.europesays.com\/pl\/wp-json\/wp\/v2\/users\/2"}],"replies":[{"embeddable":true,"href":"https:\/\/www.europesays.com\/pl\/wp-json\/wp\/v2\/comments?post=152952"}],"version-history":[{"count":0,"href":"https:\/\/www.europesays.com\/pl\/wp-json\/wp\/v2\/posts\/152952\/revisions"}],"wp:featuredmedia":[{"embeddable":true,"href":"https:\/\/www.europesays.com\/pl\/wp-json\/wp\/v2\/media\/152953"}],"wp:attachment":[{"href":"https:\/\/www.europesays.com\/pl\/wp-json\/wp\/v2\/media?parent=152952"}],"wp:term":[{"taxonomy":"category","embeddable":true,"href":"https:\/\/www.europesays.com\/pl\/wp-json\/wp\/v2\/categories?post=152952"},{"taxonomy":"post_tag","embeddable":true,"href":"https:\/\/www.europesays.com\/pl\/wp-json\/wp\/v2\/tags?post=152952"}],"curies":[{"name":"wp","href":"https:\/\/api.w.org\/{rel}","templated":true}]}}