{"id":152958,"date":"2025-12-15T22:16:14","date_gmt":"2025-12-15T22:16:14","guid":{"rendered":"https:\/\/www.europesays.com\/pl\/152958\/"},"modified":"2025-12-15T22:16:14","modified_gmt":"2025-12-15T22:16:14","slug":"czeka-nas-pokoj-i-nowy-porzadek-tusk-bede-pytac-o-gwarancje-dla-polski","status":"publish","type":"post","link":"https:\/\/www.europesays.com\/pl\/152958\/","title":{"rendered":"Czeka nas pok\u00f3j i nowy porz\u0105dek? Tusk: B\u0119d\u0119 pyta\u0107 o gwarancje dla Polski"},"content":{"rendered":"<p>2025-12-15 17:09<\/p>\n<p>publikacja<br \/>2025-12-15 17:09<\/p>\n<p>Podziel si\u0119<\/p>\n<p>Premier Donald Tusk poinformowa\u0142, \u017ce podczas rozm\u00f3w z unijnymi przyw\u00f3dcami w Berlinie poruszy kwesti\u0119 konsekwencji ewentualnego pokoju na Ukrainie dla bezpiecze\u0144stwa Polski i innych kraj\u00f3w wschodniej granicy UE oraz NATO. Doprecyzowa\u0142, \u017ce ma na my\u015bli obecno\u015b\u0107 si\u0142 ameryka\u0144skich w regionie.<\/p>\n<p><img decoding=\"async\" class=\"o-graphics-multiobject__inner-blurry-picture-img\" src=\"https:\/\/www.europesays.com\/pl\/wp-content\/uploads\/2025\/12\/20b227b58911aa-948-568-914-55-1974-1184.jpg\" width=\"948\" height=\"568\" alt=\"Czeka nas pok\u00f3j i nowy porz\u0105dek? Tusk: B\u0119d\u0119 pyta\u0107 o gwarancje dla Polski\" loading=\"lazy\"\/><img decoding=\"async\" class=\"o-graphics-multiobject__item webfeedsFeaturedVisual\" src=\"https:\/\/www.europesays.com\/pl\/wp-content\/uploads\/2025\/12\/20b227b58911aa-948-568-914-55-1974-1184.jpg\" width=\"948\" height=\"568\" alt=\"Czeka nas pok\u00f3j i nowy porz\u0105dek? Tusk: B\u0119d\u0119 pyta\u0107 o gwarancje dla Polski\" loading=\"lazy\"\/>fot. Stefan Rousseau \/ PA Images \/ Forum \/ \/\u00a0FORUM  <\/p>\n<p>Szef polskiego rz\u0105du we\u017amie udzia\u0142 w poniedzia\u0142ek w Berlinie w spotkaniu przyw\u00f3dc\u00f3w unijnych z prezydentem Ukrainy Wo\u0142odymyrem Ze\u0142enskim. Wcze\u015bniej Ze\u0142enski rozmawia\u0142 w niemieckiej stolicy z wys\u0142annikami USA: Stevem Witkoffem i Jaredem Kushnerem, kt\u00f3rzy odgrywaj\u0105 obecnie kluczow\u0105 rol\u0119 w negocjacjach mi\u0119dzy Ukrain\u0105, Rosj\u0105 i USA ws. ewentualnego pokoju.<\/p>\n<p>Przed wylotem do Berlina Tusk zapowiedzia\u0142, \u017ce podczas spotkania b\u0119dzie pyta\u0142 o to, \u201ena ile ewentualne perspektywy pokoju czy rozejmu w Ukrainie b\u0119d\u0105 wi\u0105za\u0107 si\u0119 z wi\u0119ksz\u0105, mniejsz\u0105 czy tak\u0105 sam\u0105 obecno\u015bci\u0105 Amerykan\u00f3w, je\u015bli chodzi o te fizyczne gwarancje ju\u017c nie tylko dla Ukrainy, ale przede wszystkim dla Polski i innych pa\u0144stw przy wschodniej granicy Unii Europejskiej i NATO\u201d.  &#8211; Sam jestem ciekawy, jaka b\u0119dzie odpowied\u017a &#8211; doda\u0142 premier.<\/p>\n<p>Podkre\u015bli\u0142, \u017ce ze strony ameryka\u0144skiej Polska otrzymuje sygna\u0142y, \u017ce Waszyngton traktuje Polsk\u0119 jako najpowa\u017cniejszego sojusznika w tej cz\u0119\u015bci \u015bwiata i \u017ce nie ma mowy o zmniejszeniu zabezpiecze\u0144 ameryka\u0144skich. &#8211; Zobaczymy, jak to b\u0119dzie wygl\u0105da\u0142o w praktyce \u2013 powiedzia\u0142 Tusk.<\/p>\n<p>Wskaza\u0142, \u017ce Polska jest lojalnym sojusznikami Stan\u00f3w Zjednoczonych, bez wzgl\u0119du na to, kto sprawuje rz\u0105dy. Zaznaczy\u0142, \u017ce rz\u0105d robi wszystko, by obecno\u015b\u0107 si\u0142 ameryka\u0144skich by\u0142a w naszym kraju wi\u0119ksza, a nie mniejsza.<\/p>\n<p>W niedziel\u0119 w Berlinie odby\u0142a si\u0119 pierwsza cz\u0119\u015b\u0107 negocjacji delegacji Ukrainy i Stan\u00f3w Zjednoczonych ws. zawieszenia broni w Ukrainie. W poniedzia\u0142ek rano rozmowy by\u0142y kontynuowane. Wieczorem do Ze\u0142enskiego oraz kanclerza Friedricha Merza do\u0142\u0105czy\u0107 maj\u0105, m.in. premier Tusk, prezydent Francji Emmanuel Macron, premier Wielkiej Brytanii Keir Starmer, szefowa rz\u0105du W\u0142och Giorgia Meloni oraz prezydent Finlandii Alexander Stubb. Uni\u0119 Europejsk\u0105 reprezentowa\u0107 b\u0119dzie m.in. przewodnicz\u0105ca Komisji Europejskiej Ursula von der Leyen, a NATO &#8211; sekretarz generalny Sojuszu Mark Rutte.<\/p>\n<p>Na rozmowy europejskich przyw\u00f3dc\u00f3w z Ze\u0142enskim zosta\u0142a zaproszona ameryka\u0144ska delegacja.<\/p>\n<p>Zanim Berlin, to wschodnia flanka. Tusk: Polska staje si\u0119 filarem\u00a0<\/p>\n<p>Sojusz obejmuj\u0105cy Skandynaw\u00f3w, Ba\u0142t\u00f3w i Polsk\u0119 przynosi powa\u017cne efekty; jeste\u015bmy filarem tego formatu &#8211; powiedzia\u0142 premier Donald Tusk na dzie\u0144 przed pierwszym w historii szczytem kraj\u00f3w wschodniej flanki NATO w Helsinkach.<\/p>\n<p>Tusk o szczyt w Helsinkach pytany by\u0142 w poniedzia\u0142ek we Wroc\u0142awiu, przed odlotem do Berlina na spotkanie przyw\u00f3dc\u00f3w Francji, Wielkiej Brytanii, Niemiec, Holandii i W\u0142och z prezydentem Ukrainy, po\u015bwi\u0119conym kwestii zawieszenia broni na Ukrainie.<\/p>\n<p style=\"padding-left: 30px;\">&#8211; Jak pa\u0144stwo wiecie, od pocz\u0105tku mojej kadencji du\u017c\u0105 wag\u0119 przywi\u0105zywa\u0142em do nawi\u0105zania \u015bci\u015blejszych &#8211; je\u015bli chodzi o kwestie militarne, wsp\u00f3\u0142pracy na Ba\u0142tyku, generalnie bezpiecze\u0144stwa flanki wschodniej &#8211; (relacji &#8211; PAP) z naszymi partnerami skandynawskimi i ba\u0142tyckimi &#8211; powiedzia\u0142 Tusk. Zaznaczy\u0142, \u017ce na szczycie pierwszy raz pojawi\u0105 si\u0119 r\u00f3wnie\u017c przedstawiciele Rumunii.<\/p>\n<p>Premier podkre\u015bli\u0142, \u017ce ten \u201ebardzo \u015bcis\u0142y sojusz, kt\u00f3ry obejmuje zar\u00f3wno Skandynaw\u00f3w, Ba\u0142t\u00f3w i Polsk\u0119\u201d jest jego najwa\u017cniejszym osi\u0105gni\u0119ciem, je\u017celi chodzi o polityk\u0119 regionaln\u0105, a Polska sta\u0142a si\u0119 \u201efilarem tego formatu\u201d. &#8211; Wi\u0105\u017ce z tym naprawd\u0119 du\u017co nadziei &#8211; doda\u0142.<\/p>\n<p>Pierwszy w historii szczyt kraj\u00f3w flanki wschodniej Unii Europejskiej odb\u0119dzie si\u0119 w Helsinkach 16 grudnia; b\u0119dzie po\u015bwi\u0119cony zagro\u017ceniom dla bezpiecze\u0144stwa Europy i gotowo\u015bci obronnej, zw\u0142aszcza na granicy z Rosj\u0105 &#8211; poinformowa\u0142a w poniedzia\u0142ek kancelaria rz\u0105du Finlandii.<\/p>\n<p>Fi\u0144skie w\u0142adze zaprosi\u0142y do Helsinek przedstawicieli w\u0142adz siedmiu pa\u0144stw UE s\u0105siaduj\u0105cych z Rosj\u0105: z kraj\u00f3w ba\u0142tyckich \u2013 premiera Estonii Kristena Michala, premierk\u0119 \u0141otwy Evik\u0119 Silin\u0119 i prezydenta Litwy Gitanasa Naused\u0119, a tak\u017ce premier\u00f3w: Polski &#8211; Donalda Tuska, Szwecji &#8211; Ulfa Kristerssona i Bu\u0142garii &#8211; Rosena \u017belazkowa, oraz prezydenta Rumunii Nicusora Dana.<\/p>\n<p>Tematem rozm\u00f3w lider\u00f3w regionu b\u0119dzie nieustaj\u0105ce zagro\u017cenie stwarzane przez Rosj\u0119, a tak\u017ce potrzeby reagowania na nie poprzez wi\u0119ksze zaanga\u017cowanie wsp\u00f3lnoty europejskiej i instytucje unijne w inwestycje obronne na wschodniej flance. (PAP)<\/p>\n<p>sza\/ rbk\/ kmz\/ sdd\/<\/p>\n","protected":false},"excerpt":{"rendered":"2025-12-15 17:09 publikacja2025-12-15 17:09 Podziel si\u0119 Premier Donald Tusk poinformowa\u0142, \u017ce podczas rozm\u00f3w z unijnymi przyw\u00f3dcami w Berlinie&hellip;\n","protected":false},"author":2,"featured_media":152959,"comment_status":"","ping_status":"","sticky":false,"template":"","format":"standard","meta":{"footnotes":""},"categories":[14],"tags":[32,33,27,34,35,28,31,25,40,41,80,29,30,26,82,83,84],"class_list":{"0":"post-152958","1":"post","2":"type-post","3":"status-publish","4":"format-standard","5":"has-post-thumbnail","7":"category-swiat","8":"tag-breaking-news","9":"tag-breakingnews","10":"tag-headlines","11":"tag-latest-news","12":"tag-latestnews","13":"tag-naglowki","14":"tag-najwazniejsze-artykuly","15":"tag-news","16":"tag-polish","17":"tag-polski","18":"tag-swiat","19":"tag-top-stories","20":"tag-topstories","21":"tag-wiadomosci","22":"tag-world","23":"tag-world-news","24":"tag-worldnews"},"share_on_mastodon":{"url":"https:\/\/pubeurope.com\/@pl\/115725899601488870","error":""},"_links":{"self":[{"href":"https:\/\/www.europesays.com\/pl\/wp-json\/wp\/v2\/posts\/152958","targetHints":{"allow":["GET"]}}],"collection":[{"href":"https:\/\/www.europesays.com\/pl\/wp-json\/wp\/v2\/posts"}],"about":[{"href":"https:\/\/www.europesays.com\/pl\/wp-json\/wp\/v2\/types\/post"}],"author":[{"embeddable":true,"href":"https:\/\/www.europesays.com\/pl\/wp-json\/wp\/v2\/users\/2"}],"replies":[{"embeddable":true,"href":"https:\/\/www.europesays.com\/pl\/wp-json\/wp\/v2\/comments?post=152958"}],"version-history":[{"count":0,"href":"https:\/\/www.europesays.com\/pl\/wp-json\/wp\/v2\/posts\/152958\/revisions"}],"wp:featuredmedia":[{"embeddable":true,"href":"https:\/\/www.europesays.com\/pl\/wp-json\/wp\/v2\/media\/152959"}],"wp:attachment":[{"href":"https:\/\/www.europesays.com\/pl\/wp-json\/wp\/v2\/media?parent=152958"}],"wp:term":[{"taxonomy":"category","embeddable":true,"href":"https:\/\/www.europesays.com\/pl\/wp-json\/wp\/v2\/categories?post=152958"},{"taxonomy":"post_tag","embeddable":true,"href":"https:\/\/www.europesays.com\/pl\/wp-json\/wp\/v2\/tags?post=152958"}],"curies":[{"name":"wp","href":"https:\/\/api.w.org\/{rel}","templated":true}]}}